{"id":51953,"date":"2023-08-28T23:30:16","date_gmt":"2023-08-28T23:30:16","guid":{"rendered":"https:\/\/blog.corretoraideal.com.br\/?p=51953"},"modified":"2023-08-28T23:30:16","modified_gmt":"2023-08-28T23:30:16","slug":"brasil-e-argentina-chegam-a-acordo-de-us-600-milhoes-para-financiamento-de-exportacoes-diz-ministro-argentino-economia-g1","status":"publish","type":"post","link":"https:\/\/blog.corretoraideal.com.br\/index.php\/2023\/08\/28\/brasil-e-argentina-chegam-a-acordo-de-us-600-milhoes-para-financiamento-de-exportacoes-diz-ministro-argentino-economia-g1\/","title":{"rendered":"Brasil e Argentina chegam a acordo de US$ 600 milh\u00f5es para financiamento de exporta\u00e7\u00f5es, diz ministro argentino | Economia | G1"},"content":{"rendered":"\n<p> O ministro da Economia da Argentina, Sergio Massa, em visita ao Brasil, informou nesta segunda-feira (28) que os dois pa\u00edses chegaram a um acordo de US$ 600 milh\u00f5es para financiar exporta\u00e7\u00f5es brasileiras para o pa\u00eds vizinho. <\/p>\n<p> Massa deu a declara\u00e7\u00e3o no Pal\u00e1cio do Planalto, ao lado do ministro <a class href=\"https:\/\/g1.globo.com\/politica\/politico\/fernando-haddad\/\">Fernando Haddad<\/a> (Fazenda), ap\u00f3s uma reuni\u00e3o com o presidente Luiz In\u00e1cio <a class href=\"https:\/\/g1.globo.com\/politica\/politico\/lula\/\">Lula<\/a> da Silva. <\/p>\n<p> Um acordo entre Argentina e Brasil para garantir a continuidade de exporta\u00e7\u00f5es j\u00e1 vinha sendo trabalhado entre os dois pa\u00edses. A Argentina passa por uma s\u00e9ria crise financeira e escassez de d\u00f3lares, o que dificulta a compra dos produtos brasileiros. <\/p>\n<p> O mecanismo para garantir as compras, de acordo com Massa, envolve coopera\u00e7\u00e3o entre o Banco do Brasil, o Banco Nacional de Desenvolvimento Econ\u00f4mico e Social (BNDES) e o Banco de Desenvolvimento da Am\u00e9rica Latina e Caribe (CAF). <\/p>\n<p> Segundo Haddad, a ideia \u00e9, quando o exportador brasileiro vender para a Argentina, ser pago pelos BB, que receber\u00e1 a garantia do CAF. <\/p>\n<p> Vai valer, por exemplo, para exporta\u00e7\u00e3o de alimentos e de pe\u00e7as de carro. <\/p>\n<p> &quot;O Banco do Brasil vai garantir as exporta\u00e7\u00f5es brasileiras, o CAF vai garantir o Banco do Brasil. Como disse o ministro, quando voc\u00ea exporta autope\u00e7as para a Argentina, voc\u00ea garante divisas para a Argentina. Foi uma maneira que a CAF encontrou para restabelecer o fluxo comercial sem a Argentina abrir m\u00e3o de reservas em yuan&quot;, afirmou o ministro da Fazenda brasileiro. <\/p>\n<p> O CAF, segundo os ministros, deu aval para a ideia da opera\u00e7\u00e3o. Os pa\u00edses v\u00e3o se reunir em 14 de setembro com o CAF para providenciar os documentos. <\/p>\n<p>                   <img loading=\"lazy\" decoding=\"async\" class=\"aligncenter size-full wp-image-51955\" src=\"https:\/\/blog.corretoraideal.com.br\/wp-content\/uploads\/2023\/08\/lula-volta-a-defender-moeda-unica-e-mais-credito-pra-exportacoes-brasileiras-a-argentina.jpeg\" alt=\"Lula volta a defender moeda \u00fanica e mais cr\u00e9dito pra exporta\u00e7\u00f5es brasileiras \u00e0 Argentina\" width=\"800\" height=\"400\" \/>      <\/p>\n<p> Lula volta a defender moeda \u00fanica e mais cr\u00e9dito pra exporta\u00e7\u00f5es brasileiras \u00e0 Argentina <\/p>\n<p><h2>Frota fluvial<\/h2>\n<\/p>\n<p> O ministro argentino afirmou tamb\u00e9m que os governos brasileiros retomaram as conversas para aumentar as trocas fluviais entre os pa\u00edses, que segundo ele, foi interrompido durante o governo do ex-presidente Jair Bolsonaro (PL). <\/p>\n<p> \u201cRetomamos a iniciativa conjunta Brasil-Argentina de levar adiante a constru\u00e7\u00e3o de nossas frotas fluviais, nossa marinha mercante fluvial, um processo que Brasil e Argentina haviam constru\u00eddo ao longo de 20 anos que havia sido interrompido no governo Bolsonaro por decis\u00e3o do Brasil de n\u00e3o renovar o acordo\u201d, afirmou. <\/p>\n<p> Massa tamb\u00e9m disse que o convite do Brics para que a Argentina integra o bloco formado por pa\u00edses em desenvolvimento foi um &quot;enorme passo&quot;. <\/p>\n<p> &quot;Enorme passo que demos regionalmente com a incorpora\u00e7\u00e3o, o convite, para a Argentina se integrar ao Brics por parte dos pa\u00edses fundadores. Uma proposta e uma iniciativa que Lula levou adiante. Voc\u00eas viram no Brasil, na Argentina tamb\u00e9m est\u00e1 tendo muito impacto&quot;, declarou. <\/p>\n<ul>\n<li> <a href=\"https:\/\/g1.globo.com\/politica\/politico\/fernando-haddad\/\" class=\"entities__list-itemLink\" data-track-click=\"Fernando Haddad\"> Fernando Haddad <\/a> <\/li>\n<li> <a href=\"https:\/\/g1.globo.com\/politica\/politico\/lula\/\" class=\"entities__list-itemLink\" data-track-click=\"Lula\"> Lula <\/a> <\/li>\n<\/ul>\n","protected":false},"excerpt":{"rendered":"<p>O ministro da Economia da Argentina, Sergio Massa, em visita ao Brasil, informou nesta segunda-feira (28) que os dois pa\u00edses chegaram a um acordo de US$ 600 milh\u00f5es para financiar exporta\u00e7\u00f5es brasileiras para o pa\u00eds vizinho. Massa deu a declara\u00e7\u00e3o no Pal\u00e1cio do Planalto, ao lado do ministro Fernando Haddad (Fazenda), ap\u00f3s uma reuni\u00e3o com [&hellip;]<\/p>\n","protected":false},"author":1,"featured_media":0,"comment_status":"closed","ping_status":"closed","sticky":false,"template":"","format":"standard","meta":{"footnotes":""},"categories":[],"tags":[],"class_list":["post-51953","post","type-post","status-publish","format-standard","hentry"],"_links":{"self":[{"href":"https:\/\/blog.corretoraideal.com.br\/index.php\/wp-json\/wp\/v2\/posts\/51953","targetHints":{"allow":["GET"]}}],"collection":[{"href":"https:\/\/blog.corretoraideal.com.br\/index.php\/wp-json\/wp\/v2\/posts"}],"about":[{"href":"https:\/\/blog.corretoraideal.com.br\/index.php\/wp-json\/wp\/v2\/types\/post"}],"author":[{"embeddable":true,"href":"https:\/\/blog.corretoraideal.com.br\/index.php\/wp-json\/wp\/v2\/users\/1"}],"replies":[{"embeddable":true,"href":"https:\/\/blog.corretoraideal.com.br\/index.php\/wp-json\/wp\/v2\/comments?post=51953"}],"version-history":[{"count":1,"href":"https:\/\/blog.corretoraideal.com.br\/index.php\/wp-json\/wp\/v2\/posts\/51953\/revisions"}],"predecessor-version":[{"id":51956,"href":"https:\/\/blog.corretoraideal.com.br\/index.php\/wp-json\/wp\/v2\/posts\/51953\/revisions\/51956"}],"wp:attachment":[{"href":"https:\/\/blog.corretoraideal.com.br\/index.php\/wp-json\/wp\/v2\/media?parent=51953"}],"wp:term":[{"taxonomy":"category","embeddable":true,"href":"https:\/\/blog.corretoraideal.com.br\/index.php\/wp-json\/wp\/v2\/categories?post=51953"},{"taxonomy":"post_tag","embeddable":true,"href":"https:\/\/blog.corretoraideal.com.br\/index.php\/wp-json\/wp\/v2\/tags?post=51953"}],"curies":[{"name":"wp","href":"https:\/\/api.w.org\/{rel}","templated":true}]}}