{"id":51960,"date":"2023-08-29T02:30:16","date_gmt":"2023-08-29T02:30:16","guid":{"rendered":"https:\/\/blog.corretoraideal.com.br\/?p=51960"},"modified":"2023-08-29T02:30:16","modified_gmt":"2023-08-29T02:30:16","slug":"mae-flagra-abuso-sexual-contra-filho-de-13-anos-em-rio-das-ostras-e-denuncia-amigo-a-policia-regiao-dos-lagos-g1","status":"publish","type":"post","link":"https:\/\/blog.corretoraideal.com.br\/index.php\/2023\/08\/29\/mae-flagra-abuso-sexual-contra-filho-de-13-anos-em-rio-das-ostras-e-denuncia-amigo-a-policia-regiao-dos-lagos-g1\/","title":{"rendered":"M\u00e3e flagra abuso sexual contra filho de 13 anos em Rio das Ostras e denuncia amigo \u00e0 pol\u00edcia | Regi\u00e3o dos Lagos | G1"},"content":{"rendered":"\n<p> Na \u00faltima sexta-feira (25), a Pol\u00edcia Civil de <a class href=\"https:\/\/g1.globo.com\/rj\/regiao-dos-lagos\/cidade\/rio-das-ostras\/\">Rio das Ostras (RJ)<\/a> prendeu um homem suspeito de estupro de vulner\u00e1vel. A m\u00e3e da v\u00edtima, um adolescente de 13 anos, chamou a pol\u00edcia ap\u00f3s flagrar o crime contra o filho. <\/p>\n<p> De acordo com relato dela \u00e0 pol\u00edcia, o homem \u00e9 amigo de confian\u00e7a, com quem costumava deixar o filho, que tem defici\u00eancia intelectual, para trabalhar. <\/p>\n<p> Logo ap\u00f3s ser acionada, a pol\u00edcia montou uma opera\u00e7\u00e3o que levou \u00e0 captura do suspeito. <\/p>\n<p> Ainda segundo a Pol\u00edcia Civil, o jovem revelou aos m\u00e9dicos, durante o exame de corpo de delito no Instituo M\u00e9dico Legal (IML), que havia sido v\u00edtima de abusos sexuais anteriormente e que tinha medo de contar devido a amea\u00e7as feitas pelo agressor. <\/p>\n<p> O suspeito encontra-se detido na casa de cust\u00f3dia em <a class href=\"https:\/\/g1.globo.com\/rj\/norte-fluminense\/cidade\/campos-dos-goytacazes\/\">Campos dos Goytacazes<\/a>, no Norte Fluminense, e ser\u00e1 indiciado por estupro de vulner\u00e1vel. <\/p>\n<ul>\n<li> <a href=\"https:\/\/g1.globo.com\/rj\/norte-fluminense\/cidade\/campos-dos-goytacazes\/\" class=\"entities__list-itemLink\" data-track-click=\"Campos dos Goytacazes\"> Campos dos Goytacazes <\/a> <\/li>\n<li> <a href=\"https:\/\/g1.globo.com\/rj\/regiao-dos-lagos\/cidade\/rio-das-ostras\/\" class=\"entities__list-itemLink\" data-track-click=\"Rio das Ostras\"> Rio das Ostras <\/a> <\/li>\n<\/ul>\n","protected":false},"excerpt":{"rendered":"<p>Na \u00faltima sexta-feira (25), a Pol\u00edcia Civil de Rio das Ostras (RJ) prendeu um homem suspeito de estupro de vulner\u00e1vel. A m\u00e3e da v\u00edtima, um adolescente de 13 anos, chamou a pol\u00edcia ap\u00f3s flagrar o crime contra o filho. De acordo com relato dela \u00e0 pol\u00edcia, o homem \u00e9 amigo de confian\u00e7a, com quem costumava [&hellip;]<\/p>\n","protected":false},"author":1,"featured_media":0,"comment_status":"closed","ping_status":"closed","sticky":false,"template":"","format":"standard","meta":{"footnotes":""},"categories":[],"tags":[],"class_list":["post-51960","post","type-post","status-publish","format-standard","hentry"],"_links":{"self":[{"href":"https:\/\/blog.corretoraideal.com.br\/index.php\/wp-json\/wp\/v2\/posts\/51960","targetHints":{"allow":["GET"]}}],"collection":[{"href":"https:\/\/blog.corretoraideal.com.br\/index.php\/wp-json\/wp\/v2\/posts"}],"about":[{"href":"https:\/\/blog.corretoraideal.com.br\/index.php\/wp-json\/wp\/v2\/types\/post"}],"author":[{"embeddable":true,"href":"https:\/\/blog.corretoraideal.com.br\/index.php\/wp-json\/wp\/v2\/users\/1"}],"replies":[{"embeddable":true,"href":"https:\/\/blog.corretoraideal.com.br\/index.php\/wp-json\/wp\/v2\/comments?post=51960"}],"version-history":[{"count":1,"href":"https:\/\/blog.corretoraideal.com.br\/index.php\/wp-json\/wp\/v2\/posts\/51960\/revisions"}],"predecessor-version":[{"id":51962,"href":"https:\/\/blog.corretoraideal.com.br\/index.php\/wp-json\/wp\/v2\/posts\/51960\/revisions\/51962"}],"wp:attachment":[{"href":"https:\/\/blog.corretoraideal.com.br\/index.php\/wp-json\/wp\/v2\/media?parent=51960"}],"wp:term":[{"taxonomy":"category","embeddable":true,"href":"https:\/\/blog.corretoraideal.com.br\/index.php\/wp-json\/wp\/v2\/categories?post=51960"},{"taxonomy":"post_tag","embeddable":true,"href":"https:\/\/blog.corretoraideal.com.br\/index.php\/wp-json\/wp\/v2\/tags?post=51960"}],"curies":[{"name":"wp","href":"https:\/\/api.w.org\/{rel}","templated":true}]}}