{"id":51963,"date":"2023-08-29T03:29:49","date_gmt":"2023-08-29T03:29:49","guid":{"rendered":"https:\/\/blog.corretoraideal.com.br\/?p=51963"},"modified":"2023-08-29T03:29:49","modified_gmt":"2023-08-29T03:29:49","slug":"deslizamento-de-terra-atinge-rodovia-no-peru-e-travessia-vira-desafio-na-maior-viagem-de-onibus-do-mundo-veja-video-profissao-reporter-g1","status":"publish","type":"post","link":"https:\/\/blog.corretoraideal.com.br\/index.php\/2023\/08\/29\/deslizamento-de-terra-atinge-rodovia-no-peru-e-travessia-vira-desafio-na-maior-viagem-de-onibus-do-mundo-veja-video-profissao-reporter-g1\/","title":{"rendered":"Deslizamento de terra atinge rodovia no Peru e travessia vira desafio na maior viagem de \u00f4nibus do mundo; veja V\u00cdDEO | Profiss\u00e3o Rep\u00f3rter | G1"},"content":{"rendered":"<p>                <img loading=\"lazy\" decoding=\"async\" class=\"aligncenter size-full wp-image-51965\" src=\"https:\/\/blog.corretoraideal.com.br\/wp-content\/uploads\/2023\/08\/deslizamento-de-terra-atinge-rodovia-no-peru-e-travessia-vira-desafio-na-maior-viagem-de-onibus-do-mundo.jpeg\" alt=\"Deslizamento de terra atinge rodovia no Peru e travessia vira desafio na maior viagem de \u00f4nibus do mundo\" width=\"800\" height=\"400\" \/>      <\/p>\n<p> Deslizamento de terra atinge rodovia no Peru e travessia vira desafio na maior viagem de \u00f4nibus do mundo <\/p>\n<p> O <a class href=\"https:\/\/g1.globo.com\/profissao-reporter\/\">Profiss\u00e3o Rep\u00f3rter<\/a> desta ter\u00e7a-feira (8) mostrou o <a class href=\"https:\/\/g1.globo.com\/profissao-reporter\/noticia\/2023\/08\/09\/maior-viagem-de-onibus-do-mundo-dura-seis-dias-e-percorre-mais-de-seis-mil-quilometros-os-detalhes-da-rota-que-sai-do-rio-e-vai-ate-o-peru.ghtml\">roteiro da viagem de \u00f4nibus mais longa do mundo<\/a>: uma rota que come\u00e7a no <a class href=\"https:\/\/g1.globo.com\/rj\/rio-de-janeiro\/cidade\/rio-de-janeiro\/\">Rio de Janeiro<\/a> e vai at\u00e9 Lima, no <a class href=\"https:\/\/g1.globo.com\/tudo-sobre\/peru\/\">Peru<\/a>. Em um momento da viagem, o \u00f4nibus em que estavam os rep\u00f3rteres Andr\u00e9 Neves Sampaio, Nathalia Tavolieri e a rep\u00f3rter cinematogr\u00e1fica Gabi Vila\u00e7a teve que passar por uma via pouco depois de um deslizamento de terra. <\/p>\n<p> O acidente ocorreu entre Maldonado e Cusco, em um povoado chamado Camaroti, formando uma fila de caminh\u00f5es e \u00f4nibus. A regi\u00e3o j\u00e1 \u00e9 conhecida pelo alto \u00edndice de desabamentos de pedras e terra. <\/p>\n<p>\u201cEu sou um motorista, e isso sempre acontece. H\u00e1 dois dias aconteceu a mesma coisa\u201d, disse um homem que aguardava na fila. <\/p>\n<p> O perigo \u00e9 que, enquanto as equipes de seguran\u00e7a limpavam a via, as pedras continuavam caindo de cima do morro. <\/p>\n<p>         1 de 1&#013;Nathalia Tavolieri mostra deslizamento de terra no Peru em trecho da maior viagem de \u00f4nibus do mundo. \u2014 Foto: Reprodu\u00e7\u00e3o\/Profiss\u00e3o Rep\u00f3rter    <\/p>\n<p> Nathalia Tavolieri mostra deslizamento de terra no Peru em trecho da maior viagem de \u00f4nibus do mundo. \u2014 Foto: Reprodu\u00e7\u00e3o\/Profiss\u00e3o Rep\u00f3rter <\/p>\n<p> A <a class href=\"https:\/\/g1.globo.com\/profissao-reporter\/noticia\/2023\/08\/09\/maior-viagem-de-onibus-do-mundo-dura-seis-dias-e-percorre-mais-de-seis-mil-quilometros-os-detalhes-da-rota-que-sai-do-rio-e-vai-ate-o-peru.ghtml\">equipe de reportagem passou seis dias dentro do \u00f4nibus<\/a> \u2013 mais de 120 horas e seis mil quil\u00f4metros percorridos, acompanhados de 40 passageiros. <\/p>\n<p> <strong>LEIA TAMB\u00c9M:<\/strong> <\/p>\n<ul>\n<li><a class href=\"https:\/\/g1.globo.com\/profissao-reporter\/noticia\/2023\/08\/09\/maior-viagem-de-onibus-do-mundo-dura-seis-dias-e-percorre-mais-de-seis-mil-quilometros-os-detalhes-da-rota-que-sai-do-rio-e-vai-ate-o-peru.ghtml\"><strong>Maior viagem de \u00f4nibus do mundo dura seis dias e percorre mais de seis mil quil\u00f4metros: os detalhes da rota que sai do Rio e vai at\u00e9 o Peru<\/strong><\/a><\/li>\n<li><a class href=\"https:\/\/g1.globo.com\/profissao-reporter\/noticia\/2023\/08\/07\/profissao-reporter-visita-machu-picchu-no-peru.ghtml\">Profiss\u00e3o Rep\u00f3rter visita Machu Picchu, no Peru<\/a><\/li>\n<\/ul>\n<p><h2>Veja o programa completa abaixo:<\/h2>\n<\/p>\n<p>                   <img loading=\"lazy\" decoding=\"async\" class=\"aligncenter size-full wp-image-51966\" src=\"https:\/\/blog.corretoraideal.com.br\/wp-content\/uploads\/2023\/08\/edicao-de-08-08-2023-4.jpeg\" alt=\"Edi\u00e7\u00e3o de 08\/08\/2023\" width=\"800\" height=\"400\" \/>      <\/p>\n<p> Edi\u00e7\u00e3o de 08\/08\/2023 <\/p>\n<p> <strong>Confira as reportagens do programa:<\/strong> <\/p>\n<p>   <a href=\"https:\/\/g1.globo.com\/profissao-reporter\/playlist\/profissao-reporter-ultimos-videos.ghtml\">    50 v\u00eddeos      <\/a>   <\/p>\n<ul>\n<li> <a href=\"https:\/\/g1.globo.com\/tudo-sobre\/peru\/\" class=\"entities__list-itemLink\" data-track-click=\"Peru\"> Peru <\/a> <\/li>\n<li> <a href=\"https:\/\/g1.globo.com\/rj\/rio-de-janeiro\/cidade\/rio-de-janeiro\/\" class=\"entities__list-itemLink\" data-track-click=\"Rio de Janeiro\"> Rio de Janeiro <\/a> <\/li>\n<\/ul>\n","protected":false},"excerpt":{"rendered":"<p>Deslizamento de terra atinge rodovia no Peru e travessia vira desafio na maior viagem de \u00f4nibus do mundo O Profiss\u00e3o Rep\u00f3rter desta ter\u00e7a-feira (8) mostrou o roteiro da viagem de \u00f4nibus mais longa do mundo: uma rota que come\u00e7a no Rio de Janeiro e vai at\u00e9 Lima, no Peru. Em um momento da viagem, o [&hellip;]<\/p>\n","protected":false},"author":1,"featured_media":0,"comment_status":"closed","ping_status":"closed","sticky":false,"template":"","format":"standard","meta":{"footnotes":""},"categories":[],"tags":[],"class_list":["post-51963","post","type-post","status-publish","format-standard","hentry"],"_links":{"self":[{"href":"https:\/\/blog.corretoraideal.com.br\/index.php\/wp-json\/wp\/v2\/posts\/51963","targetHints":{"allow":["GET"]}}],"collection":[{"href":"https:\/\/blog.corretoraideal.com.br\/index.php\/wp-json\/wp\/v2\/posts"}],"about":[{"href":"https:\/\/blog.corretoraideal.com.br\/index.php\/wp-json\/wp\/v2\/types\/post"}],"author":[{"embeddable":true,"href":"https:\/\/blog.corretoraideal.com.br\/index.php\/wp-json\/wp\/v2\/users\/1"}],"replies":[{"embeddable":true,"href":"https:\/\/blog.corretoraideal.com.br\/index.php\/wp-json\/wp\/v2\/comments?post=51963"}],"version-history":[{"count":1,"href":"https:\/\/blog.corretoraideal.com.br\/index.php\/wp-json\/wp\/v2\/posts\/51963\/revisions"}],"predecessor-version":[{"id":51967,"href":"https:\/\/blog.corretoraideal.com.br\/index.php\/wp-json\/wp\/v2\/posts\/51963\/revisions\/51967"}],"wp:attachment":[{"href":"https:\/\/blog.corretoraideal.com.br\/index.php\/wp-json\/wp\/v2\/media?parent=51963"}],"wp:term":[{"taxonomy":"category","embeddable":true,"href":"https:\/\/blog.corretoraideal.com.br\/index.php\/wp-json\/wp\/v2\/categories?post=51963"},{"taxonomy":"post_tag","embeddable":true,"href":"https:\/\/blog.corretoraideal.com.br\/index.php\/wp-json\/wp\/v2\/tags?post=51963"}],"curies":[{"name":"wp","href":"https:\/\/api.w.org\/{rel}","templated":true}]}}