{"id":51976,"date":"2023-08-29T07:29:36","date_gmt":"2023-08-29T07:29:36","guid":{"rendered":"https:\/\/blog.corretoraideal.com.br\/?p=51976"},"modified":"2023-08-29T07:29:36","modified_gmt":"2023-08-29T07:29:36","slug":"funcionarios-de-shopping-em-campos-sao-levados-a-delegacia-apos-briga-norte-fluminense-g1","status":"publish","type":"post","link":"https:\/\/blog.corretoraideal.com.br\/index.php\/2023\/08\/29\/funcionarios-de-shopping-em-campos-sao-levados-a-delegacia-apos-briga-norte-fluminense-g1\/","title":{"rendered":"Funcion\u00e1rios de shopping em Campos s\u00e3o levados \u00e0 delegacia ap\u00f3s briga | Norte Fluminense | G1"},"content":{"rendered":"<p>                <img loading=\"lazy\" decoding=\"async\" class=\"aligncenter size-full wp-image-51978\" src=\"https:\/\/blog.corretoraideal.com.br\/wp-content\/uploads\/2023\/08\/video-de-briga-entre-funcionarios-dentro-de-shopping-em-campos-circulou-nas-redes-sociais.jpeg\" alt=\"V\u00eddeo de briga entre funcion\u00e1rios dentro de shopping, em Campos, circulou nas redes sociais\" width=\"800\" height=\"400\" \/>      <\/p>\n<p> V\u00eddeo de briga entre funcion\u00e1rios dentro de shopping, em Campos, circulou nas redes sociais <\/p>\n<p> Dois funcion\u00e1rios de um shopping em <a class href=\"https:\/\/g1.globo.com\/rj\/norte-fluminense\/cidade\/campos-dos-goytacazes\/\">Campos Dos Goytacazes<\/a>, no Norte Fluminense, foram levados por um policial militar para a Delegacia de Atendimento \u00e0 Mulher (Deam) nesta quarta-feira (16) ap\u00f3s uma briga. <\/p>\n<p> Pessoas que estavam no local gravaram um v\u00eddeo da confus\u00e3o<strong> (veja acima)<\/strong>. <\/p>\n<p> Ainda segundo a Deam, a mulher envolvida na briga relatou que foi agredida por outro funcion\u00e1rio do shopping. <\/p>\n<p> A pol\u00edcia ainda n\u00e3o sabe a motiva\u00e7\u00e3o das agress\u00f5es, isso porque cada um deu uma vers\u00e3o diferente sobre o fato, e tamb\u00e9m n\u00e3o quiseram continuar com o registro do boletim de ocorr\u00eancia. <\/p>\n<p> Os funcion\u00e1rios passaram por exames de corpo de delito e foram liberados. <\/p>\n<p> Em nota, o shopping informou que a equipe de seguran\u00e7a do local atuou e controlou a situa\u00e7\u00e3o. A administra\u00e7\u00e3o segue \u00e0 disposi\u00e7\u00e3o da pol\u00edcia para auxiliar no esclarecimento do caso. <\/p>\n<ul>\n<li> <a href=\"https:\/\/g1.globo.com\/rj\/norte-fluminense\/cidade\/campos-dos-goytacazes\/\" class=\"entities__list-itemLink\" data-track-click=\"Campos dos Goytacazes\"> Campos dos Goytacazes <\/a> <\/li>\n<\/ul>\n","protected":false},"excerpt":{"rendered":"<p>V\u00eddeo de briga entre funcion\u00e1rios dentro de shopping, em Campos, circulou nas redes sociais Dois funcion\u00e1rios de um shopping em Campos Dos Goytacazes, no Norte Fluminense, foram levados por um policial militar para a Delegacia de Atendimento \u00e0 Mulher (Deam) nesta quarta-feira (16) ap\u00f3s uma briga. Pessoas que estavam no local gravaram um v\u00eddeo da [&hellip;]<\/p>\n","protected":false},"author":1,"featured_media":0,"comment_status":"closed","ping_status":"closed","sticky":false,"template":"","format":"standard","meta":{"footnotes":""},"categories":[],"tags":[],"class_list":["post-51976","post","type-post","status-publish","format-standard","hentry"],"_links":{"self":[{"href":"https:\/\/blog.corretoraideal.com.br\/index.php\/wp-json\/wp\/v2\/posts\/51976","targetHints":{"allow":["GET"]}}],"collection":[{"href":"https:\/\/blog.corretoraideal.com.br\/index.php\/wp-json\/wp\/v2\/posts"}],"about":[{"href":"https:\/\/blog.corretoraideal.com.br\/index.php\/wp-json\/wp\/v2\/types\/post"}],"author":[{"embeddable":true,"href":"https:\/\/blog.corretoraideal.com.br\/index.php\/wp-json\/wp\/v2\/users\/1"}],"replies":[{"embeddable":true,"href":"https:\/\/blog.corretoraideal.com.br\/index.php\/wp-json\/wp\/v2\/comments?post=51976"}],"version-history":[{"count":1,"href":"https:\/\/blog.corretoraideal.com.br\/index.php\/wp-json\/wp\/v2\/posts\/51976\/revisions"}],"predecessor-version":[{"id":51979,"href":"https:\/\/blog.corretoraideal.com.br\/index.php\/wp-json\/wp\/v2\/posts\/51976\/revisions\/51979"}],"wp:attachment":[{"href":"https:\/\/blog.corretoraideal.com.br\/index.php\/wp-json\/wp\/v2\/media?parent=51976"}],"wp:term":[{"taxonomy":"category","embeddable":true,"href":"https:\/\/blog.corretoraideal.com.br\/index.php\/wp-json\/wp\/v2\/categories?post=51976"},{"taxonomy":"post_tag","embeddable":true,"href":"https:\/\/blog.corretoraideal.com.br\/index.php\/wp-json\/wp\/v2\/tags?post=51976"}],"curies":[{"name":"wp","href":"https:\/\/api.w.org\/{rel}","templated":true}]}}