{"id":51980,"date":"2023-08-29T08:34:04","date_gmt":"2023-08-29T08:34:04","guid":{"rendered":"https:\/\/blog.corretoraideal.com.br\/?p=51980"},"modified":"2023-08-29T08:34:04","modified_gmt":"2023-08-29T08:34:04","slug":"maior-viagem-de-onibus-do-mundo-dura-seis-dias-e-percorre-mais-de-seis-mil-quilometros-os-detalhes-da-rota-que-sai-do-rio-e-vai-ate-o-peru-profissao-reporter-g1","status":"publish","type":"post","link":"https:\/\/blog.corretoraideal.com.br\/index.php\/2023\/08\/29\/maior-viagem-de-onibus-do-mundo-dura-seis-dias-e-percorre-mais-de-seis-mil-quilometros-os-detalhes-da-rota-que-sai-do-rio-e-vai-ate-o-peru-profissao-reporter-g1\/","title":{"rendered":"Maior viagem de \u00f4nibus do mundo dura seis dias e percorre mais de seis mil quil\u00f4metros: os detalhes da rota que sai do Rio e vai at\u00e9 o Peru | Profiss\u00e3o Rep\u00f3rter | G1"},"content":{"rendered":"<p>      1 de 1&#013;Maior viagem de \u00f4nibus do mundo vai do Rio de Janeiro a Lima, no Peru. \u2014 Foto: TV Globo\/Reprodu\u00e7\u00e3o    <\/p>\n<p> Maior viagem de \u00f4nibus do mundo vai do Rio de Janeiro a Lima, no Peru. \u2014 Foto: TV Globo\/Reprodu\u00e7\u00e3o <\/p>\n<p> O <a class href=\"https:\/\/g1.globo.com\/profissao-reporter\/\">Profiss\u00e3o Rep\u00f3rter<\/a> desta ter\u00e7a-feira (8) cruzou o continente, do oceano Atl\u00e2ntico at\u00e9 o Pac\u00edfico, e embarcou na <strong>mais longa viagem de \u00f4nibus<\/strong>: percorreu uma rota que come\u00e7a no estado do <a class href=\"https:\/\/g1.globo.com\/rj\/rio-de-janeiro\/cidade\/rio-de-janeiro\/\">Rio de Janeiro<\/a> e passa por <a class href=\"https:\/\/g1.globo.com\/sp\/sao-paulo\/cidade\/sao-paulo\/\">S\u00e3o Paulo<\/a>, Mato Grosso do Sul, Mato Grosso, Rond\u00f4nia e Acre at\u00e9 chegar \u00e0 fronteira com o Peru. Depois, a viagem segue pela Amaz\u00f4nia peruana, cruza a cordilheira dos Andes e pega a estrada transoce\u00e2nica at\u00e9 <a class href=\"http:\/\/g1.globo.com\/mundo\/peru\/cidade\/lima.html\">Lima<\/a>. <\/p>\n<p> Ao todo, foram seis dias em um \u00f4nibus, mais de 120 horas e seis mil quil\u00f4metros percorridos. E com uma amplitude t\u00e9rmica que variou dos 40 graus at\u00e9 zero grau. Os rep\u00f3rteres Andr\u00e9 Neves Sampaio, Nathalia Tavolieri e a rep\u00f3rter cinematogr\u00e1fica Gabi Vila\u00e7a embarcaram com mais 40 passageiros.  <\/p>\n<p><h2>?? Ponto de partida: Rio de Janeiro, Brasil<\/h2>\n<\/p>\n<p> O trajeto da maior rota de \u00f4nibus do mundo parte do Rio de Janeiro, na costa atl\u00e2ntica da Am\u00e9rica do Sul e chega \u00e0 costa do Pac\u00edfico, em Lima. Com a temperatura na casa dos 40 \u00b0C, a equipe do Profiss\u00e3o Rep\u00f3rter embarca no \u00f4nibus de dois andares da companhia Transacreana. Veja alguns dados da viagem: <\/p>\n<p> ?\ufe0f <strong>Pre\u00e7o da passagem:<\/strong> Aproximadamente R$ 1 mil;?\ufe0f <strong>Dist\u00e2ncia:<\/strong> mais de 6 mil quil\u00f4metros;\u23f1\ufe0f<strong>Tempo de viagem:<\/strong> 120 horas (cerca de seis dias);?<strong>Fronteiras: <\/strong>6 estados brasileiros e 2 pa\u00edses;??\u200d\u2708\ufe0f<strong>Condutores: <\/strong>3 motoristas. <\/p>\n<p> Os primeiros passageiros saem da capital fluminense e enfrentam o primeiro trecho da viagem at\u00e9 a cidade de S\u00e3o Paulo, mas muito deles chegam de outras partes do pa\u00eds, como o policial civil Alberto Alves e o filho, Arthur, de Sergipe, e a psic\u00f3loga Maria dos Prazeres, que veio do Recife com o marido, Jos\u00e9 Marcos. <\/p>\n<p>                   <img loading=\"lazy\" decoding=\"async\" class=\"aligncenter size-full wp-image-51982\" src=\"https:\/\/blog.corretoraideal.com.br\/wp-content\/uploads\/2023\/08\/equipe-do-profissao-reporte-sai-do-rio-de-janeiro-para-o-peru-na-maior-viagem-de-onibus-do-mundo-1.jpeg\" alt=\"Equipe do Profiss\u00e3o Rep\u00f3rte sai do Rio de Janeiro para o Peru na maior viagem de \u00f4nibus do mundo\" width=\"800\" height=\"400\" \/>      <\/p>\n<p> Equipe do Profiss\u00e3o Rep\u00f3rte sai do Rio de Janeiro para o Peru na maior viagem de \u00f4nibus do mundo <\/p>\n<p><h2>?? 1\u00aa Parada: S\u00e3o Paulo, Brasil<\/h2>\n<\/p>\n<p> A aposentada Eliana Mendes conta que j\u00e1 fez a viagem antes e, agora, aproveita para levar o marido. J\u00e1 o empres\u00e1rio Benedito Lopes da Silva vai sozinho para realizar o sonho, enquanto o lutador de boxe Jo\u00e3o Vitor vai encarar a viagem para tentar a sorte no esporte. <\/p>\n<p>                   <img loading=\"lazy\" decoding=\"async\" class=\"aligncenter size-full wp-image-51983\" src=\"https:\/\/blog.corretoraideal.com.br\/wp-content\/uploads\/2023\/08\/maior-viagem-de-onibus-do-mundo-primeira-parada-em-sao-paulo.jpeg\" alt=\"Maior viagem de \u00f4nibus do mundo: primeira parada em S\u00e3o Paulo\" width=\"800\" height=\"400\" \/>      <\/p>\n<p> Maior viagem de \u00f4nibus do mundo: primeira parada em S\u00e3o Paulo <\/p>\n<p><h2>?? 2\u00aa Parada: Mato Grosso do Sul, Brasil<\/h2>\n<\/p>\n<p> De S\u00e3o Paulo, o \u00f4nibus segue para Mato Grosso do Sul no segundo de viagem. Na parada para o almo\u00e7o, os passageiros podem saborear os pratos de uma churrascaria. Enquanto isso, o motorista que n\u00e3o est\u00e1 dirigindo aproveita tamb\u00e9m para descansar: o ve\u00edculo possui at\u00e9 cama para os profissionais. <\/p>\n<p> ?? Pelas estradas, a paisagem permanece praticamente a mesma: lavouras e mais lavouras de soja e milho. Dentro do \u00f4nibus, a noite cai e os passageiros aproveitam para cantar e confraternizar. <\/p>\n<p>                   <img loading=\"lazy\" decoding=\"async\" class=\"aligncenter size-full wp-image-51984\" src=\"https:\/\/blog.corretoraideal.com.br\/wp-content\/uploads\/2023\/08\/maior-viagem-de-onibus-do-mundo-veja-a-passagem-por-mato-grosso-do-sul.jpeg\" alt=\"Maior viagem de \u00f4nibus do mundo: veja a passagem por Mato Grosso do Sul\" width=\"800\" height=\"400\" \/>      <\/p>\n<p> Maior viagem de \u00f4nibus do mundo: veja a passagem por Mato Grosso do Sul <\/p>\n<p><h2>?? 3\u00ba Parada: Mato Grosso, Brasil<\/h2>\n<\/p>\n<p> O terceiro dia de viagem come\u00e7a com o \u00f4nibus j\u00e1 no estado de Mato Grosso. Dentro do ve\u00edculo, uma TV come\u00e7a a passar, esporadicamente, filmes para entreter os passageiros. No entanto, como o som \u00e9 ambiente, a \u00fanica op\u00e7\u00e3o \u00e9 ouvir. <\/p>\n<p> ? A programa\u00e7\u00e3o do dia come\u00e7ou com um show da banda brit\u00e2nica Iron Maiden. <\/p>\n<p> Depois de mais 70 horas de viagem e 3 mil quil\u00f4metros rodados, a clausura do \u00f4nibus faz o tempo passar mais devagar. <\/p>\n<p>                   <img loading=\"lazy\" decoding=\"async\" class=\"aligncenter size-full wp-image-51985\" src=\"https:\/\/blog.corretoraideal.com.br\/wp-content\/uploads\/2023\/08\/maior-viagem-de-onibus-do-mundo-veja-a-passagem-por-mato-grosso.jpeg\" alt=\"Maior viagem de \u00f4nibus do mundo: veja a passagem por Mato Grosso\" width=\"800\" height=\"400\" \/>      <\/p>\n<p> Maior viagem de \u00f4nibus do mundo: veja a passagem por Mato Grosso <\/p>\n<p><h2>?? 4\u00ba Parada: Rond\u00f4nia, Brasil<\/h2>\n<\/p>\n<p> J\u00e1 no terceiro dia de viagem, os passageiros entram em Rond\u00f4nia e se preparam para a parada do banho.  <\/p>\n<p> ? Um detalhe importante: todo o \u00f4nibus precisa tomar banho em apenas 30 minutos. <\/p>\n<p>                   <img loading=\"lazy\" decoding=\"async\" class=\"aligncenter size-full wp-image-51986\" src=\"https:\/\/blog.corretoraideal.com.br\/wp-content\/uploads\/2023\/08\/maior-viagem-de-onibus-do-mundo-veja-o-trecho-de-rondonia.jpeg\" alt=\"Maior viagem de \u00f4nibus do mundo: veja o trecho de Rond\u00f4nia\" width=\"800\" height=\"400\" \/>      <\/p>\n<p> Maior viagem de \u00f4nibus do mundo: veja o trecho de Rond\u00f4nia <\/p>\n<p><h2>?? 5\u00ba Parada: Acre, Brasil<\/h2>\n<\/p>\n<p> Ao chegar ao \u00faltimo estado brasileiro, no quarto dia de viagem, a viagem ganha um novo desfio: a estrada trepidando. <\/p>\n<p> ? Ap\u00f3s mais de cinco mil quil\u00f4metros rodados, os viajantes chegam a Assis Brasil (AC), j\u00e1 na fronteira com o Peru. Por l\u00e1, \u00e9 obrigat\u00f3rio passar pelo controle de fronteira dos dois pa\u00edses. <\/p>\n<p>                   <img loading=\"lazy\" decoding=\"async\" class=\"aligncenter size-full wp-image-51987\" src=\"https:\/\/blog.corretoraideal.com.br\/wp-content\/uploads\/2023\/08\/maior-viagem-de-onibus-do-mundo-veja-como-e-o-trecho-do-acre.jpeg\" alt=\"Maior viagem de \u00f4nibus do mundo: veja como \u00e9 o trecho do Acre\" width=\"800\" height=\"400\" \/>      <\/p>\n<p> Maior viagem de \u00f4nibus do mundo: veja como \u00e9 o trecho do Acre <\/p>\n<p><h2>\u26a0\ufe0f? Parada n\u00e3o programada: Puerto Maldonado, Peru<\/h2>\n<\/p>\n<p> J\u00e1 em territ\u00f3rio peruano, a equipe do Profiss\u00e3o Rep\u00f3rter e os demais passageiros seguem em dire\u00e7\u00e3o \u00e0 Cordilheira dos Andes. Dessa vez, a noite ser\u00e1 sem nenhuma parada para banho. <\/p>\n<p> <a class href=\"https:\/\/g1.globo.com\/profissao-reporter\/noticia\/2023\/08\/09\/deslizamento-de-terra-atinge-rodovia-no-peru-e-travessia-vira-desafio-na-maior-viagem-de-onibus-do-mundo-veja-video.ghtml\">No meio do caminho, no entanto, um deslizamento de pedras em Puerto Maldonado, no Peru, obrigou o \u00f4nibus a parar para aguardar a limpeza<\/a>. Os ve\u00edculos passam um a um, mesmo com pedras ainda rolando pelo morro. <\/p>\n<p>                   <img loading=\"lazy\" decoding=\"async\" class=\"aligncenter size-full wp-image-51988\" src=\"https:\/\/blog.corretoraideal.com.br\/wp-content\/uploads\/2023\/08\/maior-viagem-de-onibus-do-mundo-veiculo-e-obrigado-a-parar-apos-deslizamento-de-pedras-em-estrada-peruana-2.jpeg\" alt=\"Maior viagem de \u00f4nibus do mundo: ve\u00edculo \u00e9 obrigado a parar ap\u00f3s deslizamento de pedras em estrada peruana\" width=\"800\" height=\"400\" \/>      <\/p>\n<p> Maior viagem de \u00f4nibus do mundo: ve\u00edculo \u00e9 obrigado a parar ap\u00f3s deslizamento de pedras em estrada peruana <\/p>\n<p><h2>?? 6\u00aa Parada: almo\u00e7o antes de Cusco, Peru<\/h2>\n<\/p>\n<p> O \u00f4nibus chega, finalmente, \u00e0 Cordilheira dos Andes. A temperatura despenca de 30 \u00b0C para 0\u00b0C na montanha e o cen\u00e1rio muda completamente. Antes de chegar em Cusco, onde ser\u00e1 feita a primeira descida oficial de passageiros, uma parada para o almo\u00e7o e o card\u00e1pio chama a aten\u00e7\u00e3o dos passageiros. <\/p>\n<p> ?? Arthur, filho do policial Alberto, prova pela primeira vez carne de Lhama, um animal tradicional andino. Tamb\u00e9m tem no card\u00e1pio truta frita e outras iguarias. <\/p>\n<p>                   <img loading=\"lazy\" decoding=\"async\" class=\"aligncenter size-full wp-image-51989\" src=\"https:\/\/blog.corretoraideal.com.br\/wp-content\/uploads\/2023\/08\/maior-viagem-de-onibus-do-mundo-em-parada-para-almoco-passageiros-comem-carne-de-lhama-1.jpeg\" alt=\"Maior viagem de \u00f4nibus do mundo: em parada para almo\u00e7o, passageiros comem carne de lhama\" width=\"800\" height=\"400\" \/>      <\/p>\n<p> Maior viagem de \u00f4nibus do mundo: em parada para almo\u00e7o, passageiros comem carne de lhama <\/p>\n<p><h2>??7\u00aa Parada: Cusco, Peru<\/h2>\n<\/p>\n<p> Na cidade peruana de Cusco, muitos passageiros desembarcam para fazer o tradicional passeio para Machu Picchu. Nathalia Tavolieri e a rep\u00f3rter cinematogr\u00e1fica Gabi Vila\u00e7a ficam nessa parada, enquanto Andr\u00e9 Neves Sampaio segue at\u00e9 Lima. <\/p>\n<p>                   <img loading=\"lazy\" decoding=\"async\" class=\"aligncenter size-full wp-image-51990\" src=\"https:\/\/blog.corretoraideal.com.br\/wp-content\/uploads\/2023\/08\/maior-viagem-de-onibus-do-mundo-parada-de-cusco-no-peru.jpeg\" alt=\"Maior viagem de \u00f4nibus do mundo: parada de Cusco, no Peru\" width=\"800\" height=\"400\" \/>      <\/p>\n<p> Maior viagem de \u00f4nibus do mundo: parada de Cusco, no Peru <\/p>\n<p><h2>?? \u00daltima Parada: Lima, Peru<\/h2>\n<\/p>\n<p> Os mil quil\u00f4metros finais da viagem do Rio de Janeiro at\u00e9 Lima foram os mais demorados. Ap\u00f3s sair de Cusco, o \u00f4nibus enfrentou uma estrada muito sinuosa que exige muita aten\u00e7\u00e3o dos motoristas. <\/p>\n<p>\u201cVoc\u00ea n\u00e3o sabe o que voc\u00ea vai encontrar na pr\u00f3xima curva. \u00c9 preciso buzinar, pois n\u00e3o sabemos o que vem do outro lado\u201d, diz o condutor Fernando Louren\u00e7o da Silva.<\/p>\n<p> O brasileiro Bruno Eduardo \u00e9 um dos passageiros que foram at\u00e9 o final da viagem. O objetivo dele \u00e9 reencontrar a m\u00e3e, que mora em Lima, ap\u00f3s sete anos de dist\u00e2ncia. Veja como foi esse reencontro no v\u00eddeo abaixo. <\/p>\n<p>                   <img loading=\"lazy\" decoding=\"async\" class=\"aligncenter size-full wp-image-51991\" src=\"https:\/\/blog.corretoraideal.com.br\/wp-content\/uploads\/2023\/08\/maior-viagem-de-onibus-do-mundo-apos-120-horas-passageiros-chegam-a-lima-no-peru.jpeg\" alt=\"Maior viagem de \u00f4nibus do mundo: ap\u00f3s 120 horas, passageiros chegam \u00e0 Lima, no Peru\" width=\"800\" height=\"400\" \/>      <\/p>\n<p> Maior viagem de \u00f4nibus do mundo: ap\u00f3s 120 horas, passageiros chegam \u00e0 Lima, no Peru <\/p>\n<p> <strong>Veja a \u00edntegra do programa no v\u00eddeo abaixo:<\/strong> <\/p>\n<p>                   <img loading=\"lazy\" decoding=\"async\" class=\"aligncenter size-full wp-image-51992\" src=\"https:\/\/blog.corretoraideal.com.br\/wp-content\/uploads\/2023\/08\/edicao-de-08-08-2023-5.jpeg\" alt=\"Edi\u00e7\u00e3o de 08\/08\/2023\" width=\"800\" height=\"400\" \/>      <\/p>\n<p> Edi\u00e7\u00e3o de 08\/08\/2023 <\/p>\n<p> <strong>Confira as reportagens do programa:<\/strong> <\/p>\n<p>   <a href=\"https:\/\/g1.globo.com\/profissao-reporter\/playlist\/profissao-reporter-ultimos-videos.ghtml\">    50 v\u00eddeos      <\/a>   <\/p>\n<ul>\n<li> <a href=\"https:\/\/g1.globo.com\/topico\/acre\" class=\"entities__list-itemLink\" data-track-click=\"Acre\"> Acre <\/a> <\/li>\n<li> <a href=\"https:\/\/g1.globo.com\/mundo\/peru\/cidade\/lima.html\" class=\"entities__list-itemLink\" data-track-click=\"Lima\"> Lima <\/a> <\/li>\n<li> <a href=\"https:\/\/g1.globo.com\/topico\/mato-grosso\" class=\"entities__list-itemLink\" data-track-click=\"Mato Grosso\"> Mato Grosso <\/a> <\/li>\n<li> <a href=\"https:\/\/g1.globo.com\/topico\/mato-grosso-do-sul\" class=\"entities__list-itemLink\" data-track-click=\"Mato Grosso do Sul\"> Mato Grosso do Sul <\/a> <\/li>\n<li> <a href=\"https:\/\/g1.globo.com\/rj\/rio-de-janeiro\/cidade\/rio-de-janeiro\/\" class=\"entities__list-itemLink\" data-track-click=\"Rio de Janeiro\"> Rio de Janeiro <\/a> <\/li>\n<li> <a href=\"https:\/\/g1.globo.com\/topico\/rondonia\" class=\"entities__list-itemLink\" data-track-click=\"Rond\u00f4nia\"> Rond\u00f4nia <\/a> <\/li>\n<li> <a href=\"https:\/\/g1.globo.com\/sp\/sao-paulo\/cidade\/sao-paulo\/\" class=\"entities__list-itemLink\" data-track-click=\"S\u00e3o Paulo\"> S\u00e3o Paulo <\/a> <\/li>\n<\/ul>\n","protected":false},"excerpt":{"rendered":"<p>1 de 1&#013;Maior viagem de \u00f4nibus do mundo vai do Rio de Janeiro a Lima, no Peru. \u2014 Foto: TV Globo\/Reprodu\u00e7\u00e3o Maior viagem de \u00f4nibus do mundo vai do Rio de Janeiro a Lima, no Peru. \u2014 Foto: TV Globo\/Reprodu\u00e7\u00e3o O Profiss\u00e3o Rep\u00f3rter desta ter\u00e7a-feira (8) cruzou o continente, do oceano Atl\u00e2ntico at\u00e9 o Pac\u00edfico, [&hellip;]<\/p>\n","protected":false},"author":1,"featured_media":0,"comment_status":"closed","ping_status":"closed","sticky":false,"template":"","format":"standard","meta":{"footnotes":""},"categories":[],"tags":[],"class_list":["post-51980","post","type-post","status-publish","format-standard","hentry"],"_links":{"self":[{"href":"https:\/\/blog.corretoraideal.com.br\/index.php\/wp-json\/wp\/v2\/posts\/51980","targetHints":{"allow":["GET"]}}],"collection":[{"href":"https:\/\/blog.corretoraideal.com.br\/index.php\/wp-json\/wp\/v2\/posts"}],"about":[{"href":"https:\/\/blog.corretoraideal.com.br\/index.php\/wp-json\/wp\/v2\/types\/post"}],"author":[{"embeddable":true,"href":"https:\/\/blog.corretoraideal.com.br\/index.php\/wp-json\/wp\/v2\/users\/1"}],"replies":[{"embeddable":true,"href":"https:\/\/blog.corretoraideal.com.br\/index.php\/wp-json\/wp\/v2\/comments?post=51980"}],"version-history":[{"count":1,"href":"https:\/\/blog.corretoraideal.com.br\/index.php\/wp-json\/wp\/v2\/posts\/51980\/revisions"}],"predecessor-version":[{"id":51993,"href":"https:\/\/blog.corretoraideal.com.br\/index.php\/wp-json\/wp\/v2\/posts\/51980\/revisions\/51993"}],"wp:attachment":[{"href":"https:\/\/blog.corretoraideal.com.br\/index.php\/wp-json\/wp\/v2\/media?parent=51980"}],"wp:term":[{"taxonomy":"category","embeddable":true,"href":"https:\/\/blog.corretoraideal.com.br\/index.php\/wp-json\/wp\/v2\/categories?post=51980"},{"taxonomy":"post_tag","embeddable":true,"href":"https:\/\/blog.corretoraideal.com.br\/index.php\/wp-json\/wp\/v2\/tags?post=51980"}],"curies":[{"name":"wp","href":"https:\/\/api.w.org\/{rel}","templated":true}]}}