{"id":52001,"date":"2023-08-29T12:32:37","date_gmt":"2023-08-29T12:32:37","guid":{"rendered":"https:\/\/blog.corretoraideal.com.br\/?p=52001"},"modified":"2023-08-29T12:32:37","modified_gmt":"2023-08-29T12:32:37","slug":"tradicional-cavalgada-dos-700-cavaleiros-sera-realizada-neste-domingo-em-campos-norte-fluminense-g1","status":"publish","type":"post","link":"https:\/\/blog.corretoraideal.com.br\/index.php\/2023\/08\/29\/tradicional-cavalgada-dos-700-cavaleiros-sera-realizada-neste-domingo-em-campos-norte-fluminense-g1\/","title":{"rendered":"Tradicional Cavalgada dos 700 Cavaleiros ser\u00e1 realizada neste domingo em Campos | Norte Fluminense | G1"},"content":{"rendered":"<p>      1 de 3&#013;Cavalgada dos 700 Cavaleiros, em Campos, chega a 21\u00aa Edi\u00e7\u00e3o na baixada campista \u2014 Foto: Divulga\u00e7\u00e3o    <\/p>\n<p> Cavalgada dos 700 Cavaleiros, em Campos, chega a 21\u00aa Edi\u00e7\u00e3o na baixada campista \u2014 Foto: Divulga\u00e7\u00e3o <\/p>\n<p>               2 de 3&#013;Cavalgada dos 700 Cavaleiros chega a 21\u00aa edi\u00e7\u00e3o neste domingo na baixada campista \u2014 Foto: Divulga\u00e7\u00e3o    <\/p>\n<p> Cavalgada dos 700 Cavaleiros chega a 21\u00aa edi\u00e7\u00e3o neste domingo na baixada campista \u2014 Foto: Divulga\u00e7\u00e3o <\/p>\n<p> Uma das cavalgadas mais tradicionais do estado do Rio de Janeiro est\u00e1 chegando. A 21\u00aa Cavalgada dos 700 Cavaleiros ser\u00e1 realizada neste domingo (20) em <a class href=\"https:\/\/g1.globo.com\/rj\/norte-fluminense\/cidade\/campos-dos-goytacazes\/\">Campos dos Goytacazes<\/a>, no Norte Fluminense. <\/p>\n<p> O caf\u00e9 da manh\u00e3 para os cavaleiros e amazonas ser\u00e1 na Pista de La\u00e7o de Santo Amaro, na baixada campista, \u00e0s 9h, e a sa\u00edda da Cavalgada ser\u00e1 \u00e0s 10h, com destino ao Espa\u00e7o Rural em Mineiros, tamb\u00e9m na baixada. <\/p>\n<p> S\u00e3o aproximadamente 16 km de percurso, com comitivas de cavaleiros e amazonas das cidades de todo o estado. <\/p>\n<p><h2>Ponto alto do evento<\/h2>\n<\/p>\n<p>         3 de 3&#013;21\u00aa edi\u00e7\u00e3o da Cavalgada dos 700 cavaleiros ter\u00e1 programa\u00e7\u00e3o de shows neste domingo (22) \u2014 Foto: Divulga\u00e7\u00e3o    <\/p>\n<p> 21\u00aa edi\u00e7\u00e3o da Cavalgada dos 700 cavaleiros ter\u00e1 programa\u00e7\u00e3o de shows neste domingo (22) \u2014 Foto: Divulga\u00e7\u00e3o <\/p>\n<p> A chegada da cavalgada \u00e9 o ponto alto do evento, onde, no estacionamento, as pessoas que participam se concentram com os amigos e familiares. A partir das 16h, os port\u00f5es ser\u00e3o abertos, onde mais de 15 de atra\u00e7\u00f5es come\u00e7am a se apresentar, como bandas de forr\u00f3, sertanejo, pieseiro, al\u00e9m de DJs locais. Igor Sali\u00eancia, Alex Maya, Natalha Fernandes, Banda Os Piratas, DJ Ritter e v\u00e1rias outras aten\u00e7\u00f5es comandam a festa. <\/p>\n<p> Os ingressos est\u00e3o sendo comercializados nas Lojas Dieguez do Cal\u00e7ad\u00e3o (Centro de Campos), Dieguez de Goitacazes (Baixada Campista) e na loja Ponto das Selas (Av. 28 de Mar\u00e7o). <\/p>\n<ul>\n<li> <a href=\"https:\/\/g1.globo.com\/rj\/norte-fluminense\/cidade\/campos-dos-goytacazes\/\" class=\"entities__list-itemLink\" data-track-click=\"Campos dos Goytacazes\"> Campos dos Goytacazes <\/a> <\/li>\n<\/ul>\n","protected":false},"excerpt":{"rendered":"<p>1 de 3&#013;Cavalgada dos 700 Cavaleiros, em Campos, chega a 21\u00aa Edi\u00e7\u00e3o na baixada campista \u2014 Foto: Divulga\u00e7\u00e3o Cavalgada dos 700 Cavaleiros, em Campos, chega a 21\u00aa Edi\u00e7\u00e3o na baixada campista \u2014 Foto: Divulga\u00e7\u00e3o 2 de 3&#013;Cavalgada dos 700 Cavaleiros chega a 21\u00aa edi\u00e7\u00e3o neste domingo na baixada campista \u2014 Foto: Divulga\u00e7\u00e3o Cavalgada dos 700 [&hellip;]<\/p>\n","protected":false},"author":1,"featured_media":0,"comment_status":"closed","ping_status":"closed","sticky":false,"template":"","format":"standard","meta":{"footnotes":""},"categories":[],"tags":[],"class_list":["post-52001","post","type-post","status-publish","format-standard","hentry"],"_links":{"self":[{"href":"https:\/\/blog.corretoraideal.com.br\/index.php\/wp-json\/wp\/v2\/posts\/52001","targetHints":{"allow":["GET"]}}],"collection":[{"href":"https:\/\/blog.corretoraideal.com.br\/index.php\/wp-json\/wp\/v2\/posts"}],"about":[{"href":"https:\/\/blog.corretoraideal.com.br\/index.php\/wp-json\/wp\/v2\/types\/post"}],"author":[{"embeddable":true,"href":"https:\/\/blog.corretoraideal.com.br\/index.php\/wp-json\/wp\/v2\/users\/1"}],"replies":[{"embeddable":true,"href":"https:\/\/blog.corretoraideal.com.br\/index.php\/wp-json\/wp\/v2\/comments?post=52001"}],"version-history":[{"count":1,"href":"https:\/\/blog.corretoraideal.com.br\/index.php\/wp-json\/wp\/v2\/posts\/52001\/revisions"}],"predecessor-version":[{"id":52003,"href":"https:\/\/blog.corretoraideal.com.br\/index.php\/wp-json\/wp\/v2\/posts\/52001\/revisions\/52003"}],"wp:attachment":[{"href":"https:\/\/blog.corretoraideal.com.br\/index.php\/wp-json\/wp\/v2\/media?parent=52001"}],"wp:term":[{"taxonomy":"category","embeddable":true,"href":"https:\/\/blog.corretoraideal.com.br\/index.php\/wp-json\/wp\/v2\/categories?post=52001"},{"taxonomy":"post_tag","embeddable":true,"href":"https:\/\/blog.corretoraideal.com.br\/index.php\/wp-json\/wp\/v2\/tags?post=52001"}],"curies":[{"name":"wp","href":"https:\/\/api.w.org\/{rel}","templated":true}]}}