{"id":52007,"date":"2023-08-29T14:31:23","date_gmt":"2023-08-29T14:31:23","guid":{"rendered":"https:\/\/blog.corretoraideal.com.br\/?p=52007"},"modified":"2023-08-29T14:31:23","modified_gmt":"2023-08-29T14:31:23","slug":"ibovespa-opera-em-alta-com-decisoes-economicas-e-calendario-politico-no-radar-economia-g1","status":"publish","type":"post","link":"https:\/\/blog.corretoraideal.com.br\/index.php\/2023\/08\/29\/ibovespa-opera-em-alta-com-decisoes-economicas-e-calendario-politico-no-radar-economia-g1\/","title":{"rendered":"Ibovespa opera em alta com decis\u00f5es econ\u00f4micas e calend\u00e1rio pol\u00edtico no radar | Economia | G1"},"content":{"rendered":"<p>      1 de 1&#013;Ibovespa \u2014 Foto: Pixabay    <\/p>\n<p> Ibovespa \u2014 Foto: Pixabay <\/p>\n<p> O <a class href=\"https:\/\/g1.globo.com\/tudo-sobre\/ibovespa\/\">Ibovespa<\/a>, principal \u00edndice da bolsa de valores de S\u00e3o Paulo, a <a class href=\"https:\/\/g1.globo.com\/tudo-sobre\/bmf-bovespa\/\">B3<\/a>, opera em alta nesta ter\u00e7a-feira (29), na medida em que investidores aguardam uma bateria de indicadores econ\u00f4micos no Brasil e nos <a class href=\"https:\/\/g1.globo.com\/tudo-sobre\/estados-unidos\/\">Estados Unidos<\/a> nesta semana. <\/p>\n<p> \u00c0s 11h22, o \u00edndice tinha alta de 0,93%, aos 118.223 pontos. <a class href=\"https:\/\/valor.globo.com\/wall-concurrence\/?next=https:\/\/valor.globo.com\/valor-data\/\">Veja mais cota\u00e7\u00f5es<\/a>. <\/p>\n<p> O mercado ainda repercute a decis\u00e3o do presidente <a class href=\"https:\/\/g1.globo.com\/tudo-sobre\/luiz-inacio-lula-da-silva\/\">Luiz In\u00e1cio Lula da Silva<\/a> (PT) de assinar a medida provis\u00f3ria que cria uma al\u00edquota sobre os rendimentos de fundos exclusivos, al\u00e9m de seguir atento \u00e0s estrat\u00e9gias do petista para conquistar a base de apoio no Congresso \u2014 para, assim, conseguir aprovar sua agenda econ\u00f4mica (entenda mais abaixo). <\/p>\n<p> Na \u00faltima segunda, o Ibovespa avan\u00e7ou 1,11%, aos 117.121 pontos. Com o resultado de ontem, o \u00edndice passou a acumular: <\/p>\n<ul>\n<li><strong>queda de 3,95 no m\u00eas;<\/strong><\/li>\n<li><strong>e ganho de 6,73% no ano.<\/strong><\/li>\n<\/ul>\n<p><h2><strong>O que est\u00e1 mexendo com os mercados?<\/strong><\/h2>\n<\/p>\n<p> Na agenda dom\u00e9stica, o mercado repercute a decis\u00e3o do presidente Luiz In\u00e1cio Lula da Silva (PT) de assinar a medida provis\u00f3ria que cria al\u00edquota de 15% a 20% sobre os rendimentos de fundos exclusivos e enviar ao Congresso uma proposta para taxar offshores. <\/p>\n<p> Os fundos exclusivos s\u00e3o feitos de forma personalizada para o cotista e, atualmente, t\u00eam pagamento de imposto somente no momento de resgate da aplica\u00e7\u00e3o. O texto da MP acaba com a tributa\u00e7\u00e3o \u00fanica no resgate e ser\u00e1 realizada duas vezes ao ano, no esquema de &quot;come-cotas&quot;. <\/p>\n<p> J\u00e1 os offshores s\u00e3o pessoas ou empresas que geram renda no exterior. E se aprovada pelo Congresso, a nova tributa\u00e7\u00e3o ser\u00e1 referente aos resultados apurados a partir de 1\u00ba de janeiro de 2024. Atualmente, o capital investido no exterior \u00e9 tributado apenas quando resgatado e remetido ao Brasil. <\/p>\n<p> Outro ponto de aten\u00e7\u00e3o do mercado s\u00e3o os passos dados pelo governo federal para compor sua base de sustenta\u00e7\u00e3o no Congresso Nacional e em medidas para aumentar arrecada\u00e7\u00e3o e demonstra\u00e7\u00f5es de como pretende zerar o d\u00e9ficit p\u00fablico em 2024. <\/p>\n<p> Por exemplo, o <a class href=\"https:\/\/g1.globo.com\/tudo-sobre\/senado-federal\/\">Senado<\/a> deve votar na quarta-feira (30) o projeto do Conselho Administrativo de Recursos Fiscais (Carf), considerado pelo governo uma das principais medidas para contornar o d\u00e9ficit prim\u00e1rio do governo federal neste ano, de R$ 231,5 bilh\u00f5es &#8211; vale lembrar que o or\u00e7amento do pr\u00f3ximo ano precisa ser encaminhado ao Congresso at\u00e9 31 de agosto. <\/p>\n<p> No cen\u00e1rio internacional, por sua vez, os Estados Unidos deve divulgar nesta semana os dados de emprego, que podem dar um sinal de qual deve ser a posi\u00e7\u00e3o do Federal Reserve (banco central dos EUA) quanto aos juros nas pr\u00f3ximas reuni\u00f5es. <\/p>\n<p> Vale lembrar que a posi\u00e7\u00e3o econ\u00f4mica da principal economia do mundo tende a refletir no posicionamento dos investidores. Quando os juros sobem, h\u00e1 uma migra\u00e7\u00e3o da renda vari\u00e1vel para a fixa \u2014 o que tende a prejudicar o pre\u00e7o dos pap\u00e9is. <\/p>\n<ul>\n<li> <a href=\"https:\/\/g1.globo.com\/tudo-sobre\/bmf-bovespa\/\" class=\"entities__list-itemLink\" data-track-click=\"B3\"> B3 <\/a> <\/li>\n<li> <a href=\"https:\/\/g1.globo.com\/tudo-sobre\/banco-central-do-brasil\/\" class=\"entities__list-itemLink\" data-track-click=\"Banco Central do Brasil\"> Banco Central do Brasil <\/a> <\/li>\n<li> <a href=\"https:\/\/g1.globo.com\/tudo-sobre\/bradesco\/\" class=\"entities__list-itemLink\" data-track-click=\"Bradesco\"> Bradesco <\/a> <\/li>\n<li> <a href=\"https:\/\/g1.globo.com\/tudo-sobre\/brics\/\" class=\"entities__list-itemLink\" data-track-click=\"Brics\"> Brics <\/a> <\/li>\n<li> <a href=\"https:\/\/g1.globo.com\/tudo-sobre\/copom\/\" class=\"entities__list-itemLink\" data-track-click=\"Copom\"> Copom <\/a> <\/li>\n<li> <a href=\"https:\/\/g1.globo.com\/tudo-sobre\/camara-dos-deputados\/\" class=\"entities__list-itemLink\" data-track-click=\"C\u00e2mara dos Deputados\"> C\u00e2mara dos Deputados <\/a> <\/li>\n<li> <a href=\"https:\/\/g1.globo.com\/tudo-sobre\/estados-unidos\/\" class=\"entities__list-itemLink\" data-track-click=\"Estados Unidos\"> Estados Unidos <\/a> <\/li>\n<li> <a href=\"https:\/\/g1.globo.com\/tudo-sobre\/fed\/\" class=\"entities__list-itemLink\" data-track-click=\"FED\"> FED <\/a> <\/li>\n<li> <a href=\"https:\/\/g1.globo.com\/tudo-sobre\/ibge\/\" class=\"entities__list-itemLink\" data-track-click=\"IBGE\"> IBGE <\/a> <\/li>\n<li> <a href=\"https:\/\/g1.globo.com\/tudo-sobre\/ipca\/\" class=\"entities__list-itemLink\" data-track-click=\"IPCA\"> IPCA <\/a> <\/li>\n<li> <a href=\"https:\/\/g1.globo.com\/tudo-sobre\/ibovespa\/\" class=\"entities__list-itemLink\" data-track-click=\"Ibovespa\"> Ibovespa <\/a> <\/li>\n<li> <a href=\"https:\/\/g1.globo.com\/tudo-sobre\/itau-unibanco\/\" class=\"entities__list-itemLink\" data-track-click=\"Ita\u00fa\"> Ita\u00fa <\/a> <\/li>\n<li> <a href=\"https:\/\/g1.globo.com\/tudo-sobre\/luiz-inacio-lula-da-silva\/\" class=\"entities__list-itemLink\" data-track-click=\"Luiz In\u00e1cio Lula da Silva\"> Luiz In\u00e1cio Lula da Silva <\/a> <\/li>\n<li> <a href=\"https:\/\/g1.globo.com\/tudo-sobre\/petrobras\/\" class=\"entities__list-itemLink\" data-track-click=\"Petrobras\"> Petrobras <\/a> <\/li>\n<li> <a href=\"https:\/\/g1.globo.com\/tudo-sobre\/senado-federal\/\" class=\"entities__list-itemLink\" data-track-click=\"Senado\"> Senado <\/a> <\/li>\n<\/ul>\n","protected":false},"excerpt":{"rendered":"<p>1 de 1&#013;Ibovespa \u2014 Foto: Pixabay Ibovespa \u2014 Foto: Pixabay O Ibovespa, principal \u00edndice da bolsa de valores de S\u00e3o Paulo, a B3, opera em alta nesta ter\u00e7a-feira (29), na medida em que investidores aguardam uma bateria de indicadores econ\u00f4micos no Brasil e nos Estados Unidos nesta semana. \u00c0s 11h22, o \u00edndice tinha alta de [&hellip;]<\/p>\n","protected":false},"author":1,"featured_media":0,"comment_status":"closed","ping_status":"closed","sticky":false,"template":"","format":"standard","meta":{"footnotes":""},"categories":[],"tags":[],"class_list":["post-52007","post","type-post","status-publish","format-standard","hentry"],"_links":{"self":[{"href":"https:\/\/blog.corretoraideal.com.br\/index.php\/wp-json\/wp\/v2\/posts\/52007","targetHints":{"allow":["GET"]}}],"collection":[{"href":"https:\/\/blog.corretoraideal.com.br\/index.php\/wp-json\/wp\/v2\/posts"}],"about":[{"href":"https:\/\/blog.corretoraideal.com.br\/index.php\/wp-json\/wp\/v2\/types\/post"}],"author":[{"embeddable":true,"href":"https:\/\/blog.corretoraideal.com.br\/index.php\/wp-json\/wp\/v2\/users\/1"}],"replies":[{"embeddable":true,"href":"https:\/\/blog.corretoraideal.com.br\/index.php\/wp-json\/wp\/v2\/comments?post=52007"}],"version-history":[{"count":1,"href":"https:\/\/blog.corretoraideal.com.br\/index.php\/wp-json\/wp\/v2\/posts\/52007\/revisions"}],"predecessor-version":[{"id":52009,"href":"https:\/\/blog.corretoraideal.com.br\/index.php\/wp-json\/wp\/v2\/posts\/52007\/revisions\/52009"}],"wp:attachment":[{"href":"https:\/\/blog.corretoraideal.com.br\/index.php\/wp-json\/wp\/v2\/media?parent=52007"}],"wp:term":[{"taxonomy":"category","embeddable":true,"href":"https:\/\/blog.corretoraideal.com.br\/index.php\/wp-json\/wp\/v2\/categories?post=52007"},{"taxonomy":"post_tag","embeddable":true,"href":"https:\/\/blog.corretoraideal.com.br\/index.php\/wp-json\/wp\/v2\/tags?post=52007"}],"curies":[{"name":"wp","href":"https:\/\/api.w.org\/{rel}","templated":true}]}}