{"id":52016,"date":"2023-08-29T17:35:09","date_gmt":"2023-08-29T17:35:09","guid":{"rendered":"https:\/\/blog.corretoraideal.com.br\/?p=52016"},"modified":"2023-08-29T17:35:09","modified_gmt":"2023-08-29T17:35:09","slug":"campos-divulga-lista-de-novos-beneficiarios-do-cartao-goitaca-norte-fluminense-g1","status":"publish","type":"post","link":"https:\/\/blog.corretoraideal.com.br\/index.php\/2023\/08\/29\/campos-divulga-lista-de-novos-beneficiarios-do-cartao-goitaca-norte-fluminense-g1\/","title":{"rendered":"Campos divulga lista de novos benefici\u00e1rios do Cart\u00e3o Goitac\u00e1 | Norte Fluminense | G1"},"content":{"rendered":"<p>      1 de 1&#013;Entrega do &#039;Cart\u00e3o Goitac\u00e1&#039; ser\u00e1 na ter\u00e7a-feira (22) na Vila Ol\u00edmpica Lulu Beda, do bairro Jardim Carioca, em Campos \u2014 Foto: Divulga\u00e7\u00e3o\/Prefeitura de Campos    <\/p>\n<p> Entrega do &#039;Cart\u00e3o Goitac\u00e1&#039; ser\u00e1 na ter\u00e7a-feira (22) na Vila Ol\u00edmpica Lulu Beda, do bairro Jardim Carioca, em Campos \u2014 Foto: Divulga\u00e7\u00e3o\/Prefeitura de Campos <\/p>\n<p> A Prefeitura de <a class href=\"https:\/\/g1.globo.com\/rj\/norte-fluminense\/cidade\/campos-dos-goytacazes\/\">Campos dos Goytacazes<\/a>, no Norte Fluminense, divulgou, nesta quinta (17), a nova lista dos benefici\u00e1rios do Cart\u00e3o Goitac\u00e1. <\/p>\n<p> S\u00e3o 1003 pessoas que v\u00e3o receber a transfer\u00eancia de renda municipal no valor de R$ 200. <\/p>\n<p> A entrega dos cart\u00f5es ser\u00e1 na pr\u00f3xima ter\u00e7a-feira (22), \u00e0s 9h, na Vila Ol\u00edmpica Lulu Beda, do bairro Jardim Carioca. <\/p>\n<p> Com essa nova lista, o programa atinge a marca de 15.617 fam\u00edlias contempladas. A Prefeitura de Campos usa a base de dados do Cadastro \u00danico para Programas Sociais (Cad\u00danico) para a realizar a sele\u00e7\u00e3o dos benefici\u00e1rios. <\/p>\n<p> As fam\u00edlias benefici\u00e1rias s\u00e3o referenciadas no Centro de Refer\u00eancia Especializado de Assist\u00eancia Social (CREAS) e Centro de Refer\u00eancia de Assist\u00eancia Social (CRAS). <\/p>\n<p> Os benefici\u00e1rios devem estar, preferencialmente, em acompanhamento familiar pelo Servi\u00e7o de Prote\u00e7\u00e3o e Atendimento Integral \u00e0 Fam\u00edlia (PAIF) ou Servi\u00e7o de Prote\u00e7\u00e3o e Atendimento Especializado \u00e0 Fam\u00edlia e Indiv\u00edduos (PAEFI). <\/p>\n<p> Segundo a lei, aprovada na C\u00e2mara Municipal e Conselho de Assist\u00eancia Social, ser\u00e3o priorizadas: <\/p>\n<ul>\n<li>Fam\u00edlias numerosas, formada por idosos e pessoas com defici\u00eancia sem fonte de renda e sustento;<\/li>\n<li>Pessoas e fam\u00edlias v\u00edtimas de calamidades e emerg\u00eancias;<\/li>\n<li>Mulheres chefes de fam\u00edlia e seus filhos, mulheres em situa\u00e7\u00e3o de viol\u00eancia;<\/li>\n<li>Jovens egressos dos acolhimentos institucionais.<\/li>\n<\/ul>\n<p> \u00c9 necess\u00e1rio ter renda mensal per capita na faixa da extrema pobreza, ser morador do munic\u00edpio h\u00e1 pelo menos 3 anos e, de prefer\u00eancia, n\u00e3o estar inserido em outros programas de transfer\u00eancia de renda. <\/p>\n<p> A lista est\u00e1 dispon\u00edvel neste <a class href=\"https:\/\/social.campos.rj.gov.br\/relacao-de-beneficiarios-cartao-goitaca\/\" target=\"_blank\" rel=\"noopener noreferrer\">link<\/a>. <\/p>\n<ul>\n<li> <a href=\"https:\/\/g1.globo.com\/rj\/norte-fluminense\/cidade\/campos-dos-goytacazes\/\" class=\"entities__list-itemLink\" data-track-click=\"Campos dos Goytacazes\"> Campos dos Goytacazes <\/a> <\/li>\n<\/ul>\n","protected":false},"excerpt":{"rendered":"<p>1 de 1&#013;Entrega do &#039;Cart\u00e3o Goitac\u00e1&#039; ser\u00e1 na ter\u00e7a-feira (22) na Vila Ol\u00edmpica Lulu Beda, do bairro Jardim Carioca, em Campos \u2014 Foto: Divulga\u00e7\u00e3o\/Prefeitura de Campos Entrega do &#039;Cart\u00e3o Goitac\u00e1&#039; ser\u00e1 na ter\u00e7a-feira (22) na Vila Ol\u00edmpica Lulu Beda, do bairro Jardim Carioca, em Campos \u2014 Foto: Divulga\u00e7\u00e3o\/Prefeitura de Campos A Prefeitura de Campos dos [&hellip;]<\/p>\n","protected":false},"author":1,"featured_media":0,"comment_status":"closed","ping_status":"closed","sticky":false,"template":"","format":"standard","meta":{"footnotes":""},"categories":[],"tags":[],"class_list":["post-52016","post","type-post","status-publish","format-standard","hentry"],"_links":{"self":[{"href":"https:\/\/blog.corretoraideal.com.br\/index.php\/wp-json\/wp\/v2\/posts\/52016","targetHints":{"allow":["GET"]}}],"collection":[{"href":"https:\/\/blog.corretoraideal.com.br\/index.php\/wp-json\/wp\/v2\/posts"}],"about":[{"href":"https:\/\/blog.corretoraideal.com.br\/index.php\/wp-json\/wp\/v2\/types\/post"}],"author":[{"embeddable":true,"href":"https:\/\/blog.corretoraideal.com.br\/index.php\/wp-json\/wp\/v2\/users\/1"}],"replies":[{"embeddable":true,"href":"https:\/\/blog.corretoraideal.com.br\/index.php\/wp-json\/wp\/v2\/comments?post=52016"}],"version-history":[{"count":1,"href":"https:\/\/blog.corretoraideal.com.br\/index.php\/wp-json\/wp\/v2\/posts\/52016\/revisions"}],"predecessor-version":[{"id":52018,"href":"https:\/\/blog.corretoraideal.com.br\/index.php\/wp-json\/wp\/v2\/posts\/52016\/revisions\/52018"}],"wp:attachment":[{"href":"https:\/\/blog.corretoraideal.com.br\/index.php\/wp-json\/wp\/v2\/media?parent=52016"}],"wp:term":[{"taxonomy":"category","embeddable":true,"href":"https:\/\/blog.corretoraideal.com.br\/index.php\/wp-json\/wp\/v2\/categories?post=52016"},{"taxonomy":"post_tag","embeddable":true,"href":"https:\/\/blog.corretoraideal.com.br\/index.php\/wp-json\/wp\/v2\/tags?post=52016"}],"curies":[{"name":"wp","href":"https:\/\/api.w.org\/{rel}","templated":true}]}}