{"id":52027,"date":"2023-08-29T20:46:04","date_gmt":"2023-08-29T20:46:04","guid":{"rendered":"https:\/\/blog.corretoraideal.com.br\/?p=52027"},"modified":"2023-08-29T20:46:04","modified_gmt":"2023-08-29T20:46:04","slug":"apple-deve-lancar-novos-iphones-em-12-de-setembro-veja-o-que-esperar-dos-celulares-tecnologia-g1","status":"publish","type":"post","link":"https:\/\/blog.corretoraideal.com.br\/index.php\/2023\/08\/29\/apple-deve-lancar-novos-iphones-em-12-de-setembro-veja-o-que-esperar-dos-celulares-tecnologia-g1\/","title":{"rendered":"Apple deve lan\u00e7ar novos iPhones em 12 de setembro; veja o que esperar dos celulares | Tecnologia | G1"},"content":{"rendered":"<p>      1 de 3&#013;iPhone 14 Pro em loja da Apple, em foto de 16 de setembro de 2022 \u2014 Foto: Reuters\/Andrew Kelly    <\/p>\n<p> iPhone 14 Pro em loja da Apple, em foto de 16 de setembro de 2022 \u2014 Foto: Reuters\/Andrew Kelly <\/p>\n<p> A <a class href=\"https:\/\/g1.globo.com\/tudo-sobre\/apple\/\">Apple<\/a> informou nesta ter\u00e7a-feira (29) que far\u00e1 uma transmiss\u00e3o de v\u00eddeo no dia 12 de setembro direto de sua sede na Calif\u00f3rnia, nos Estados Unidos. O evento dever\u00e1 ser usado pela empresa para anunciar o iPhone 15. <\/p>\n<p> A empresa deve lan\u00e7ar quatro celulares, segundo a Bloomberg. Os dois mais caros (e mais potentes) ser\u00e3o o iPhone 15 Pro e o 15 Pro Max, enquanto o iPhone 15 e iPhone 15 Plus ser\u00e3o os mais baratos, como j\u00e1 aconteceu nas gera\u00e7\u00f5es anteriores. <\/p>\n<p> Os modelos da categoria &quot;Pro&quot; devem receber as maiores mudan\u00e7as. Ainda segundo a Bloomberg, os smartphones ter\u00e3o acabamento em tit\u00e2nio em vez de a\u00e7o inoxid\u00e1vel, ter\u00e3o bordas mais finas ao redor da tela e ser\u00e3o os primeiros com o novo processador A17. <\/p>\n<p>A expectativa \u00e9 de que o iPhone 15 Pro Max ganhe uma c\u00e2mera com zoom \u00f3ptico mais poderoso, o que far\u00e1 o celular conseguir focar em objetos que est\u00e3o mais distantes e tirar fotos melhores. <\/p>\n<p> O iPhone 15 e o iPhone 15 Plus dever\u00e3o receber <a class href=\"https:\/\/g1.globo.com\/tecnologia\/noticia\/2022\/09\/07\/iphone-14-apple-apresenta-novos-produtos.ghtml\">itens que chegaram primeiro no iPhone 14 Pro<\/a>, como o Dynamic Island, que faz a \u00e1rea da c\u00e2mera frontal (tamb\u00e9m conhecida como &quot;entalhe&quot;) interagir com o sistema. <\/p>\n<p> Todos os quatro celulares passar\u00e3o a adotar a entrada USB-C ap\u00f3s <a class href=\"https:\/\/g1.globo.com\/tecnologia\/noticia\/2022\/11\/08\/o-que-e-usb-c-carregador-que-a-apple-tera-que-colocar-nos-iphones.ghtml\">determina\u00e7\u00e3o da Uni\u00e3o Europeia<\/a>. <\/p>\n<p> A empresa poder\u00e1 apresentar ainda novas vers\u00f5es dos fones de ouvido sem fio AirPods e do rel\u00f3gio Apple Watch. <\/p>\n<p> <strong>LEIA TAMB\u00c9M:<\/strong> <\/p>\n<ul>\n<li><a class href=\"https:\/\/g1.globo.com\/tecnologia\/noticia\/2023\/06\/29\/16-anos-do-iphone-sabe-tudo-sobre-o-primeiro-celular-da-apple-faca-o-teste-e-descubra.ghtml\">Sabe tudo sobre o primeiro iPhone? Fa\u00e7a o teste e descubra<\/a><\/li>\n<li><a class href=\"https:\/\/g1.globo.com\/tecnologia\/noticia\/2023\/08\/04\/brasileiro-e-destaque-em-premiacao-de-melhores-fotos-do-mundo-feitas-com-iphone.ghtml\">Brasileiro \u00e9 destaque em premia\u00e7\u00e3o de melhores fotos do mundo feitas com iPhone<\/a><\/li>\n<li><a class href=\"https:\/\/g1.globo.com\/especiais\/guia-de-compras\/noticia\/2022\/11\/24\/celulares-desejo-g1-testa-smartphones-5g-poderosos-de-2022.ghtml\">iPhone 14 Pro, Galaxy S22 Ultra e mais: g1 testa smartphones 5G poderosos<\/a><\/li>\n<\/ul>\n<p>         2 de 3&#013;iPhone 14 Pro foi o primeiro com a \u00e1rea batizada de Dynamic Island \u2014 Foto: Apple    <\/p>\n<p> iPhone 14 Pro foi o primeiro com a \u00e1rea batizada de Dynamic Island \u2014 Foto: Apple <\/p>\n<p>         3 de 3&#013;Apple anuncia evento para 12 de setembro, quando dever\u00e1 anunciar novos iPhones \u2014 Foto: Reprodu\u00e7\u00e3o\/Apple    <\/p>\n<p> Apple anuncia evento para 12 de setembro, quando dever\u00e1 anunciar novos iPhones \u2014 Foto: Reprodu\u00e7\u00e3o\/Apple <\/p>\n<ul>\n<li> <a href=\"https:\/\/g1.globo.com\/tudo-sobre\/apple\/\" class=\"entities__list-itemLink\" data-track-click=\"Apple\"> Apple <\/a> <\/li>\n<\/ul>\n","protected":false},"excerpt":{"rendered":"<p>1 de 3&#013;iPhone 14 Pro em loja da Apple, em foto de 16 de setembro de 2022 \u2014 Foto: Reuters\/Andrew Kelly iPhone 14 Pro em loja da Apple, em foto de 16 de setembro de 2022 \u2014 Foto: Reuters\/Andrew Kelly A Apple informou nesta ter\u00e7a-feira (29) que far\u00e1 uma transmiss\u00e3o de v\u00eddeo no dia 12 [&hellip;]<\/p>\n","protected":false},"author":1,"featured_media":0,"comment_status":"closed","ping_status":"closed","sticky":false,"template":"","format":"standard","meta":{"footnotes":""},"categories":[],"tags":[],"class_list":["post-52027","post","type-post","status-publish","format-standard","hentry"],"_links":{"self":[{"href":"https:\/\/blog.corretoraideal.com.br\/index.php\/wp-json\/wp\/v2\/posts\/52027","targetHints":{"allow":["GET"]}}],"collection":[{"href":"https:\/\/blog.corretoraideal.com.br\/index.php\/wp-json\/wp\/v2\/posts"}],"about":[{"href":"https:\/\/blog.corretoraideal.com.br\/index.php\/wp-json\/wp\/v2\/types\/post"}],"author":[{"embeddable":true,"href":"https:\/\/blog.corretoraideal.com.br\/index.php\/wp-json\/wp\/v2\/users\/1"}],"replies":[{"embeddable":true,"href":"https:\/\/blog.corretoraideal.com.br\/index.php\/wp-json\/wp\/v2\/comments?post=52027"}],"version-history":[{"count":1,"href":"https:\/\/blog.corretoraideal.com.br\/index.php\/wp-json\/wp\/v2\/posts\/52027\/revisions"}],"predecessor-version":[{"id":52029,"href":"https:\/\/blog.corretoraideal.com.br\/index.php\/wp-json\/wp\/v2\/posts\/52027\/revisions\/52029"}],"wp:attachment":[{"href":"https:\/\/blog.corretoraideal.com.br\/index.php\/wp-json\/wp\/v2\/media?parent=52027"}],"wp:term":[{"taxonomy":"category","embeddable":true,"href":"https:\/\/blog.corretoraideal.com.br\/index.php\/wp-json\/wp\/v2\/categories?post=52027"},{"taxonomy":"post_tag","embeddable":true,"href":"https:\/\/blog.corretoraideal.com.br\/index.php\/wp-json\/wp\/v2\/tags?post=52027"}],"curies":[{"name":"wp","href":"https:\/\/api.w.org\/{rel}","templated":true}]}}