{"id":52030,"date":"2023-08-29T22:30:51","date_gmt":"2023-08-29T22:30:51","guid":{"rendered":"https:\/\/blog.corretoraideal.com.br\/?p=52030"},"modified":"2023-08-29T22:30:51","modified_gmt":"2023-08-29T22:30:51","slug":"forum-regional-de-educacao-reune-250-profissionais-em-macae-para-discutir-politicas-inclusivas-norte-fluminense-g1","status":"publish","type":"post","link":"https:\/\/blog.corretoraideal.com.br\/index.php\/2023\/08\/29\/forum-regional-de-educacao-reune-250-profissionais-em-macae-para-discutir-politicas-inclusivas-norte-fluminense-g1\/","title":{"rendered":"F\u00f3rum Regional de Educa\u00e7\u00e3o re\u00fane 250 profissionais em Maca\u00e9 para discutir pol\u00edticas inclusivas | Norte Fluminense | G1"},"content":{"rendered":"<p>      1 de 2&#013;II F\u00f3rum Regional de Educa\u00e7\u00e3o em Maca\u00e9 reuniu 250 profissionais de diferentes munic\u00edpios do Rio \u2014 Foto: Prefeitura de Maca\u00e9\/Divulga\u00e7\u00e3o    <\/p>\n<p> II F\u00f3rum Regional de Educa\u00e7\u00e3o em Maca\u00e9 reuniu 250 profissionais de diferentes munic\u00edpios do Rio \u2014 Foto: Prefeitura de Maca\u00e9\/Divulga\u00e7\u00e3o <\/p>\n<p> O II F\u00f3rum Regional de Educa\u00e7\u00e3o re\u00fane, na cidade de <a class href=\"https:\/\/g1.globo.com\/rj\/regiao-dos-lagos\/cidade\/macae\/\">Maca\u00e9<\/a>, no Norte Fluminense, 250 profissionais de diferentes munic\u00edpios do Rio de Janeiro para discutir pol\u00edticas para uma educa\u00e7\u00e3o inclusiva e plural. <\/p>\n<p> O evento, realizado na C\u00e2mara Municipal, come\u00e7ou na segunda-feira (28) e termina nesta ter\u00e7a-feira (29) reunindo representantes de Maca\u00e9, <a class href=\"https:\/\/g1.globo.com\/rj\/norte-fluminense\/cidade\/campos-dos-goytacazes\/\">Campos dos Goytacazes<\/a>, <a class href=\"https:\/\/g1.globo.com\/rj\/regiao-dos-lagos\/cidade\/rio-das-ostras\/\">Rio das Ostras<\/a>, <a class href=\"https:\/\/g1.globo.com\/rj\/regiao-dos-lagos\/cidade\/armacao-de-buzios\/\">Arma\u00e7\u00e3o dos B\u00fazios<\/a>, <a class href=\"https:\/\/g1.globo.com\/rj\/norte-fluminense\/cidade\/cambuci\/\">Cambuci<\/a>, <a class href=\"https:\/\/g1.globo.com\/rj\/regiao-dos-lagos\/cidade\/carapebus\/\">Carapebus<\/a>, <a class href=\"https:\/\/g1.globo.com\/rj\/norte-fluminense\/cidade\/miracema\/\">Miracema<\/a>, <a class href=\"https:\/\/g1.globo.com\/rj\/norte-fluminense\/cidade\/quissama\/\">Quissam\u00e3<\/a> e <a class href=\"https:\/\/g1.globo.com\/rj\/regiao-dos-lagos\/cidade\/casimiro-de-abreu\/\">Casimiro de Abreu<\/a>. <\/p>\n<p> Ao longo do F\u00f3rum, os participantes acompanharam diversas palestras dentro da tem\u00e1tica da educa\u00e7\u00e3o inclusiva e puderam trocar experi\u00eancias nas \u00e1reas de inclus\u00e3o das pessoas com defici\u00eancia e tecnologia. <\/p>\n<p> O diretor de Pol\u00edticas de Educa\u00e7\u00e3o Especial na Perspectiva Inclusiva do Minist\u00e9rio da Educa\u00e7\u00e3o (SECADI\/MEC), D\u00e9cio Guimar\u00e3es, abriu o evento com a palestra &quot;Pol\u00edticas e pr\u00e1ticas educacionais na perspectiva inclusiva: entre a luta e o direito&quot;. <\/p>\n<p>         2 de 2&#013;D\u00e9cio Guimar\u00e3es abriu II F\u00f3rum Regional de Educa\u00e7\u00e3o em Maca\u00e9 com palestra que abordou pol\u00edtica e pr\u00e1ticas na educa\u00e7\u00e3o inclusiva \u2014 Foto: Prefeitura de Maca\u00e9\/Divulga\u00e7\u00e3o    <\/p>\n<p> D\u00e9cio Guimar\u00e3es abriu II F\u00f3rum Regional de Educa\u00e7\u00e3o em Maca\u00e9 com palestra que abordou pol\u00edtica e pr\u00e1ticas na educa\u00e7\u00e3o inclusiva \u2014 Foto: Prefeitura de Maca\u00e9\/Divulga\u00e7\u00e3o <\/p>\n<p> Ele destacou que, a partir do encontro, cada munic\u00edpio ir\u00e1 elaborar um plano municipal para seguir as diretrizes do governo federal. <\/p>\n<p> &quot;O F\u00f3rum assegura a todos um momento de escuta, planejamento e trocas coletivas, proporcionando a constru\u00e7\u00e3o de pol\u00edticas p\u00fablicas mais pr\u00f3ximas do acerto. Nesse contexto, o MEC convida a todos a fortalecer a pol\u00edtica nacional de educa\u00e7\u00e3o especial que, este ano, completa 15 anos&quot;, frisou. <\/p>\n<p> O evento em Maca\u00e9 foi promovido pela Secretaria Municipal de Educa\u00e7\u00e3o e recebeu o tema &quot;Educa\u00e7\u00e3o Plural&quot;. <\/p>\n<p> &quot;Em um per\u00edodo p\u00f3s-pandemia n\u00e3o somos mais os mesmos. Portanto, o momento \u00e9 de aprender e, com isso, incluir, escolarizar e pensar no outro&quot;, disse Leandra Lopes, secret\u00e1ria Municipal de Educa\u00e7\u00e3o. Leandra explicou ainda que o objetivo \u00e9 avan\u00e7ar no respeito \u00e0s diferen\u00e7as. <\/p>\n<p> O presidente da C\u00e2mara Municipal, Nilton C\u00e9sar Pereira Moreira, refor\u00e7ou a necessidade de debater as pol\u00edticas p\u00fablicas da educa\u00e7\u00e3o especial. <\/p>\n<p> &quot;\u00c9 fundamental conscientizar a popula\u00e7\u00e3o de Maca\u00e9 e regi\u00e3o. A cada 30 crian\u00e7as que nascem, uma \u00e9 autista. O Legislativo j\u00e1 trabalha em uma lei espec\u00edfica para a educa\u00e7\u00e3o especial&quot;, disse. <\/p>\n<p> O evento contou ainda com palestras sobre &quot;Tecnologia para uma Educa\u00e7\u00e3o Plural&quot;, com a professora Luemy Avila, da rede municipal de ensino; e \u201cDiversidade e Ambiente\u201d, ministrada pelo professor da Universidade Federal do Estado do Rio de Janeiro (Unirio), Celso S\u00e1nchez. <\/p>\n<ul>\n<li> <a href=\"https:\/\/g1.globo.com\/rj\/regiao-dos-lagos\/cidade\/armacao-de-buzios\/\" class=\"entities__list-itemLink\" data-track-click=\"Arma\u00e7\u00e3o dos B\u00fazios\"> Arma\u00e7\u00e3o dos B\u00fazios <\/a> <\/li>\n<li> <a href=\"https:\/\/g1.globo.com\/rj\/norte-fluminense\/cidade\/cambuci\/\" class=\"entities__list-itemLink\" data-track-click=\"Cambuci\"> Cambuci <\/a> <\/li>\n<li> <a href=\"https:\/\/g1.globo.com\/rj\/norte-fluminense\/cidade\/campos-dos-goytacazes\/\" class=\"entities__list-itemLink\" data-track-click=\"Campos dos Goytacazes\"> Campos dos Goytacazes <\/a> <\/li>\n<li> <a href=\"https:\/\/g1.globo.com\/rj\/regiao-dos-lagos\/cidade\/carapebus\/\" class=\"entities__list-itemLink\" data-track-click=\"Carapebus\"> Carapebus <\/a> <\/li>\n<li> <a href=\"https:\/\/g1.globo.com\/rj\/regiao-dos-lagos\/cidade\/casimiro-de-abreu\/\" class=\"entities__list-itemLink\" data-track-click=\"Casimiro de Abreu\"> Casimiro de Abreu <\/a> <\/li>\n<li> <a href=\"https:\/\/g1.globo.com\/rj\/regiao-dos-lagos\/cidade\/macae\/\" class=\"entities__list-itemLink\" data-track-click=\"Maca\u00e9\"> Maca\u00e9 <\/a> <\/li>\n<li> <a href=\"https:\/\/g1.globo.com\/rj\/norte-fluminense\/cidade\/miracema\/\" class=\"entities__list-itemLink\" data-track-click=\"Miracema\"> Miracema <\/a> <\/li>\n<li> <a href=\"https:\/\/g1.globo.com\/rj\/norte-fluminense\/cidade\/quissama\/\" class=\"entities__list-itemLink\" data-track-click=\"Quissam\u00e3\"> Quissam\u00e3 <\/a> <\/li>\n<li> <a href=\"https:\/\/g1.globo.com\/rj\/regiao-dos-lagos\/cidade\/rio-das-ostras\/\" class=\"entities__list-itemLink\" data-track-click=\"Rio das Ostras\"> Rio das Ostras <\/a> <\/li>\n<\/ul>\n","protected":false},"excerpt":{"rendered":"<p>1 de 2&#013;II F\u00f3rum Regional de Educa\u00e7\u00e3o em Maca\u00e9 reuniu 250 profissionais de diferentes munic\u00edpios do Rio \u2014 Foto: Prefeitura de Maca\u00e9\/Divulga\u00e7\u00e3o II F\u00f3rum Regional de Educa\u00e7\u00e3o em Maca\u00e9 reuniu 250 profissionais de diferentes munic\u00edpios do Rio \u2014 Foto: Prefeitura de Maca\u00e9\/Divulga\u00e7\u00e3o O II F\u00f3rum Regional de Educa\u00e7\u00e3o re\u00fane, na cidade de Maca\u00e9, no Norte [&hellip;]<\/p>\n","protected":false},"author":1,"featured_media":0,"comment_status":"closed","ping_status":"closed","sticky":false,"template":"","format":"standard","meta":{"footnotes":""},"categories":[],"tags":[],"class_list":["post-52030","post","type-post","status-publish","format-standard","hentry"],"_links":{"self":[{"href":"https:\/\/blog.corretoraideal.com.br\/index.php\/wp-json\/wp\/v2\/posts\/52030","targetHints":{"allow":["GET"]}}],"collection":[{"href":"https:\/\/blog.corretoraideal.com.br\/index.php\/wp-json\/wp\/v2\/posts"}],"about":[{"href":"https:\/\/blog.corretoraideal.com.br\/index.php\/wp-json\/wp\/v2\/types\/post"}],"author":[{"embeddable":true,"href":"https:\/\/blog.corretoraideal.com.br\/index.php\/wp-json\/wp\/v2\/users\/1"}],"replies":[{"embeddable":true,"href":"https:\/\/blog.corretoraideal.com.br\/index.php\/wp-json\/wp\/v2\/comments?post=52030"}],"version-history":[{"count":1,"href":"https:\/\/blog.corretoraideal.com.br\/index.php\/wp-json\/wp\/v2\/posts\/52030\/revisions"}],"predecessor-version":[{"id":52032,"href":"https:\/\/blog.corretoraideal.com.br\/index.php\/wp-json\/wp\/v2\/posts\/52030\/revisions\/52032"}],"wp:attachment":[{"href":"https:\/\/blog.corretoraideal.com.br\/index.php\/wp-json\/wp\/v2\/media?parent=52030"}],"wp:term":[{"taxonomy":"category","embeddable":true,"href":"https:\/\/blog.corretoraideal.com.br\/index.php\/wp-json\/wp\/v2\/categories?post=52030"},{"taxonomy":"post_tag","embeddable":true,"href":"https:\/\/blog.corretoraideal.com.br\/index.php\/wp-json\/wp\/v2\/tags?post=52030"}],"curies":[{"name":"wp","href":"https:\/\/api.w.org\/{rel}","templated":true}]}}