{"id":52033,"date":"2023-08-29T23:29:44","date_gmt":"2023-08-29T23:29:44","guid":{"rendered":"https:\/\/blog.corretoraideal.com.br\/?p=52033"},"modified":"2023-08-29T23:29:44","modified_gmt":"2023-08-29T23:29:44","slug":"maxmilhas-diz-que-vai-parcelar-pagamento-de-clientes-turismo-e-viagem-g1","status":"publish","type":"post","link":"https:\/\/blog.corretoraideal.com.br\/index.php\/2023\/08\/29\/maxmilhas-diz-que-vai-parcelar-pagamento-de-clientes-turismo-e-viagem-g1\/","title":{"rendered":"Maxmilhas diz que vai parcelar pagamento de clientes | Turismo e Viagem | G1"},"content":{"rendered":"<p>      1 de 1&#013;Maxmilhas, do grupo 123 Milhas, diz que vai parcelar pagamento de clientes \u2014 Foto: Reprodu\u00e7\u00e3o\/Maxmilhas    <\/p>\n<p> Maxmilhas, do grupo 123 Milhas, diz que vai parcelar pagamento de clientes \u2014 Foto: Reprodu\u00e7\u00e3o\/Maxmilhas <\/p>\n<p> A Maxmilhas anunciou nesta ter\u00e7a-feira (29) que vai parcelar o pagamento de vendas de milhas em sua plataforma. <\/p>\n<p> No in\u00edcio do ano, a empresa fez uma fus\u00e3o com a 123 Milhas, que, no dia 18 de agosto, <a class href=\"https:\/\/g1.globo.com\/economia\/noticia\/2023\/08\/18\/agencia-de-viagens-123-milhas-suspende-pacotes-e-emissao-de-passagens-promocionais.ghtml\">suspendeu pacotes e passagens a\u00e9reas da sua linha &quot;Promo&quot; que j\u00e1 tinham sido comprados para viagens<\/a> entre setembro e dezembro de 2023. <\/p>\n<p> A Maxmilhas e a 123 Milhas t\u00eam alguns s\u00f3cios investidores em comum, por\u00e9m as empresas possuem opera\u00e7\u00f5es independentes (saiba abaixo). <\/p>\n<p> Nas redes sociais, clientes da Maxmilhas t\u00eam compartilhado o comunicado enviado hoje, <strong>que informa que o parcelamento ser\u00e1 feito em tr\u00eas vezes<\/strong>. <\/p>\n<p> &quot;O valor pela venda das suas milhas ser\u00e1 reprogramado em 3 parcelas, da seguinte forma a partir da data de vencimento original: 30 dias; 60 dias; 90 dias&quot;, explica a empresa aos consumidores. <\/p>\n<ul>\n<li><a class href=\"https:\/\/g1.globo.com\/economia\/noticia\/2023\/08\/29\/123-milhas-entra-com-pedido-de-recuperacao-judicial.ghtml\">123 Milhas entra com pedido de recupera\u00e7\u00e3o judicial<\/a><\/li>\n<\/ul>\n<p> Ao <a class href=\"https:\/\/g1.globo.com\/\"><strong>g1<\/strong><\/a>, a Maxmilhas informou que fez essa altera\u00e7\u00e3o ap\u00f3s &quot;decis\u00f5es isoladas tomadas pela 123 Milhas&quot; <strong>(leia o comunicado ao final da reportagem)<\/strong>. <\/p>\n<p> J\u00e1 a Hotmilhas, que tamb\u00e9m faz parte do grupo 123 Milhas e que est\u00e1 com atividades pausadas, ainda n\u00e3o informou como ser\u00e3o feitos os pagamentos. Alguns <a class href=\"https:\/\/g1.globo.com\/turismo-e-viagem\/noticia\/2023\/08\/29\/hotmilhas-sem-informacoes-milheiros-se-reunem-apos-empresa-suspender-atividade-temporariamente.ghtml\">milheiros j\u00e1 relatam que n\u00e3o recebem desde a semana passada<\/a>. <\/p>\n<p> <strong>LEIA TAMB\u00c9M:<\/strong> <\/p>\n<ul>\n<li><a class href=\"https:\/\/g1.globo.com\/mg\/minas-gerais\/noticia\/2023\/08\/26\/ministerios-do-turismo-e-justica-avaliam-modelo-de-negocio-da-empresa-123-milhas.ghtml\">Entenda a crise da 123 Milhas<\/a><\/li>\n<li><a class href=\"https:\/\/g1.globo.com\/turismo-e-viagem\/noticia\/2023\/08\/19\/123-milhas-veja-perguntas-e-respostas-sobre-a-suspensao-de-pacotes-e-passagens-promocionais.ghtml\">Veja perguntas e respostas sobre a pol\u00eamica<\/a><\/li>\n<li><a class href=\"https:\/\/g1.globo.com\/turismo-e-viagem\/noticia\/2023\/08\/22\/caso-123-milhas-saiba-o-que-fazer-se-sua-viagem-foi-suspensa.ghtml\">Saiba o que fazer se sua viagem foi suspensa<\/a><\/li>\n<\/ul>\n<p><h2>Rela\u00e7\u00e3o 123 Milhas e Maxmilhas<\/h2>\n<\/p>\n<p> Em janeiro deste ano, a 123 Milhas e a Maxmilhas anunciaram um acordo de fus\u00e3o. <\/p>\n<p> A Maxmilhas foi fundada em 2012 por Max Oliveira. Mas, atualmente, os administradores da 123 Milhas s\u00e3o os \u00fanicos no quadro societ\u00e1rio da empresa \u2013 Ramiro Julio Soares Madureira como presidente, e Augusto Julio Soares Madureira como diretor. <\/p>\n<p> Apesar da fus\u00e3o, as opera\u00e7\u00f5es das duas empresas seguiram independentes. <\/p>\n<p> <strong>O que diz a MaxMilhas<\/strong> <\/p>\n<p> &quot;Apesar de termos s\u00f3cios em comum, fomos surpreendidos pelas decis\u00f5es isoladas tomadas pela 123 Milhas recentemente, assim como todo o mercado. <\/p>\n<p> Mesmo com opera\u00e7\u00f5es independentes, tais decis\u00f5es est\u00e3o se refletindo em nosso neg\u00f3cio e, tamb\u00e9m, no setor, gerando uma escassez de acesso \u00e0 capital de giro no mercado. <\/p>\n<p> Diante desse cen\u00e1rio, conversamos com nossos parceiros, fornecedores e ofertantes de milhas para acertar uma renegocia\u00e7\u00e3o de alguns pagamentos com o objetivo de alcan\u00e7ar o equil\u00edbrio operacional da empresa. <\/p>\n<p> J\u00e1 superamos desafios parecidos antes e estamos focados em buscar as melhores solu\u00e7\u00f5es poss\u00edveis para super\u00e1-los mais uma vez, mantendo nosso objetivo principal de fazer as pessoas viajarem mais&quot;. <\/p>\n<p>                   <img loading=\"lazy\" decoding=\"async\" class=\"aligncenter size-full wp-image-52035\" src=\"https:\/\/blog.corretoraideal.com.br\/wp-content\/uploads\/2023\/08\/123-milhas-veja-direitos-do-consumidor-7.jpeg\" alt=\"123 Milhas: Veja direitos do consumidor\" width=\"800\" height=\"400\" \/>      <\/p>\n<p> 123 Milhas: Veja direitos do consumidor <\/p>\n<ul> <\/ul>\n","protected":false},"excerpt":{"rendered":"<p>1 de 1&#013;Maxmilhas, do grupo 123 Milhas, diz que vai parcelar pagamento de clientes \u2014 Foto: Reprodu\u00e7\u00e3o\/Maxmilhas Maxmilhas, do grupo 123 Milhas, diz que vai parcelar pagamento de clientes \u2014 Foto: Reprodu\u00e7\u00e3o\/Maxmilhas A Maxmilhas anunciou nesta ter\u00e7a-feira (29) que vai parcelar o pagamento de vendas de milhas em sua plataforma. No in\u00edcio do ano, a [&hellip;]<\/p>\n","protected":false},"author":1,"featured_media":0,"comment_status":"closed","ping_status":"closed","sticky":false,"template":"","format":"standard","meta":{"footnotes":""},"categories":[],"tags":[],"class_list":["post-52033","post","type-post","status-publish","format-standard","hentry"],"_links":{"self":[{"href":"https:\/\/blog.corretoraideal.com.br\/index.php\/wp-json\/wp\/v2\/posts\/52033","targetHints":{"allow":["GET"]}}],"collection":[{"href":"https:\/\/blog.corretoraideal.com.br\/index.php\/wp-json\/wp\/v2\/posts"}],"about":[{"href":"https:\/\/blog.corretoraideal.com.br\/index.php\/wp-json\/wp\/v2\/types\/post"}],"author":[{"embeddable":true,"href":"https:\/\/blog.corretoraideal.com.br\/index.php\/wp-json\/wp\/v2\/users\/1"}],"replies":[{"embeddable":true,"href":"https:\/\/blog.corretoraideal.com.br\/index.php\/wp-json\/wp\/v2\/comments?post=52033"}],"version-history":[{"count":1,"href":"https:\/\/blog.corretoraideal.com.br\/index.php\/wp-json\/wp\/v2\/posts\/52033\/revisions"}],"predecessor-version":[{"id":52036,"href":"https:\/\/blog.corretoraideal.com.br\/index.php\/wp-json\/wp\/v2\/posts\/52033\/revisions\/52036"}],"wp:attachment":[{"href":"https:\/\/blog.corretoraideal.com.br\/index.php\/wp-json\/wp\/v2\/media?parent=52033"}],"wp:term":[{"taxonomy":"category","embeddable":true,"href":"https:\/\/blog.corretoraideal.com.br\/index.php\/wp-json\/wp\/v2\/categories?post=52033"},{"taxonomy":"post_tag","embeddable":true,"href":"https:\/\/blog.corretoraideal.com.br\/index.php\/wp-json\/wp\/v2\/tags?post=52033"}],"curies":[{"name":"wp","href":"https:\/\/api.w.org\/{rel}","templated":true}]}}