{"id":52050,"date":"2023-08-30T05:30:18","date_gmt":"2023-08-30T05:30:18","guid":{"rendered":"https:\/\/blog.corretoraideal.com.br\/?p=52050"},"modified":"2023-08-30T05:30:18","modified_gmt":"2023-08-30T05:30:18","slug":"receita-federal-suspendera-atividades-em-12-agencias-do-pr-e-sc-por-falta-de-servidores-veja-cidades-economia-g1","status":"publish","type":"post","link":"https:\/\/blog.corretoraideal.com.br\/index.php\/2023\/08\/30\/receita-federal-suspendera-atividades-em-12-agencias-do-pr-e-sc-por-falta-de-servidores-veja-cidades-economia-g1\/","title":{"rendered":"Receita Federal suspender\u00e1 atividades em 12 ag\u00eancias do PR e SC por falta de servidores; veja cidades | Economia | G1"},"content":{"rendered":"<p>      1 de 1&#013;Ag\u00eancia da Receita Federal \u2014 Foto: Ag\u00eancia Brasil    <\/p>\n<p> Ag\u00eancia da Receita Federal \u2014 Foto: Ag\u00eancia Brasil <\/p>\n<p> A <a class href=\"https:\/\/g1.globo.com\/tudo-sobre\/receita-federal\/\">Receita Federal<\/a> anunciou a suspens\u00e3o tempor\u00e1ria de atividades em 12 ag\u00eancias que est\u00e3o em cidades do Paran\u00e1 e de Santa Catarina. A medida foi publicada em edi\u00e7\u00e3o do Di\u00e1rio Oficial da Uni\u00e3o desta quarta-feira (30). <\/p>\n<ul>\n<li><a class href=\"https:\/\/api.whatsapp.com\/send?text=https:\/\/g1.globo.com\/economia\/noticia\/2023\/08\/30\/receita-federal-suspende-atividades-em-12-agencias-do-pr-e-sc-por-falta-de-servidores-veja-cidades.ghtml?utm_source%3Dwhatsapp%26utm_medium%3Dshare-engagement%26utm_campaign%3Dte-materias\" target=\"_blank\" rel=\"noopener noreferrer\">Compartilhe no WhatsApp<\/a><\/li>\n<li><a class href=\"https:\/\/telegram.me\/share\/url?url=https:\/\/g1.globo.com\/economia\/noticia\/2023\/08\/30\/receita-federal-suspende-atividades-em-12-agencias-do-pr-e-sc-por-falta-de-servidores-veja-cidades.ghtml?utm_source%3Dtelegram%26utm_medium%3Dshare-engagement%26utm_campaign%3Dte-materias\" target=\"_blank\" rel=\"noopener noreferrer\">Compartilhe no Telegram<\/a><\/li>\n<\/ul>\n<p> De acordo com a publica\u00e7\u00e3o, a suspens\u00e3o das atividades acontecer\u00e1 por causa da falta de servidores. A Receita justificou que existe dificuldade em repor o quadro do funcionalismo p\u00fablico. <\/p>\n<p> Al\u00e9m disso, segundo o \u00f3rg\u00e3o, outro fator que determinou a suspens\u00e3o tempor\u00e1ria \u00e9 a redu\u00e7\u00e3o constante no n\u00famero de atendimentos presenciais. <\/p>\n<p> Segundo as portarias publicadas no Di\u00e1rio Oficial, a suspens\u00e3o das atividades ser\u00e1 v\u00e1lida at\u00e9 31 de dezembro de 2024.<strong> <\/strong>Os atendimentos presenciais ser\u00e3o redirecionados para outras ag\u00eancias. No entanto, os contribuintes tamb\u00e9m podem procurar pelos <a class href=\"https:\/\/www.gov.br\/receitafederal\/pt-br\/canais_atendimento\/fale-conosco\" target=\"_blank\" rel=\"noopener noreferrer\">pontos de atendimento virtual<\/a>. <\/p>\n<p><h2>Unidades afetadas<\/h2>\n<\/p>\n<p> Os prazos para suspens\u00e3o das atividades variam de acordo com as unidades. Confira, a seguir, as cidades afetas, o in\u00edcio da suspens\u00e3o e para quais cidades o atendimento presencial ser\u00e1 redirecionado. <\/p>\n<ul>\n<li><a class href=\"https:\/\/g1.globo.com\/pr\/campos-gerais-sul\/cidade\/uniao-da-vitoria\/\"><strong>Uni\u00e3o da Vit\u00f3ria (PR)<\/strong><\/a><\/li>\n<\/ul>\n<p> Suspens\u00e3o a partir de 1\u00ba de setembro. Contribuintes de Bituruna, Cruz Machado, General Carneiro, Irine\u00f3polis (SC), Paula Freitas, Paulo Frontin e Porto Vit\u00f3ria dever\u00e3o procurar a ag\u00eancia de Guarapuava. J\u00e1 contribuintes de Uni\u00e3o da Vit\u00f3ria e Porto Uni\u00e3o (SC) devem se dirigir para a ag\u00eancia de Ponta Grossa. <\/p>\n<ul>\n<li><a class href=\"https:\/\/g1.globo.com\/pr\/campos-gerais-sul\/cidade\/irati-pr\/\"><strong>Irati (PR)<\/strong><\/a><\/li>\n<\/ul>\n<p> Suspens\u00e3o a partir de 1\u00ba de setembro. Contribuintes de In\u00e1cio Martins e Prudent\u00f3polis devem procurar a ag\u00eancia de Guarapuava. J\u00e1 os contribuintes de Irati, Fernandes Pinheiro, Guamiranga, Imbituva, Mallet, Rebou\u00e7as, Rio Azul e Teixeira Soares devem procurar a ag\u00eancia de Ponta Grossa. <\/p>\n<ul>\n<li><a class href=\"https:\/\/g1.globo.com\/pr\/norte-noroeste\/cidade\/cornelio-procopio\/\"><strong>Corn\u00e9lio Proc\u00f3pio (PR)<\/strong><\/a><\/li>\n<\/ul>\n<p> Suspens\u00e3o a partir de 1\u00ba de setembro. Os contribuintes da regi\u00e3o dever\u00e3o procurar atendimento presencial na ag\u00eancia de Londrina. <\/p>\n<ul>\n<li><a class href=\"https:\/\/g1.globo.com\/pr\/norte-noroeste\/cidade\/campo-mourao\/\"><strong>Campo Mour\u00e3o (PR)<\/strong><\/a><\/li>\n<\/ul>\n<p> Suspens\u00e3o a partir de 1\u00ba de setembro. Os contribuintes da regi\u00e3o dever\u00e3o procurar atendimento presencial na ag\u00eancia de Maring\u00e1. <\/p>\n<ul>\n<li><a class href=\"https:\/\/g1.globo.com\/pr\/norte-noroeste\/cidade\/cianorte\/\"><strong>Cianorte (PR)<\/strong><\/a><\/li>\n<\/ul>\n<p> Suspens\u00e3o a partir de 1\u00ba de setembro. Os contribuintes da regi\u00e3o dever\u00e3o procurar atendimento presencial na ag\u00eancia de Maring\u00e1. <\/p>\n<ul>\n<li><a class href=\"https:\/\/g1.globo.com\/pr\/norte-noroeste\/cidade\/jacarezinho-pr\/\"><strong>Jacarezinho (PR)<\/strong><\/a><\/li>\n<\/ul>\n<p> Suspens\u00e3o a partir de 1\u00ba de setembro. Os contribuintes da regi\u00e3o dever\u00e3o procurar atendimento presencial na ag\u00eancia de Londrina. <\/p>\n<ul>\n<li><a class href=\"https:\/\/g1.globo.com\/pr\/campos-gerais-sul\/cidade\/ibaiti\/\"><strong>Ibaiti (PR)<\/strong><\/a><\/li>\n<\/ul>\n<p> Suspens\u00e3o a partir de 1\u00ba de setembro. Os contribuintes da regi\u00e3o dever\u00e3o procurar atendimento presencial na ag\u00eancia de Ponta Grossa. <\/p>\n<ul>\n<li><a class href=\"https:\/\/g1.globo.com\/sc\/santa-catarina\/cidade\/sao-miguel-do-oeste\/\"><strong>S\u00e3o Miguel do Oeste (SC)<\/strong><\/a><\/li>\n<\/ul>\n<p> Suspens\u00e3o a partir de 1\u00ba de setembro. Os contribuintes da regi\u00e3o dever\u00e3o procurar atendimento presencial na ag\u00eancia de Chapec\u00f3. <\/p>\n<ul>\n<li><a class href=\"https:\/\/g1.globo.com\/sc\/santa-catarina\/cidade\/concordia\/\"><strong>Conc\u00f3rdia (SC)<\/strong><\/a><\/li>\n<\/ul>\n<p> Suspens\u00e3o aguarda publica\u00e7\u00e3o do Regimento Interno da Receita Federal. Os contribuintes da regi\u00e3o dever\u00e3o procurar atendimento presencial na ag\u00eancia de Joa\u00e7aba. <\/p>\n<ul>\n<li><a class href=\"https:\/\/g1.globo.com\/sc\/santa-catarina\/cidade\/rio-do-sul\/\"><strong>Rio do Sul (SC)<\/strong><\/a><\/li>\n<\/ul>\n<p> Suspens\u00e3o a partir de 1\u00ba de outubro. Os contribuintes da regi\u00e3o dever\u00e3o procurar atendimento presencial na ag\u00eancia de Blumenau. <\/p>\n<ul>\n<li><a class href=\"https:\/\/g1.globo.com\/sc\/santa-catarina\/cidade\/ararangua\/\"><strong>Ararangu\u00e1 (SC)<\/strong><\/a><\/li>\n<\/ul>\n<p> Suspens\u00e3o aguarda publica\u00e7\u00e3o do Regimento Interno da Receita Federal. Os contribuintes da regi\u00e3o dever\u00e3o procurar atendimento presencial na ag\u00eancia de Florian\u00f3polis. <\/p>\n<ul>\n<li><a class href=\"https:\/\/g1.globo.com\/sc\/santa-catarina\/cidade\/xanxere\/\"><strong>Xanxer\u00ea (SC)<\/strong><\/a><\/li>\n<\/ul>\n<p> Suspens\u00e3o aguarda publica\u00e7\u00e3o do Regimento Interno da Receita Federal. Os contribuintes da regi\u00e3o dever\u00e3o procurar atendimento presencial na ag\u00eancia de Chapec\u00f3. <\/p>\n<p><h2>V\u00cdDEOS: not\u00edcias de Economia<\/h2>\n<\/p>\n<p>   <a href=\"https:\/\/g1.globo.com\/economia\/playlist\/videos-ultimas-noticias-de-economia.ghtml\">    50 v\u00eddeos      <\/a>       <\/p>\n<ul>\n<li> <a href=\"https:\/\/g1.globo.com\/sc\/santa-catarina\/cidade\/ararangua\/\" class=\"entities__list-itemLink\" data-track-click=\"Ararangu\u00e1\"> Ararangu\u00e1 <\/a> <\/li>\n<li> <a href=\"https:\/\/g1.globo.com\/pr\/norte-noroeste\/cidade\/campo-mourao\/\" class=\"entities__list-itemLink\" data-track-click=\"Campo Mour\u00e3o\"> Campo Mour\u00e3o <\/a> <\/li>\n<li> <a href=\"https:\/\/g1.globo.com\/pr\/norte-noroeste\/cidade\/cianorte\/\" class=\"entities__list-itemLink\" data-track-click=\"Cianorte\"> Cianorte <\/a> <\/li>\n<li> <a href=\"https:\/\/g1.globo.com\/sc\/santa-catarina\/cidade\/concordia\/\" class=\"entities__list-itemLink\" data-track-click=\"Conc\u00f3rdia\"> Conc\u00f3rdia <\/a> <\/li>\n<li> <a href=\"https:\/\/g1.globo.com\/pr\/norte-noroeste\/cidade\/cornelio-procopio\/\" class=\"entities__list-itemLink\" data-track-click=\"Corn\u00e9lio Proc\u00f3pio\"> Corn\u00e9lio Proc\u00f3pio <\/a> <\/li>\n<li> <a href=\"https:\/\/g1.globo.com\/pr\/campos-gerais-sul\/cidade\/ibaiti\/\" class=\"entities__list-itemLink\" data-track-click=\"Ibaiti\"> Ibaiti <\/a> <\/li>\n<li> <a href=\"https:\/\/g1.globo.com\/pr\/campos-gerais-sul\/cidade\/irati-pr\/\" class=\"entities__list-itemLink\" data-track-click=\"Irati\"> Irati <\/a> <\/li>\n<li> <a href=\"https:\/\/g1.globo.com\/pr\/norte-noroeste\/cidade\/jacarezinho-pr\/\" class=\"entities__list-itemLink\" data-track-click=\"Jacarezinho\"> Jacarezinho <\/a> <\/li>\n<li> <a href=\"https:\/\/g1.globo.com\/tudo-sobre\/receita-federal\/\" class=\"entities__list-itemLink\" data-track-click=\"Receita Federal\"> Receita Federal <\/a> <\/li>\n<li> <a href=\"https:\/\/g1.globo.com\/sc\/santa-catarina\/cidade\/rio-do-sul\/\" class=\"entities__list-itemLink\" data-track-click=\"Rio do Sul\"> Rio do Sul <\/a> <\/li>\n<li> <a href=\"https:\/\/g1.globo.com\/sc\/santa-catarina\/cidade\/sao-miguel-do-oeste\/\" class=\"entities__list-itemLink\" data-track-click=\"S\u00e3o Miguel do Oeste\"> S\u00e3o Miguel do Oeste <\/a> <\/li>\n<li> <a href=\"https:\/\/g1.globo.com\/pr\/campos-gerais-sul\/cidade\/uniao-da-vitoria\/\" class=\"entities__list-itemLink\" data-track-click=\"Uni\u00e3o da Vit\u00f3ria\"> Uni\u00e3o da Vit\u00f3ria <\/a> <\/li>\n<li> <a href=\"https:\/\/g1.globo.com\/sc\/santa-catarina\/cidade\/xanxere\/\" class=\"entities__list-itemLink\" data-track-click=\"Xanxer\u00ea\"> Xanxer\u00ea <\/a> <\/li>\n<\/ul>\n","protected":false},"excerpt":{"rendered":"<p>1 de 1&#013;Ag\u00eancia da Receita Federal \u2014 Foto: Ag\u00eancia Brasil Ag\u00eancia da Receita Federal \u2014 Foto: Ag\u00eancia Brasil A Receita Federal anunciou a suspens\u00e3o tempor\u00e1ria de atividades em 12 ag\u00eancias que est\u00e3o em cidades do Paran\u00e1 e de Santa Catarina. A medida foi publicada em edi\u00e7\u00e3o do Di\u00e1rio Oficial da Uni\u00e3o desta quarta-feira (30). Compartilhe [&hellip;]<\/p>\n","protected":false},"author":1,"featured_media":0,"comment_status":"closed","ping_status":"closed","sticky":false,"template":"","format":"standard","meta":{"footnotes":""},"categories":[],"tags":[],"class_list":["post-52050","post","type-post","status-publish","format-standard","hentry"],"_links":{"self":[{"href":"https:\/\/blog.corretoraideal.com.br\/index.php\/wp-json\/wp\/v2\/posts\/52050","targetHints":{"allow":["GET"]}}],"collection":[{"href":"https:\/\/blog.corretoraideal.com.br\/index.php\/wp-json\/wp\/v2\/posts"}],"about":[{"href":"https:\/\/blog.corretoraideal.com.br\/index.php\/wp-json\/wp\/v2\/types\/post"}],"author":[{"embeddable":true,"href":"https:\/\/blog.corretoraideal.com.br\/index.php\/wp-json\/wp\/v2\/users\/1"}],"replies":[{"embeddable":true,"href":"https:\/\/blog.corretoraideal.com.br\/index.php\/wp-json\/wp\/v2\/comments?post=52050"}],"version-history":[{"count":1,"href":"https:\/\/blog.corretoraideal.com.br\/index.php\/wp-json\/wp\/v2\/posts\/52050\/revisions"}],"predecessor-version":[{"id":52052,"href":"https:\/\/blog.corretoraideal.com.br\/index.php\/wp-json\/wp\/v2\/posts\/52050\/revisions\/52052"}],"wp:attachment":[{"href":"https:\/\/blog.corretoraideal.com.br\/index.php\/wp-json\/wp\/v2\/media?parent=52050"}],"wp:term":[{"taxonomy":"category","embeddable":true,"href":"https:\/\/blog.corretoraideal.com.br\/index.php\/wp-json\/wp\/v2\/categories?post=52050"},{"taxonomy":"post_tag","embeddable":true,"href":"https:\/\/blog.corretoraideal.com.br\/index.php\/wp-json\/wp\/v2\/tags?post=52050"}],"curies":[{"name":"wp","href":"https:\/\/api.w.org\/{rel}","templated":true}]}}