{"id":52053,"date":"2023-08-30T06:29:36","date_gmt":"2023-08-30T06:29:36","guid":{"rendered":"https:\/\/blog.corretoraideal.com.br\/?p=52053"},"modified":"2023-08-30T06:29:36","modified_gmt":"2023-08-30T06:29:36","slug":"instagram-apresenta-instabilidade-nesta-terca-feira-tecnologia-g1","status":"publish","type":"post","link":"https:\/\/blog.corretoraideal.com.br\/index.php\/2023\/08\/30\/instagram-apresenta-instabilidade-nesta-terca-feira-tecnologia-g1\/","title":{"rendered":"Instagram apresenta instabilidade nesta ter\u00e7a-feira | Tecnologia | G1"},"content":{"rendered":"<p>      1 de 2&#013;\u00cdcone do Instagram. \u2014 Foto: REUTERS\/Thomas White    <\/p>\n<p> \u00cdcone do Instagram. \u2014 Foto: REUTERS\/Thomas White <\/p>\n<p> O <a class href=\"https:\/\/g1.globo.com\/tudo-sobre\/instagram\/\">Instagram<\/a> apresentou instabilidade no in\u00edcio da tarde desta ter\u00e7a-feira (29). <\/p>\n<p> O site Downdetector, que acompanha a disponibilidade de diversos sites e servi\u00e7os, registrou mais de 300 reclama\u00e7\u00f5es sobre a rede social no Brasil, por volta das 12h24 (hor\u00e1rio de Bras\u00edlia). O n\u00famero come\u00e7ou a cair perto de 12h40. <\/p>\n<p> Tamb\u00e9m houve relatos de instabilidade em outros pa\u00edses, como M\u00e9xico, Canad\u00e1, Espanha, Portugal e Estados Unidos (EUA). <\/p>\n<p> No Brasil, usu\u00e1rios falam em dificuldades para acessar o aplicativo no celular e no computador. <\/p>\n<p> O <a class href=\"https:\/\/g1.globo.com\/\"><strong>g1<\/strong><\/a> entrou em contato com o Instagram e aguarda por um posicionamento. <\/p>\n<p>         2 de 2&#013;instabilidade instagram \u2014 Foto: Reprodu\u00e7\u00e3o    <\/p>\n<p> instabilidade instagram \u2014 Foto: Reprodu\u00e7\u00e3o <\/p>\n<ul>\n<li> <a href=\"https:\/\/g1.globo.com\/tudo-sobre\/instagram\/\" class=\"entities__list-itemLink\" data-track-click=\"Instagram\"> Instagram <\/a> <\/li>\n<\/ul>\n","protected":false},"excerpt":{"rendered":"<p>1 de 2&#013;\u00cdcone do Instagram. \u2014 Foto: REUTERS\/Thomas White \u00cdcone do Instagram. \u2014 Foto: REUTERS\/Thomas White O Instagram apresentou instabilidade no in\u00edcio da tarde desta ter\u00e7a-feira (29). O site Downdetector, que acompanha a disponibilidade de diversos sites e servi\u00e7os, registrou mais de 300 reclama\u00e7\u00f5es sobre a rede social no Brasil, por volta das 12h24 (hor\u00e1rio [&hellip;]<\/p>\n","protected":false},"author":1,"featured_media":0,"comment_status":"closed","ping_status":"closed","sticky":false,"template":"","format":"standard","meta":{"footnotes":""},"categories":[],"tags":[],"class_list":["post-52053","post","type-post","status-publish","format-standard","hentry"],"_links":{"self":[{"href":"https:\/\/blog.corretoraideal.com.br\/index.php\/wp-json\/wp\/v2\/posts\/52053","targetHints":{"allow":["GET"]}}],"collection":[{"href":"https:\/\/blog.corretoraideal.com.br\/index.php\/wp-json\/wp\/v2\/posts"}],"about":[{"href":"https:\/\/blog.corretoraideal.com.br\/index.php\/wp-json\/wp\/v2\/types\/post"}],"author":[{"embeddable":true,"href":"https:\/\/blog.corretoraideal.com.br\/index.php\/wp-json\/wp\/v2\/users\/1"}],"replies":[{"embeddable":true,"href":"https:\/\/blog.corretoraideal.com.br\/index.php\/wp-json\/wp\/v2\/comments?post=52053"}],"version-history":[{"count":1,"href":"https:\/\/blog.corretoraideal.com.br\/index.php\/wp-json\/wp\/v2\/posts\/52053\/revisions"}],"predecessor-version":[{"id":52055,"href":"https:\/\/blog.corretoraideal.com.br\/index.php\/wp-json\/wp\/v2\/posts\/52053\/revisions\/52055"}],"wp:attachment":[{"href":"https:\/\/blog.corretoraideal.com.br\/index.php\/wp-json\/wp\/v2\/media?parent=52053"}],"wp:term":[{"taxonomy":"category","embeddable":true,"href":"https:\/\/blog.corretoraideal.com.br\/index.php\/wp-json\/wp\/v2\/categories?post=52053"},{"taxonomy":"post_tag","embeddable":true,"href":"https:\/\/blog.corretoraideal.com.br\/index.php\/wp-json\/wp\/v2\/tags?post=52053"}],"curies":[{"name":"wp","href":"https:\/\/api.w.org\/{rel}","templated":true}]}}