{"id":52074,"date":"2023-08-30T13:31:11","date_gmt":"2023-08-30T13:31:11","guid":{"rendered":"https:\/\/blog.corretoraideal.com.br\/?p=52074"},"modified":"2023-08-30T13:31:11","modified_gmt":"2023-08-30T13:31:11","slug":"defesa-civil-alerta-para-ressaca-ate-quinta-e-segue-monitorando-possibilidade-de-chuva-na-cidade-norte-fluminense-g1","status":"publish","type":"post","link":"https:\/\/blog.corretoraideal.com.br\/index.php\/2023\/08\/30\/defesa-civil-alerta-para-ressaca-ate-quinta-e-segue-monitorando-possibilidade-de-chuva-na-cidade-norte-fluminense-g1\/","title":{"rendered":"Defesa Civil alerta para ressaca at\u00e9 quinta e segue monitorando possibilidade de chuva na cidade | Norte Fluminense | G1"},"content":{"rendered":"\n<p> A Defesa Civil de <a class href=\"https:\/\/g1.globo.com\/rj\/norte-fluminense\/cidade\/campos-dos-goytacazes\/\">Campos dos Goytacazes<\/a>, no Norte Fluminense, alerta para possibilidade de ressaca na regi\u00e3o litor\u00e2nea da cidade entre a madrugada de quarta-feira (9) e manh\u00e3 de quinta-feira (10). Segundo o \u00f3rg\u00e3o, \u00e9 prevista incid\u00eancia de ondas de at\u00e9 tr\u00eas metros de altura. <\/p>\n<p> O \u00f3rg\u00e3o pede a aten\u00e7\u00e3o de pedestres e motoristas quanto \u00e0 circula\u00e7\u00e3o na faixa litor\u00e2nea, j\u00e1 atingida constantemente por ondas e ventos, &quot;que causam, em conjunto, o fen\u00f4meno da eros\u00e3o costeira&quot;. <\/p>\n<p><h2>Transtorno com a chuva<\/h2>\n<\/p>\n<p> Moradores do bairro da Pecu\u00e1ria e Novo Jockey reclamaram das condi\u00e7\u00f5es depois da chuva dos \u00faltimos dias. Na segunda-feira (28), ruas amanheceram cobertas pela \u00e1gua. <\/p>\n<p> Na Avenida Presidente Vargas, que fica no bairro da Pecu\u00e1ria, os motoristas precisaram ter aten\u00e7\u00e3o redobrada por conta da pista molhada. No Novo Jockey, os moradores reclamaram dos pontos de alagamento na rua Manoel Viana e questionaram a demora do processo licitat\u00f3rio do projeto bairro legal. <\/p>\n<p> Em rela\u00e7\u00e3o ao Novo Jockey, a Prefeitura de Campos disse, em nota, que est\u00e1 sempre solicitando agilidade ao Governo do Estado no processo licitat\u00f3rio, que est\u00e1 em andamento e envolve ainda a Fazenda Goiabal. De acordo com o governo municipal ser\u00e3o mais de R$ 90 milh\u00f5es investidos em obras de rede de drenagem, pavimenta\u00e7\u00e3o e cal\u00e7adas. <\/p>\n<p> Na segunda, a Secretaria Municipal de Obras e Infraestrutura informou tamb\u00e9m que uma equipe t\u00e9cnica foi direcionada para vistoriar a Avenida Presidente Vargas para identificar as causas e buscar solu\u00e7\u00e3o para o alagamento. <\/p>\n<p> A Prefeitura explicou, ainda na segunda, que equipes realizaram bombeamento de ac\u00famulo de \u00e1gua na Rua Projetada A, no Parque Novo J\u00f3quei, onde h\u00e1 um projeto em licita\u00e7\u00e3o, junto ao Governo do Estado, para a realiza\u00e7\u00e3o do Programa Bairro Legal, que vai solucionar os problemas de alagamentos no local. <\/p>\n<ul>\n<li> <a href=\"https:\/\/g1.globo.com\/rj\/norte-fluminense\/cidade\/campos-dos-goytacazes\/\" class=\"entities__list-itemLink\" data-track-click=\"Campos dos Goytacazes\"> Campos dos Goytacazes <\/a> <\/li>\n<\/ul>\n","protected":false},"excerpt":{"rendered":"<p>A Defesa Civil de Campos dos Goytacazes, no Norte Fluminense, alerta para possibilidade de ressaca na regi\u00e3o litor\u00e2nea da cidade entre a madrugada de quarta-feira (9) e manh\u00e3 de quinta-feira (10). Segundo o \u00f3rg\u00e3o, \u00e9 prevista incid\u00eancia de ondas de at\u00e9 tr\u00eas metros de altura. O \u00f3rg\u00e3o pede a aten\u00e7\u00e3o de pedestres e motoristas quanto [&hellip;]<\/p>\n","protected":false},"author":1,"featured_media":0,"comment_status":"closed","ping_status":"closed","sticky":false,"template":"","format":"standard","meta":{"footnotes":""},"categories":[],"tags":[],"class_list":["post-52074","post","type-post","status-publish","format-standard","hentry"],"_links":{"self":[{"href":"https:\/\/blog.corretoraideal.com.br\/index.php\/wp-json\/wp\/v2\/posts\/52074","targetHints":{"allow":["GET"]}}],"collection":[{"href":"https:\/\/blog.corretoraideal.com.br\/index.php\/wp-json\/wp\/v2\/posts"}],"about":[{"href":"https:\/\/blog.corretoraideal.com.br\/index.php\/wp-json\/wp\/v2\/types\/post"}],"author":[{"embeddable":true,"href":"https:\/\/blog.corretoraideal.com.br\/index.php\/wp-json\/wp\/v2\/users\/1"}],"replies":[{"embeddable":true,"href":"https:\/\/blog.corretoraideal.com.br\/index.php\/wp-json\/wp\/v2\/comments?post=52074"}],"version-history":[{"count":1,"href":"https:\/\/blog.corretoraideal.com.br\/index.php\/wp-json\/wp\/v2\/posts\/52074\/revisions"}],"predecessor-version":[{"id":52076,"href":"https:\/\/blog.corretoraideal.com.br\/index.php\/wp-json\/wp\/v2\/posts\/52074\/revisions\/52076"}],"wp:attachment":[{"href":"https:\/\/blog.corretoraideal.com.br\/index.php\/wp-json\/wp\/v2\/media?parent=52074"}],"wp:term":[{"taxonomy":"category","embeddable":true,"href":"https:\/\/blog.corretoraideal.com.br\/index.php\/wp-json\/wp\/v2\/categories?post=52074"},{"taxonomy":"post_tag","embeddable":true,"href":"https:\/\/blog.corretoraideal.com.br\/index.php\/wp-json\/wp\/v2\/tags?post=52074"}],"curies":[{"name":"wp","href":"https:\/\/api.w.org\/{rel}","templated":true}]}}