{"id":52077,"date":"2023-08-30T15:31:14","date_gmt":"2023-08-30T15:31:14","guid":{"rendered":"https:\/\/blog.corretoraideal.com.br\/?p=52077"},"modified":"2023-08-30T15:31:14","modified_gmt":"2023-08-30T15:31:14","slug":"ibovespa-abre-em-alta-puxada-por-vale-e-outras-empresas-exportadoras-de-minerio-de-ferro-economia-g1","status":"publish","type":"post","link":"https:\/\/blog.corretoraideal.com.br\/index.php\/2023\/08\/30\/ibovespa-abre-em-alta-puxada-por-vale-e-outras-empresas-exportadoras-de-minerio-de-ferro-economia-g1\/","title":{"rendered":"Ibovespa abre em alta, puxada por Vale e outras empresas exportadoras de min\u00e9rio de ferro | Economia | G1"},"content":{"rendered":"<p>      1 de 1&#013;Ibovespa \u2014 Foto: Pixabay    <\/p>\n<p> Ibovespa \u2014 Foto: Pixabay <\/p>\n<p> O <a class href=\"https:\/\/g1.globo.com\/tudo-sobre\/ibovespa\/\">Ibovespa<\/a>, principal \u00edndice da bolsa de valores de S\u00e3o Paulo, a <a class href=\"https:\/\/g1.globo.com\/tudo-sobre\/bmf-bovespa\/\">B3<\/a>, abriu em alta, em um dia de maior volatilidade nos mercados globais, puxada pela valoriza\u00e7\u00e3o da Vale e de outras empresas ligadas ao min\u00e9rio de ferro, que sobem acompanhando a valoriza\u00e7\u00e3o da commodity no exterior. <\/p>\n<p> Investidores repercutem dados econ\u00f4micos do Brasil e dos <a class href=\"https:\/\/g1.globo.com\/tudo-sobre\/estados-unidos\/\">Estados Unidos<\/a>, enquanto o cen\u00e1rio pol\u00edtico tamb\u00e9m segue no radar, na expectativa pelo texto do Or\u00e7amento de 2024. <\/p>\n<p> \u00c0s 10h20, o \u00edndice subia 0,19%, aos 118.631 pontos. <a class href=\"https:\/\/valor.globo.com\/wall-concurrence\/?next=https:\/\/valor.globo.com\/valor-data\/\">Veja mais cota\u00e7\u00f5es<\/a>. <\/p>\n<p> No mesmo hor\u00e1rio, as a\u00e7\u00f5es da Vale avan\u00e7avam quase 1%, enquanto os pap\u00e9is da CSN e da CSN Mineradora tinham altas de 2,75% e 1,20%, respectivamente. <\/p>\n<p> No dia anterior, o Ibovespa avan\u00e7ou 1,10%, aos 118.804 pontos. Com o resultado, o \u00edndice passou a acumular: <\/p>\n<ul>\n<li><strong>alta de 2,22% na semana;<\/strong><\/li>\n<li><strong>queda de 2,90 no m\u00eas;<\/strong><\/li>\n<li><strong>e ganho de 7,90% no ano.<\/strong><\/li>\n<\/ul>\n<p><h2><strong>O que est\u00e1 mexendo com os mercados?<\/strong><\/h2>\n<\/p>\n<p> O dia \u00e9 de volatilidade nos mercados globais, em um movimento de corre\u00e7\u00e3o natural das altas mais expressivas de ontem, quando os dados de emprego nos Estados Unidos surpreenderam positivamente os especialistas. <\/p>\n<p> A cria\u00e7\u00e3o de vagas veio menor que o esperado. O arrefecimento do mercado de trabalho norte-americano significa um aumento da percep\u00e7\u00e3o de que o Federal Reserve (<a class href=\"https:\/\/g1.globo.com\/tudo-sobre\/fed\/\">Fed<\/a>, o Banco Central do pa\u00eds) possa pausar o processo de alta de juros &#8211; j\u00e1 que, com um mercado de trabalho mais fraco, h\u00e1 menos dinheiro na m\u00e3o da popula\u00e7\u00e3o e o impacto sobre a infla\u00e7\u00e3o tende a diminuir. <\/p>\n<p> No Brasil, as aten\u00e7\u00f5es est\u00e3o focadas no cen\u00e1rio pol\u00edtico, \u00e0 espera do envio do Or\u00e7amento de 2024 pelo governo federal para o Congresso Nacional. O documento precisa ser entregue at\u00e9 31 de agosto e o mercado aguarda pelas demonstra\u00e7\u00f5es de como o governo vai elevar a arrecada\u00e7\u00e3o federal. <\/p>\n<p> O ministro da Fazenda, Fernando Haddad, afirma que o or\u00e7amento est\u00e1 equilibrado, mas outros ministros defendem uma mudan\u00e7a na meta, levando o d\u00e9ficit p\u00fablico para at\u00e9 0,75 do Produto Interno Bruto (PIB), segundo informa\u00e7\u00f5es do jornal Valor Econ\u00f4mico. <\/p>\n<p> Na agenda econ\u00f4mica, destaque para os dados do Caged, do Minist\u00e9rio do Trabalho e Emprego, que mostrou que <a class href=\"https:\/\/g1.globo.com\/economia\/noticia\/2023\/08\/30\/brasil-cria-1427-mil-empregos-formais-em-julho.ghtml\">a economia brasileira gerou 142,7 mil empregos com carteira assinada em julho deste ano<\/a>, abaixo das estimativas de mercado. <\/p>\n<p> Al\u00e9m disso, a Funda\u00e7\u00e3o Getulio Vargas divulgou o IGP-M de agosto, que \u00e9 conhecido como a infla\u00e7\u00e3o do aluguel. No m\u00eas, o indicador recuou 0,14%, contra queda de 0,72% em julho. <\/p>\n<ul>\n<li> <a href=\"https:\/\/g1.globo.com\/tudo-sobre\/bmf-bovespa\/\" class=\"entities__list-itemLink\" data-track-click=\"B3\"> B3 <\/a> <\/li>\n<li> <a href=\"https:\/\/g1.globo.com\/tudo-sobre\/banco-central-do-brasil\/\" class=\"entities__list-itemLink\" data-track-click=\"Banco Central do Brasil\"> Banco Central do Brasil <\/a> <\/li>\n<li> <a href=\"https:\/\/g1.globo.com\/tudo-sobre\/bradesco\/\" class=\"entities__list-itemLink\" data-track-click=\"Bradesco\"> Bradesco <\/a> <\/li>\n<li> <a href=\"https:\/\/g1.globo.com\/tudo-sobre\/brics\/\" class=\"entities__list-itemLink\" data-track-click=\"Brics\"> Brics <\/a> <\/li>\n<li> <a href=\"https:\/\/g1.globo.com\/tudo-sobre\/copom\/\" class=\"entities__list-itemLink\" data-track-click=\"Copom\"> Copom <\/a> <\/li>\n<li> <a href=\"https:\/\/g1.globo.com\/tudo-sobre\/camara-dos-deputados\/\" class=\"entities__list-itemLink\" data-track-click=\"C\u00e2mara dos Deputados\"> C\u00e2mara dos Deputados <\/a> <\/li>\n<li> <a href=\"https:\/\/g1.globo.com\/tudo-sobre\/estados-unidos\/\" class=\"entities__list-itemLink\" data-track-click=\"Estados Unidos\"> Estados Unidos <\/a> <\/li>\n<li> <a href=\"https:\/\/g1.globo.com\/tudo-sobre\/fed\/\" class=\"entities__list-itemLink\" data-track-click=\"FED\"> FED <\/a> <\/li>\n<li> <a href=\"https:\/\/g1.globo.com\/tudo-sobre\/ibge\/\" class=\"entities__list-itemLink\" data-track-click=\"IBGE\"> IBGE <\/a> <\/li>\n<li> <a href=\"https:\/\/g1.globo.com\/tudo-sobre\/ipca\/\" class=\"entities__list-itemLink\" data-track-click=\"IPCA\"> IPCA <\/a> <\/li>\n<li> <a href=\"https:\/\/g1.globo.com\/tudo-sobre\/ibovespa\/\" class=\"entities__list-itemLink\" data-track-click=\"Ibovespa\"> Ibovespa <\/a> <\/li>\n<li> <a href=\"https:\/\/g1.globo.com\/tudo-sobre\/itau-unibanco\/\" class=\"entities__list-itemLink\" data-track-click=\"Ita\u00fa\"> Ita\u00fa <\/a> <\/li>\n<li> <a href=\"https:\/\/g1.globo.com\/tudo-sobre\/luiz-inacio-lula-da-silva\/\" class=\"entities__list-itemLink\" data-track-click=\"Luiz In\u00e1cio Lula da Silva\"> Luiz In\u00e1cio Lula da Silva <\/a> <\/li>\n<li> <a href=\"https:\/\/g1.globo.com\/tudo-sobre\/petrobras\/\" class=\"entities__list-itemLink\" data-track-click=\"Petrobras\"> Petrobras <\/a> <\/li>\n<li> <a href=\"https:\/\/g1.globo.com\/tudo-sobre\/senado-federal\/\" class=\"entities__list-itemLink\" data-track-click=\"Senado\"> Senado <\/a> <\/li>\n<\/ul>\n","protected":false},"excerpt":{"rendered":"<p>1 de 1&#013;Ibovespa \u2014 Foto: Pixabay Ibovespa \u2014 Foto: Pixabay O Ibovespa, principal \u00edndice da bolsa de valores de S\u00e3o Paulo, a B3, abriu em alta, em um dia de maior volatilidade nos mercados globais, puxada pela valoriza\u00e7\u00e3o da Vale e de outras empresas ligadas ao min\u00e9rio de ferro, que sobem acompanhando a valoriza\u00e7\u00e3o da [&hellip;]<\/p>\n","protected":false},"author":1,"featured_media":0,"comment_status":"closed","ping_status":"closed","sticky":false,"template":"","format":"standard","meta":{"footnotes":""},"categories":[],"tags":[],"class_list":["post-52077","post","type-post","status-publish","format-standard","hentry"],"_links":{"self":[{"href":"https:\/\/blog.corretoraideal.com.br\/index.php\/wp-json\/wp\/v2\/posts\/52077","targetHints":{"allow":["GET"]}}],"collection":[{"href":"https:\/\/blog.corretoraideal.com.br\/index.php\/wp-json\/wp\/v2\/posts"}],"about":[{"href":"https:\/\/blog.corretoraideal.com.br\/index.php\/wp-json\/wp\/v2\/types\/post"}],"author":[{"embeddable":true,"href":"https:\/\/blog.corretoraideal.com.br\/index.php\/wp-json\/wp\/v2\/users\/1"}],"replies":[{"embeddable":true,"href":"https:\/\/blog.corretoraideal.com.br\/index.php\/wp-json\/wp\/v2\/comments?post=52077"}],"version-history":[{"count":1,"href":"https:\/\/blog.corretoraideal.com.br\/index.php\/wp-json\/wp\/v2\/posts\/52077\/revisions"}],"predecessor-version":[{"id":52079,"href":"https:\/\/blog.corretoraideal.com.br\/index.php\/wp-json\/wp\/v2\/posts\/52077\/revisions\/52079"}],"wp:attachment":[{"href":"https:\/\/blog.corretoraideal.com.br\/index.php\/wp-json\/wp\/v2\/media?parent=52077"}],"wp:term":[{"taxonomy":"category","embeddable":true,"href":"https:\/\/blog.corretoraideal.com.br\/index.php\/wp-json\/wp\/v2\/categories?post=52077"},{"taxonomy":"post_tag","embeddable":true,"href":"https:\/\/blog.corretoraideal.com.br\/index.php\/wp-json\/wp\/v2\/tags?post=52077"}],"curies":[{"name":"wp","href":"https:\/\/api.w.org\/{rel}","templated":true}]}}