{"id":5208,"date":"2018-07-08T01:24:19","date_gmt":"2018-07-08T01:24:19","guid":{"rendered":"http:\/\/corretoraideal.com.br\/blog\/index.php\/2018\/07\/08\/cca_title\/"},"modified":"2018-07-08T01:24:31","modified_gmt":"2018-07-08T01:24:31","slug":"brasileiro-vai-do-ceu-ao-inferno-e-a-russia-perdeu-para-a-croacia-em-uma-disputa-de-penaltis-exame","status":"publish","type":"post","link":"https:\/\/blog.corretoraideal.com.br\/index.php\/2018\/07\/08\/brasileiro-vai-do-ceu-ao-inferno-e-a-russia-perdeu-para-a-croacia-em-uma-disputa-de-penaltis-exame\/","title":{"rendered":"Brasileiro vai do c\u00e9u ao inferno e a R\u00fassia perdeu para a Cro\u00e1cia em uma disputa de p\u00eanaltis | exame"},"content":{"rendered":"<p><\/img><\/p>\n<p>A cro&aacute;cia protegido pela segunda vez na hist&oacute;ria da classifica&ccedil;&atilde;o para as semi-finais da Copa do Mundo. 07 De Julho De 2018 Reuters\/Christian Hartmann (Christian Hartmann\/Reuters)<\/p>\n<p>Sochi &ndash; <strong><a href=\"https:\/\/exame.abril.com.br\/noticias-sobre\/croacia\/\" target=\"_blank\" rel=\"noopener\">Cro&aacute;cia<\/a><\/strong> venceu este s&aacute;bado a R&uacute;ssia, em uma disputa de p&ecirc;naltis depois de um empate em 2 a 2 na soma do tempo normal e prorroga&ccedil;&atilde;o, garantiu pela segunda vez na hist&oacute;ria da classifica&ccedil;&atilde;o para as semi-finais da Copa do Mundo, desta vez para enfrentar a Inglaterra.<\/p>\n<p>O jogo foi cada equipe marcou uma vez nos 90 minutos iniciais e 30 adicionais. Os anfitri&otilde;es caiu na frente do meia Denis tr&ecirc;s advers&aacute;rios marcando o meia Andrej Kramaric. No tempo extra, a situa&ccedil;&atilde;o foi invertida e o croata saiu na frente com o Zagueiro Domagoj vida, mas d&aacute; a igualdade no gol o lateral-direito do Mario Fernandez.<\/p>\n<p>Ex-jogador do Gr&ecirc;mio e com passagem pela sele&ccedil;&atilde;o Brasileira, foi um dos escalados para a imposi&ccedil;&atilde;o de san&ccedil;&otilde;es, II da R&uacute;ssia, mas acabou chutando para fora. J&aacute; o atacante Fyodor Smolov parou na defesa do goleiro Danijel Subasic, que chegou a se machucar no tempo extra.<\/p>\n<p>Caiu para o talentoso meio-campista Ivan rakitic para ganhar o quinto p&ecirc;nalti do croata, ao bater o russo Igor akinfeev e dar n&uacute;meros finais para o conflito, com o placar de 4 a 3.<\/p>\n<p>O segundo modo de sele&ccedil;&atilde;o na Copa do Mundo de 1998, vai enfrentar a Inglaterra, que logo passou para a Su&eacute;cia 2 a 0, em Samara, uma garantia, na semi-final, num jogo que ser&aacute; disputado na quarta-feira, no Est&aacute;dio Luzhniki, em Moscou. EFE<\/p>\n","protected":false},"excerpt":{"rendered":"<p>A cro&aacute;cia protegido pela segunda vez na hist&oacute;ria da classifica&ccedil;&atilde;o para as semi-finais da Copa do Mundo. 07 De Julho De 2018 Reuters\/Christian Hartmann (Christian Hartmann\/Reuters) Sochi &ndash; Cro&aacute;cia venceu este s&aacute;bado a R&uacute;ssia, em uma disputa de p&ecirc;naltis depois de um empate em 2 a 2 na soma do tempo normal e prorroga&ccedil;&atilde;o, garantiu [&hellip;]<\/p>\n","protected":false},"author":0,"featured_media":0,"comment_status":"open","ping_status":"open","sticky":false,"template":"","format":"standard","meta":{"footnotes":""},"categories":[],"tags":[],"class_list":["post-5208","post","type-post","status-publish","format-standard","hentry"],"_links":{"self":[{"href":"https:\/\/blog.corretoraideal.com.br\/index.php\/wp-json\/wp\/v2\/posts\/5208","targetHints":{"allow":["GET"]}}],"collection":[{"href":"https:\/\/blog.corretoraideal.com.br\/index.php\/wp-json\/wp\/v2\/posts"}],"about":[{"href":"https:\/\/blog.corretoraideal.com.br\/index.php\/wp-json\/wp\/v2\/types\/post"}],"replies":[{"embeddable":true,"href":"https:\/\/blog.corretoraideal.com.br\/index.php\/wp-json\/wp\/v2\/comments?post=5208"}],"version-history":[{"count":1,"href":"https:\/\/blog.corretoraideal.com.br\/index.php\/wp-json\/wp\/v2\/posts\/5208\/revisions"}],"predecessor-version":[{"id":5210,"href":"https:\/\/blog.corretoraideal.com.br\/index.php\/wp-json\/wp\/v2\/posts\/5208\/revisions\/5210"}],"wp:attachment":[{"href":"https:\/\/blog.corretoraideal.com.br\/index.php\/wp-json\/wp\/v2\/media?parent=5208"}],"wp:term":[{"taxonomy":"category","embeddable":true,"href":"https:\/\/blog.corretoraideal.com.br\/index.php\/wp-json\/wp\/v2\/categories?post=5208"},{"taxonomy":"post_tag","embeddable":true,"href":"https:\/\/blog.corretoraideal.com.br\/index.php\/wp-json\/wp\/v2\/tags?post=5208"}],"curies":[{"name":"wp","href":"https:\/\/api.w.org\/{rel}","templated":true}]}}