{"id":52080,"date":"2023-08-30T16:30:35","date_gmt":"2023-08-30T16:30:35","guid":{"rendered":"https:\/\/blog.corretoraideal.com.br\/?p=52080"},"modified":"2023-08-30T16:30:35","modified_gmt":"2023-08-30T16:30:35","slug":"como-tirar-foto-da-superlua-azul-com-o-celular-tecnologia-g1","status":"publish","type":"post","link":"https:\/\/blog.corretoraideal.com.br\/index.php\/2023\/08\/30\/como-tirar-foto-da-superlua-azul-com-o-celular-tecnologia-g1\/","title":{"rendered":"Como tirar foto da &#039;superlua azul&#039; com o celular | Tecnologia | G1"},"content":{"rendered":"<p>      1 de 1&#013;Superlua de Esturj\u00e3o vista em Jo\u00e3o Pessoa, na Para\u00edba. \u2014 Foto: Foto: Marcelo Zurita.    <\/p>\n<p> Superlua de Esturj\u00e3o vista em Jo\u00e3o Pessoa, na Para\u00edba. \u2014 Foto: Foto: Marcelo Zurita. <\/p>\n<p> Na noite desta quarta-feira (30), <a class href=\"https:\/\/g1.globo.com\/ciencia\/noticia\/2023\/08\/30\/superlua-azul-podera-ser-vista-nesta-quarta-feira-no-brasil.ghtml\">boa parte do Brasil poder\u00e1 ver uma superlua azul<\/a>. O hor\u00e1rio exato em que ela atingir\u00e1 seu brilho m\u00e1ximo vai diferir de acordo com o fuso hor\u00e1rio: ele ser\u00e1 \u00e0s 22h35 no hor\u00e1rio de Bras\u00edlia. <\/p>\n<p> Apesar da refer\u00eancia \u00e0 cor, a Lua n\u00e3o ter\u00e1 altera\u00e7\u00e3o em sua tonalidade. Esse termo \u00e9 usado quando ela fica cheia pela segunda vez no m\u00eas. <\/p>\n<p> Tirar uma boa foto da superlua com o celular pode ser um pouco dif\u00edcil. Mas apesar de nem todos os celulares se sa\u00edrem bem, \u00e9 poss\u00edvel seguir algumas dicas para conseguir imagens melhores. <strong>Confira as dicas:<\/strong> <\/p>\n<ul>\n<li><strong>Use um trip\u00e9 ou apoie o aparelho<\/strong> em algum objeto para garantir estabilidade; <\/li>\n<li><strong>Limpe a lente<\/strong> com um pano de microfibra para evitar que ela fique emba\u00e7ada; <\/li>\n<li>Se poss\u00edvel, <strong>habilite o modo noturno da c\u00e2mera<\/strong>, presente em boa parte dos celulares;<\/li>\n<li>Com o celular em posi\u00e7\u00e3o, toque no ponto da tela em que a Lua aparece para <strong>ajustar o foco<\/strong> \u2013 o \u00edcone que aparecer tamb\u00e9m ter\u00e1 uma barra para ajustar a luminosidade; <\/li>\n<li><strong>Evite usar todo o zoom do celular<\/strong> \u2013 quanto mais zoom, maiores s\u00e3o as chances de a foto ficar granulada; <\/li>\n<li><strong>Se necess\u00e1rio, verifique as configura\u00e7\u00f5es da c\u00e2mera<\/strong> do celular para desativar a compress\u00e3o das fotos. <\/li>\n<\/ul>\n<p><h2>Modo profissional<\/h2>\n<\/p>\n<p> Se a foto ficar ruim no modo autom\u00e1tico e no modo noturno, \u00e9 poss\u00edvel ajustar manualmente a foto no modo profissional, que costuma ter as op\u00e7\u00f5es abaixo. <\/p>\n<ul>\n<li><strong>ISO: <\/strong>define a sensibilidade da c\u00e2mera \u00e0 luz (quanto maior o n\u00famero, mais clara, por\u00e9m, mais granulada fica a foto); <\/li>\n<li><strong>Velocidade: <\/strong>controla por quanto tempo o obturador da c\u00e2mera fica aberto (quanto maior o n\u00famero, mais luz a c\u00e2mera recebe e mais clara fica a foto); <\/li>\n<li><strong>Exposi\u00e7\u00e3o (EV): <\/strong>ajusta o brilho nas fotos (quanto mais alta, mais clara, por\u00e9m, mais desbotada \u00e9 a foto); <\/li>\n<li><strong>Foco: <\/strong>permite definir manualmente o objeto que ser\u00e1 destacado na imagem; <\/li>\n<li><strong>Balan\u00e7o de branco (WB):<\/strong> ajuda a fazer cores parecerem mais naturais (quanto mais alto, a foto fica mais quente e alaranjada, e quanto mais baixo, ela fica mais fria e azul) <\/li>\n<\/ul>\n<p> As c\u00e2meras tamb\u00e9m costumam oferecer ajustes de contraste, realce, sombras, satura\u00e7\u00e3o e matiz. O principal alerta \u00e9 ajustar aos poucos e fazer testes para entender qual a melhor configura\u00e7\u00e3o para ter uma boa foto. <\/p>\n<p><h2>?Condi\u00e7\u00f5es para observa\u00e7\u00e3o <\/h2>\n<\/p>\n<p> Para observar o fen\u00f4meno, n\u00e3o \u00e9 preciso nenhum equipamento especial: s\u00f3 olhar para o c\u00e9u quando a Lua surgir no horizonte. <\/p>\n<p> Dependendo da sua localiza\u00e7\u00e3o e das condi\u00e7\u00f5es clim\u00e1ticas, poder\u00e1 ser mais ou menos f\u00e1cil localizar o astro e perceber a diferen\u00e7a em sua apar\u00eancia. Veja abaixo as condi\u00e7\u00f5es de observa\u00e7\u00e3o, de acordo com a plataforma Meteum: <\/p>\n<ul>\n<li><strong>Favor\u00e1vel (c\u00e9u limpo):<\/strong> Porto Alegre.<\/li>\n<li><strong>Ligeiramente desfavor\u00e1vel (parcialmente nublado):<\/strong> Campinas, Salvador, Recife, Fortaleza, S\u00e3o Lu\u00eds. Bel\u00e9m, Manaus.<\/li>\n<li><strong>Desfavor\u00e1vel (nublado e\/ou chuvoso): <\/strong>Curitiba, S\u00e3o Paulo, Belo Horizonte, Rio de Janeiro, Bras\u00edlia, Campo Grande, Goi\u00e2nia.<\/li>\n<\/ul>\n<p> <strong>LEIA TAMB\u00c9M:<\/strong> <\/p>\n<ul>\n<li><a class href=\"https:\/\/g1.globo.com\/especiais\/guia-de-compras\/noticia\/2023\/02\/24\/duelo-de-celulares-galaxy-s23-ultra-x-iphone-14-pro.ghtml\">Galaxy S23 Ultra ou iPhone 14 Pro: qual tem a melhor c\u00e2mera?<\/a><\/li>\n<li><a class href=\"https:\/\/g1.globo.com\/tecnologia\/noticia\/2023\/07\/29\/celular-antigo-ou-com-defeito-faca-o-teste-e-descubra-se-esta-na-hora-de-trocar-de-aparelho.ghtml\">Est\u00e1 na hora de trocar o celular? Fa\u00e7a o teste e descubra<\/a><\/li>\n<li><a class href=\"https:\/\/g1.globo.com\/guia\/guia-de-compras\/tecnologia\/tv-oled-ou-qled-conheca-as-diferencas-entre-as-tecnologias-usadas-nas-telas.ghtml\">TV OLED ou QLED? Conhe\u00e7a as diferen\u00e7as entre as tecnologias usadas nas telas<\/a><\/li>\n<\/ul>\n<ul> <\/ul>\n","protected":false},"excerpt":{"rendered":"<p>1 de 1&#013;Superlua de Esturj\u00e3o vista em Jo\u00e3o Pessoa, na Para\u00edba. \u2014 Foto: Foto: Marcelo Zurita. Superlua de Esturj\u00e3o vista em Jo\u00e3o Pessoa, na Para\u00edba. \u2014 Foto: Foto: Marcelo Zurita. Na noite desta quarta-feira (30), boa parte do Brasil poder\u00e1 ver uma superlua azul. O hor\u00e1rio exato em que ela atingir\u00e1 seu brilho m\u00e1ximo vai [&hellip;]<\/p>\n","protected":false},"author":1,"featured_media":0,"comment_status":"closed","ping_status":"closed","sticky":false,"template":"","format":"standard","meta":{"footnotes":""},"categories":[],"tags":[],"class_list":["post-52080","post","type-post","status-publish","format-standard","hentry"],"_links":{"self":[{"href":"https:\/\/blog.corretoraideal.com.br\/index.php\/wp-json\/wp\/v2\/posts\/52080","targetHints":{"allow":["GET"]}}],"collection":[{"href":"https:\/\/blog.corretoraideal.com.br\/index.php\/wp-json\/wp\/v2\/posts"}],"about":[{"href":"https:\/\/blog.corretoraideal.com.br\/index.php\/wp-json\/wp\/v2\/types\/post"}],"author":[{"embeddable":true,"href":"https:\/\/blog.corretoraideal.com.br\/index.php\/wp-json\/wp\/v2\/users\/1"}],"replies":[{"embeddable":true,"href":"https:\/\/blog.corretoraideal.com.br\/index.php\/wp-json\/wp\/v2\/comments?post=52080"}],"version-history":[{"count":1,"href":"https:\/\/blog.corretoraideal.com.br\/index.php\/wp-json\/wp\/v2\/posts\/52080\/revisions"}],"predecessor-version":[{"id":52082,"href":"https:\/\/blog.corretoraideal.com.br\/index.php\/wp-json\/wp\/v2\/posts\/52080\/revisions\/52082"}],"wp:attachment":[{"href":"https:\/\/blog.corretoraideal.com.br\/index.php\/wp-json\/wp\/v2\/media?parent=52080"}],"wp:term":[{"taxonomy":"category","embeddable":true,"href":"https:\/\/blog.corretoraideal.com.br\/index.php\/wp-json\/wp\/v2\/categories?post=52080"},{"taxonomy":"post_tag","embeddable":true,"href":"https:\/\/blog.corretoraideal.com.br\/index.php\/wp-json\/wp\/v2\/tags?post=52080"}],"curies":[{"name":"wp","href":"https:\/\/api.w.org\/{rel}","templated":true}]}}