{"id":52088,"date":"2023-08-30T20:31:46","date_gmt":"2023-08-30T20:31:46","guid":{"rendered":"https:\/\/blog.corretoraideal.com.br\/?p=52088"},"modified":"2023-08-30T20:31:46","modified_gmt":"2023-08-30T20:31:46","slug":"tcu-aprova-renegociacao-de-contratos-de-tres-usinas-da-crise-hidrica-com-economia-de-r-224-mi-para-consumidores-economia-g1","status":"publish","type":"post","link":"https:\/\/blog.corretoraideal.com.br\/index.php\/2023\/08\/30\/tcu-aprova-renegociacao-de-contratos-de-tres-usinas-da-crise-hidrica-com-economia-de-r-224-mi-para-consumidores-economia-g1\/","title":{"rendered":"TCU aprova renegocia\u00e7\u00e3o de contratos de tr\u00eas usinas da crise h\u00eddrica, com economia de R$ 224 mi para consumidores | Economia | G1"},"content":{"rendered":"\n<p> O <a class href=\"https:\/\/g1.globo.com\/tudo-sobre\/tribunal-de-contas-da-uniao\/\">Tribunal de Contas da Uni\u00e3o<\/a> (TCU) aprovou nesta quarta-feira (30) a renegocia\u00e7\u00e3o dos contratos de tr\u00eas usinas termel\u00e9tricas contratadas pelo governo na crise h\u00eddrica de 2021. <\/p>\n<p> Segundo a Corte de Contas, a economia ser\u00e1 de R$ 224 milh\u00f5es para os consumidores de energia no per\u00edodo de vig\u00eancia dos contratos. <\/p>\n<p> As t\u00e9rmicas s\u00e3o do grupo BTG Pactual: Linhares, Povoa\u00e7\u00e3o e Viana. Foram contratadas no Procedimento Competitivo Simplificado (PCS), em outubro de 2021. Os contratos t\u00eam vig\u00eancia at\u00e9 31 de dezembro de 2025. <\/p>\n<p> Com o acordo aprovado pelo TCU, as usinas deixar\u00e3o de ser inflex\u00edveis &#8211;ou seja, de fornecer energia sem interrup\u00e7\u00f5es. Elas passar\u00e3o a ser acionadas de acordo com a necessidade do Operador Nacional do Sistema El\u00e9trico (ONS). <\/p>\n<p> A energia gerada pelas usinas ser\u00e1 remunerada pelo Pre\u00e7o de Liquida\u00e7\u00e3o das Diferen\u00e7as (PLD) &#8211;valor de refer\u00eancia para comercializa\u00e7\u00e3o de energia. Hoje, com o cen\u00e1rio de chuvas, esse pre\u00e7o est\u00e1 no piso. <\/p>\n<p> O leil\u00e3o foi realizado \u00e0s pressas, quando as chuvas escassas reduziram o n\u00edvel de gera\u00e7\u00e3o hidrel\u00e9trica e colocaram em risco o suprimento de energia el\u00e9trica. O governo queria evitar racionamento no ano seguinte. <\/p>\n<p> O certame determinava que as usinas entrassem em opera\u00e7\u00e3o at\u00e9 1\u00ba de maio de 2022, mas nenhuma das 14 termel\u00e9tricas a g\u00e1s natural conseguiu cumprir o prazo. Como resultado, acumularam multas milion\u00e1rias. <\/p>\n<p> Em dezembro do ano passado, o governo publicou diretrizes para a rescis\u00e3o amig\u00e1vel desses contratos. No entanto, as empresas n\u00e3o demonstraram interesse em encerrar os acordos. <\/p>\n<p> O processo passou ent\u00e3o a ser mediado pela Secretaria de Controle Externo de Solu\u00e7\u00e3o Consensual e Preven\u00e7\u00e3o de Conflitos (SecexConsenso) do TCU. <\/p>\n<p> O acordo desta quarta-feira (30) \u00e9 o segundo mediado pela Corte, depois da resolu\u00e7\u00e3o de outro impasse do PCS: as t\u00e9rmicas flutuantes da empresa turca KPS. <\/p>\n<ul>\n<li> <a href=\"https:\/\/g1.globo.com\/tudo-sobre\/tribunal-de-contas-da-uniao\/\" class=\"entities__list-itemLink\" data-track-click=\"Tribunal de Contas da Uni\u00e3o\"> Tribunal de Contas da Uni\u00e3o <\/a> <\/li>\n<\/ul>\n","protected":false},"excerpt":{"rendered":"<p>O Tribunal de Contas da Uni\u00e3o (TCU) aprovou nesta quarta-feira (30) a renegocia\u00e7\u00e3o dos contratos de tr\u00eas usinas termel\u00e9tricas contratadas pelo governo na crise h\u00eddrica de 2021. Segundo a Corte de Contas, a economia ser\u00e1 de R$ 224 milh\u00f5es para os consumidores de energia no per\u00edodo de vig\u00eancia dos contratos. As t\u00e9rmicas s\u00e3o do grupo [&hellip;]<\/p>\n","protected":false},"author":1,"featured_media":0,"comment_status":"closed","ping_status":"closed","sticky":false,"template":"","format":"standard","meta":{"footnotes":""},"categories":[],"tags":[],"class_list":["post-52088","post","type-post","status-publish","format-standard","hentry"],"_links":{"self":[{"href":"https:\/\/blog.corretoraideal.com.br\/index.php\/wp-json\/wp\/v2\/posts\/52088","targetHints":{"allow":["GET"]}}],"collection":[{"href":"https:\/\/blog.corretoraideal.com.br\/index.php\/wp-json\/wp\/v2\/posts"}],"about":[{"href":"https:\/\/blog.corretoraideal.com.br\/index.php\/wp-json\/wp\/v2\/types\/post"}],"author":[{"embeddable":true,"href":"https:\/\/blog.corretoraideal.com.br\/index.php\/wp-json\/wp\/v2\/users\/1"}],"replies":[{"embeddable":true,"href":"https:\/\/blog.corretoraideal.com.br\/index.php\/wp-json\/wp\/v2\/comments?post=52088"}],"version-history":[{"count":1,"href":"https:\/\/blog.corretoraideal.com.br\/index.php\/wp-json\/wp\/v2\/posts\/52088\/revisions"}],"predecessor-version":[{"id":52090,"href":"https:\/\/blog.corretoraideal.com.br\/index.php\/wp-json\/wp\/v2\/posts\/52088\/revisions\/52090"}],"wp:attachment":[{"href":"https:\/\/blog.corretoraideal.com.br\/index.php\/wp-json\/wp\/v2\/media?parent=52088"}],"wp:term":[{"taxonomy":"category","embeddable":true,"href":"https:\/\/blog.corretoraideal.com.br\/index.php\/wp-json\/wp\/v2\/categories?post=52088"},{"taxonomy":"post_tag","embeddable":true,"href":"https:\/\/blog.corretoraideal.com.br\/index.php\/wp-json\/wp\/v2\/tags?post=52088"}],"curies":[{"name":"wp","href":"https:\/\/api.w.org\/{rel}","templated":true}]}}