{"id":52091,"date":"2023-08-30T21:30:48","date_gmt":"2023-08-30T21:30:48","guid":{"rendered":"https:\/\/blog.corretoraideal.com.br\/?p=52091"},"modified":"2023-08-30T21:30:48","modified_gmt":"2023-08-30T21:30:48","slug":"meta-e-ministerio-da-justica-anunciam-parceria-para-localizar-criancas-desaparecidas-no-brasil-tecnologia-g1","status":"publish","type":"post","link":"https:\/\/blog.corretoraideal.com.br\/index.php\/2023\/08\/30\/meta-e-ministerio-da-justica-anunciam-parceria-para-localizar-criancas-desaparecidas-no-brasil-tecnologia-g1\/","title":{"rendered":"Meta e Minist\u00e9rio da Justi\u00e7a anunciam parceria para localizar crian\u00e7as desaparecidas no Brasil | Tecnologia | G1"},"content":{"rendered":"<p>      1 de 1&#013;Ilustra\u00e7\u00e3o de uma publica\u00e7\u00e3o alertando sobre o desaparecimento de crian\u00e7as no Brasil \u2014 Foto: Divulga\u00e7\u00e3o\/Meta    <\/p>\n<p> Ilustra\u00e7\u00e3o de uma publica\u00e7\u00e3o alertando sobre o desaparecimento de crian\u00e7as no Brasil \u2014 Foto: Divulga\u00e7\u00e3o\/Meta <\/p>\n<p> A <a class href=\"https:\/\/g1.globo.com\/tudo-sobre\/meta\/\">Meta<\/a> (dona de Facebook, Instagram e WhatsApp) e o Minist\u00e9rio da Justi\u00e7a e Seguran\u00e7a P\u00fablica anunciaram nesta quarta-feira (30) uma parceria para localizar crian\u00e7as desaparecidas no Brasil. <\/p>\n<p> Chamado de &quot;Amber Alerts&quot;, o servi\u00e7o est\u00e1 dispon\u00edvel no Cear\u00e1, Minas Gerais e no Distrito Federal. Gradualmente, o projeto deve atender em todo territ\u00f3rio nacional. <\/p>\n<p> Segundo a Meta, o recurso \u00e9 utilizado em 30 pa\u00edses diferentes e funciona a partir da <strong>confirma\u00e7\u00e3o do desaparecimento de uma crian\u00e7a por autoridades<\/strong>. <\/p>\n<p> Com base nisso, os alertas aparecem nos feeds do Facebook e do Instagram para pessoas que est\u00e3o em um raio de 160 km de onde a pessoa foi vista pela \u00faltima vez. Os avisos devem fornecer<strong> fotos e descri\u00e7\u00e3o das roupas que foram vistas pela \u00faltima vez com a pessoa<\/strong>. <\/p>\n<p>&quot;O objetivo \u00e9 propiciar que muito rapidamente, nas proximidades de onde houve o desaparecimento da crian\u00e7a ou adolescente, haja a circula\u00e7\u00e3o quase em tempo real j\u00e1 que as delegacias v\u00e3o reportar ao Laborat\u00f3rio de Opera\u00e7\u00f5es Cibern\u00e9ticas que vai fazer a postagem\u201d, explicou o ministro da justi\u00e7a, Fl\u00e1vio Dino.<\/p>\n<p> Os alertas ser\u00e3o emitidos para os <strong>casos de desaparecimento somente para pessoas que tenham menos de 18 anos e que estejam em iminente risco<\/strong>, segundo a avalia\u00e7\u00e3o das autoridades. <\/p>\n<p> Dados do Sistema Nacional de Localiza\u00e7\u00e3o e Identifica\u00e7\u00e3o de Desaparecidos (Sinalid), do Conselho Nacional do Minist\u00e9rio P\u00fablico, mostram que um ter\u00e7o dos desaparecidos no pa\u00eds corresponde a crian\u00e7as e adolescentes de at\u00e9 17 anos, de um total de 93,8 mil desaparecidos. <\/p>\n<p><h2>Leia tamb\u00e9m<\/h2>\n<\/p>\n<ul>\n<li><a class href=\"https:\/\/g1.globo.com\/fantastico\/noticia\/2023\/05\/21\/levantamento-revela-que-183-pessoas-desaparecem-a-cada-24-horas-no-brasil-adolescentes-sao-principais-vitimas.ghtml\">Levantamento revela que 183 pessoas desaparecem a cada 24 horas no Brasil<\/a><\/li>\n<li><a class href=\"https:\/\/g1.globo.com\/se\/sergipe\/noticia\/2023\/05\/25\/quase-60-criancas-e-adolescentes-desapareceram-em-sergipe-nos-primeiros-quatro-meses-deste-ano.ghtml\">60 crian\u00e7as e adolescentes desapareceram em Sergipe em 2023<\/a><\/li>\n<\/ul>\n<ul>\n<li> <a href=\"https:\/\/g1.globo.com\/tudo-sobre\/meta\/\" class=\"entities__list-itemLink\" data-track-click=\"Meta\"> Meta <\/a> <\/li>\n<\/ul>\n","protected":false},"excerpt":{"rendered":"<p>1 de 1&#013;Ilustra\u00e7\u00e3o de uma publica\u00e7\u00e3o alertando sobre o desaparecimento de crian\u00e7as no Brasil \u2014 Foto: Divulga\u00e7\u00e3o\/Meta Ilustra\u00e7\u00e3o de uma publica\u00e7\u00e3o alertando sobre o desaparecimento de crian\u00e7as no Brasil \u2014 Foto: Divulga\u00e7\u00e3o\/Meta A Meta (dona de Facebook, Instagram e WhatsApp) e o Minist\u00e9rio da Justi\u00e7a e Seguran\u00e7a P\u00fablica anunciaram nesta quarta-feira (30) uma parceria para [&hellip;]<\/p>\n","protected":false},"author":1,"featured_media":0,"comment_status":"closed","ping_status":"closed","sticky":false,"template":"","format":"standard","meta":{"footnotes":""},"categories":[],"tags":[],"class_list":["post-52091","post","type-post","status-publish","format-standard","hentry"],"_links":{"self":[{"href":"https:\/\/blog.corretoraideal.com.br\/index.php\/wp-json\/wp\/v2\/posts\/52091","targetHints":{"allow":["GET"]}}],"collection":[{"href":"https:\/\/blog.corretoraideal.com.br\/index.php\/wp-json\/wp\/v2\/posts"}],"about":[{"href":"https:\/\/blog.corretoraideal.com.br\/index.php\/wp-json\/wp\/v2\/types\/post"}],"author":[{"embeddable":true,"href":"https:\/\/blog.corretoraideal.com.br\/index.php\/wp-json\/wp\/v2\/users\/1"}],"replies":[{"embeddable":true,"href":"https:\/\/blog.corretoraideal.com.br\/index.php\/wp-json\/wp\/v2\/comments?post=52091"}],"version-history":[{"count":1,"href":"https:\/\/blog.corretoraideal.com.br\/index.php\/wp-json\/wp\/v2\/posts\/52091\/revisions"}],"predecessor-version":[{"id":52093,"href":"https:\/\/blog.corretoraideal.com.br\/index.php\/wp-json\/wp\/v2\/posts\/52091\/revisions\/52093"}],"wp:attachment":[{"href":"https:\/\/blog.corretoraideal.com.br\/index.php\/wp-json\/wp\/v2\/media?parent=52091"}],"wp:term":[{"taxonomy":"category","embeddable":true,"href":"https:\/\/blog.corretoraideal.com.br\/index.php\/wp-json\/wp\/v2\/categories?post=52091"},{"taxonomy":"post_tag","embeddable":true,"href":"https:\/\/blog.corretoraideal.com.br\/index.php\/wp-json\/wp\/v2\/tags?post=52091"}],"curies":[{"name":"wp","href":"https:\/\/api.w.org\/{rel}","templated":true}]}}