{"id":52094,"date":"2023-08-30T23:34:53","date_gmt":"2023-08-30T23:34:53","guid":{"rendered":"https:\/\/blog.corretoraideal.com.br\/?p=52094"},"modified":"2023-08-30T23:34:53","modified_gmt":"2023-08-30T23:34:53","slug":"trio-e-preso-com-drogas-e-arma-em-santo-antonio-de-padua-norte-fluminense-g1","status":"publish","type":"post","link":"https:\/\/blog.corretoraideal.com.br\/index.php\/2023\/08\/30\/trio-e-preso-com-drogas-e-arma-em-santo-antonio-de-padua-norte-fluminense-g1\/","title":{"rendered":"Trio \u00e9 preso com drogas e arma em Santo Ant\u00f4nio de P\u00e1dua | Norte Fluminense | G1"},"content":{"rendered":"<p>      1 de 1&#013;Pol\u00edcia Militar drogas e arma \u2014 Foto: PM    <\/p>\n<p> Pol\u00edcia Militar drogas e arma \u2014 Foto: PM <\/p>\n<p> Tr\u00eas homens, sendo 18, 24 e 26 anos, foram presos em flagrante por tr\u00e1fico de drogas e associa\u00e7\u00e3o, al\u00e9m de porte ilegal de arma de fogo no domingo (27) em Santo Ant\u00f4nio de P\u00e1dua, no Noroeste Fluminense. <\/p>\n<p> Policiais militares do 36\u00b0 BPM, depois de levantamento de intelig\u00eancia, interceptaram o trio da cidade de <a class href=\"https:\/\/g1.globo.com\/rj\/norte-fluminense\/cidade\/campos-dos-goytacazes\/\">Campos dos Goytacazes<\/a>, no Norte Fluminense, que iria abastecer a venda de drogas na localidade de S\u00e3o Jo\u00e3o Batista. <\/p>\n<p> Durante o cumprimento do mandado de busca e apreens\u00e3o foram apreendidos um rev\u00f3lver calibre 38; 25 pinos de coca\u00edna; 15 pedras de crack; dois r\u00e1dios transmissores e R$ 3.781,35 em dinheiro. <\/p>\n<p> Os suspeitos foram levados pra 136\u00aa delegacia da cidade onde foram autuados e levados ao pres\u00eddio em Campos dos Goytacazes, no Norte Fluminense. <\/p>\n<ul>\n<li> <a href=\"https:\/\/g1.globo.com\/rj\/norte-fluminense\/cidade\/campos-dos-goytacazes\/\" class=\"entities__list-itemLink\" data-track-click=\"Campos dos Goytacazes\"> Campos dos Goytacazes <\/a> <\/li>\n<\/ul>\n","protected":false},"excerpt":{"rendered":"<p>1 de 1&#013;Pol\u00edcia Militar drogas e arma \u2014 Foto: PM Pol\u00edcia Militar drogas e arma \u2014 Foto: PM Tr\u00eas homens, sendo 18, 24 e 26 anos, foram presos em flagrante por tr\u00e1fico de drogas e associa\u00e7\u00e3o, al\u00e9m de porte ilegal de arma de fogo no domingo (27) em Santo Ant\u00f4nio de P\u00e1dua, no Noroeste Fluminense. [&hellip;]<\/p>\n","protected":false},"author":1,"featured_media":0,"comment_status":"closed","ping_status":"closed","sticky":false,"template":"","format":"standard","meta":{"footnotes":""},"categories":[],"tags":[],"class_list":["post-52094","post","type-post","status-publish","format-standard","hentry"],"_links":{"self":[{"href":"https:\/\/blog.corretoraideal.com.br\/index.php\/wp-json\/wp\/v2\/posts\/52094","targetHints":{"allow":["GET"]}}],"collection":[{"href":"https:\/\/blog.corretoraideal.com.br\/index.php\/wp-json\/wp\/v2\/posts"}],"about":[{"href":"https:\/\/blog.corretoraideal.com.br\/index.php\/wp-json\/wp\/v2\/types\/post"}],"author":[{"embeddable":true,"href":"https:\/\/blog.corretoraideal.com.br\/index.php\/wp-json\/wp\/v2\/users\/1"}],"replies":[{"embeddable":true,"href":"https:\/\/blog.corretoraideal.com.br\/index.php\/wp-json\/wp\/v2\/comments?post=52094"}],"version-history":[{"count":1,"href":"https:\/\/blog.corretoraideal.com.br\/index.php\/wp-json\/wp\/v2\/posts\/52094\/revisions"}],"predecessor-version":[{"id":52096,"href":"https:\/\/blog.corretoraideal.com.br\/index.php\/wp-json\/wp\/v2\/posts\/52094\/revisions\/52096"}],"wp:attachment":[{"href":"https:\/\/blog.corretoraideal.com.br\/index.php\/wp-json\/wp\/v2\/media?parent=52094"}],"wp:term":[{"taxonomy":"category","embeddable":true,"href":"https:\/\/blog.corretoraideal.com.br\/index.php\/wp-json\/wp\/v2\/categories?post=52094"},{"taxonomy":"post_tag","embeddable":true,"href":"https:\/\/blog.corretoraideal.com.br\/index.php\/wp-json\/wp\/v2\/tags?post=52094"}],"curies":[{"name":"wp","href":"https:\/\/api.w.org\/{rel}","templated":true}]}}