{"id":52106,"date":"2023-08-31T04:34:00","date_gmt":"2023-08-31T04:34:00","guid":{"rendered":"https:\/\/blog.corretoraideal.com.br\/?p=52106"},"modified":"2023-08-31T04:34:00","modified_gmt":"2023-08-31T04:34:00","slug":"mp-realiza-audiencias-publicas-no-noroeste-fluminense-para-debater-problemas-do-ensino-municipal-de-criancas-autistas-norte-fluminense-g1","status":"publish","type":"post","link":"https:\/\/blog.corretoraideal.com.br\/index.php\/2023\/08\/31\/mp-realiza-audiencias-publicas-no-noroeste-fluminense-para-debater-problemas-do-ensino-municipal-de-criancas-autistas-norte-fluminense-g1\/","title":{"rendered":"MP realiza audi\u00eancias p\u00fablicas no Noroeste Fluminense para debater problemas do ensino municipal de crian\u00e7as autistas | Norte Fluminense | G1"},"content":{"rendered":"\n<p> O Minist\u00e9rio P\u00fablico do Estado do Rio de Janeiro (MPRJ), por meio da 2 Promotoria de Justi\u00e7a de Tutela Coletiva do N\u00facleo <a class href=\"https:\/\/g1.globo.com\/rj\/norte-fluminense\/cidade\/itaperuna\/\">Itaperuna<\/a>, est\u00e1 realizando audi\u00eancias p\u00fablicas com respons\u00e1veis de crian\u00e7as com espectro do autismo em cinco cidades do Noroeste Fluminense. <\/p>\n<p> De acordo com a promotora de Justi\u00e7a Dr. Raquel Rosmaninho, respons\u00e1vel pela Promotoria, j\u00e1 aconteceram as a\u00e7\u00f5es em <a class href=\"https:\/\/g1.globo.com\/rj\/norte-fluminense\/cidade\/porciuncula\/\">Porci\u00fancula<\/a> e <a class href=\"https:\/\/g1.globo.com\/rj\/norte-fluminense\/cidade\/varre-sai\/\">Varre-Sai<\/a>. Em setembro ser\u00e3o atendidos Natividade, Italva e Bom Jesus do Itabapoana. <\/p>\n<p> &quot;Foi instaurado um procedimento para acompanhar a implementa\u00e7\u00e3o e efetividade da educa\u00e7\u00e3o inclusiva. Na primeira etapa foram feitas reuni\u00f5es com os secret\u00e1rios de Educa\u00e7\u00e3o quando foi apresentado a listagem com o n\u00famero de alunos e mediadores. Foi verificada a insufici\u00eancia de mediadores pelo n\u00famero de alunos&quot;, destacou Dra. Raquel. <\/p>\n<p> Ainda segundo o MP, foram feitos encontros com os gestores municipais para que os problemas fossem resolvidos e ficou acertado que seriam feitas novas contrata\u00e7\u00f5es e concursos p\u00fablicos para os cargos. <\/p>\n<p> &quot;Reuni\u00f5es foram feitas com as secretarias municipais de Sa\u00fade com as de Educa\u00e7\u00e3o para viabilizar um projeto com aux\u00edlio m\u00fatuo para tratamento de sa\u00fade que influenciasse positivamente no ensino e desenvolvimento do aluno&quot;, acrescentou a promotora Raquel Rosmaninho. <\/p>\n<p> Na etapa atual, que \u00e9 o 4\u00b0 momento, o Minist\u00e9rio P\u00fablico est\u00e1 realizando audi\u00eancias p\u00fablicas e ouvindo os respons\u00e1veis dos alunos autistas. A primeira foi realizada no dia 10 de agosto na sede do Minist\u00e9rio P\u00fablico em Porci\u00fancula. J\u00e1 a segunda ocorreu na \u00faltima sexta-feira (25) em Varre-Sai. <\/p>\n<ul>\n<li> <a href=\"https:\/\/g1.globo.com\/rj\/norte-fluminense\/cidade\/itaperuna\/\" class=\"entities__list-itemLink\" data-track-click=\"Itaperuna\"> Itaperuna <\/a> <\/li>\n<li> <a href=\"https:\/\/g1.globo.com\/rj\/norte-fluminense\/cidade\/porciuncula\/\" class=\"entities__list-itemLink\" data-track-click=\"Porci\u00fancula\"> Porci\u00fancula <\/a> <\/li>\n<li> <a href=\"https:\/\/g1.globo.com\/rj\/norte-fluminense\/cidade\/varre-sai\/\" class=\"entities__list-itemLink\" data-track-click=\"Varre-Sai\"> Varre-Sai <\/a> <\/li>\n<\/ul>\n","protected":false},"excerpt":{"rendered":"<p>O Minist\u00e9rio P\u00fablico do Estado do Rio de Janeiro (MPRJ), por meio da 2 Promotoria de Justi\u00e7a de Tutela Coletiva do N\u00facleo Itaperuna, est\u00e1 realizando audi\u00eancias p\u00fablicas com respons\u00e1veis de crian\u00e7as com espectro do autismo em cinco cidades do Noroeste Fluminense. De acordo com a promotora de Justi\u00e7a Dr. Raquel Rosmaninho, respons\u00e1vel pela Promotoria, j\u00e1 [&hellip;]<\/p>\n","protected":false},"author":1,"featured_media":0,"comment_status":"closed","ping_status":"closed","sticky":false,"template":"","format":"standard","meta":{"footnotes":""},"categories":[],"tags":[],"class_list":["post-52106","post","type-post","status-publish","format-standard","hentry"],"_links":{"self":[{"href":"https:\/\/blog.corretoraideal.com.br\/index.php\/wp-json\/wp\/v2\/posts\/52106","targetHints":{"allow":["GET"]}}],"collection":[{"href":"https:\/\/blog.corretoraideal.com.br\/index.php\/wp-json\/wp\/v2\/posts"}],"about":[{"href":"https:\/\/blog.corretoraideal.com.br\/index.php\/wp-json\/wp\/v2\/types\/post"}],"author":[{"embeddable":true,"href":"https:\/\/blog.corretoraideal.com.br\/index.php\/wp-json\/wp\/v2\/users\/1"}],"replies":[{"embeddable":true,"href":"https:\/\/blog.corretoraideal.com.br\/index.php\/wp-json\/wp\/v2\/comments?post=52106"}],"version-history":[{"count":1,"href":"https:\/\/blog.corretoraideal.com.br\/index.php\/wp-json\/wp\/v2\/posts\/52106\/revisions"}],"predecessor-version":[{"id":52108,"href":"https:\/\/blog.corretoraideal.com.br\/index.php\/wp-json\/wp\/v2\/posts\/52106\/revisions\/52108"}],"wp:attachment":[{"href":"https:\/\/blog.corretoraideal.com.br\/index.php\/wp-json\/wp\/v2\/media?parent=52106"}],"wp:term":[{"taxonomy":"category","embeddable":true,"href":"https:\/\/blog.corretoraideal.com.br\/index.php\/wp-json\/wp\/v2\/categories?post=52106"},{"taxonomy":"post_tag","embeddable":true,"href":"https:\/\/blog.corretoraideal.com.br\/index.php\/wp-json\/wp\/v2\/tags?post=52106"}],"curies":[{"name":"wp","href":"https:\/\/api.w.org\/{rel}","templated":true}]}}