{"id":52112,"date":"2023-08-31T09:29:34","date_gmt":"2023-08-31T09:29:34","guid":{"rendered":"https:\/\/blog.corretoraideal.com.br\/?p=52112"},"modified":"2023-08-31T09:29:34","modified_gmt":"2023-08-31T09:29:34","slug":"macae-recebe-exposicao-de-carros-antigos-com-diversas-atracoes-para-adultos-e-criancas-norte-fluminense-g1","status":"publish","type":"post","link":"https:\/\/blog.corretoraideal.com.br\/index.php\/2023\/08\/31\/macae-recebe-exposicao-de-carros-antigos-com-diversas-atracoes-para-adultos-e-criancas-norte-fluminense-g1\/","title":{"rendered":"Maca\u00e9 recebe exposi\u00e7\u00e3o de carros antigos com diversas atra\u00e7\u00f5es para adultos e crian\u00e7as | Norte Fluminense | G1"},"content":{"rendered":"<p>      1 de 1&#013;Entrada para 6\u00ba Anual dos Quebradores Hoodride, em Maca\u00e9, ser\u00e1 2 kg de alimentos n\u00e3o perec\u00edveis \u2014 Foto: Bruno Campos\/Prefeitura de Maca\u00e9    <\/p>\n<p> Entrada para 6\u00ba Anual dos Quebradores Hoodride, em Maca\u00e9, ser\u00e1 2 kg de alimentos n\u00e3o perec\u00edveis \u2014 Foto: Bruno Campos\/Prefeitura de Maca\u00e9 <\/p>\n<p> A 6\u00aa edi\u00e7\u00e3o do &quot;Anual dos Quebradores Hoodride&quot;, um encontro de carros antigos e aircooled, promete movimentar o Parque de Exposi\u00e7\u00f5es Latiff Mussi Rocha, em <a class href=\"https:\/\/g1.globo.com\/rj\/regiao-dos-lagos\/cidade\/macae\/\">Maca\u00e9<\/a>, no Norte Fluminense, neste s\u00e1bado (2) e domingo (9). <\/p>\n<p> Al\u00e9m de carros com mais de 30 anos, o evento conta com m\u00fasica, dan\u00e7a, brincadeiras para as crian\u00e7as, atividade de educa\u00e7\u00e3o no tr\u00e2nsito e doa\u00e7\u00e3o de animais. O p\u00fablico tamb\u00e9m poder\u00e1 curtir a pra\u00e7a de alimenta\u00e7\u00e3o no local. <\/p>\n<p><h2>Entrada solid\u00e1ria<\/h2>\n<\/p>\n<p> Em parceria com o Programa de Sa\u00fade e Bem-Estar , a entrada do evento ser\u00e1 2 kg de alimentos n\u00e3o perec\u00edveis. <\/p>\n<p> Para cumprir com a miss\u00e3o de ser uma a\u00e7\u00e3o de cunho social, outras institui\u00e7\u00f5es estar\u00e3o sendo representadas, como o Lar de Maria e a Uni\u00e3o Esp\u00edrita Macaense, que estar\u00e3o com um bazar no evento; al\u00e9m do Mascote Animal, que vai promover uma feira de ado\u00e7\u00e3o de animais. <\/p>\n<p> A Par\u00f3quia Santo Ant\u00f4nio, por sua vez, vai realizar uma a\u00e7\u00e3o entre amigos, que ter\u00e1 como pr\u00eamio um fusca amarelo 77, que ser\u00e1 sorteado ao final do evento. Tamb\u00e9m ser\u00e3o arrecadadas fraldas infantis e geri\u00e1tricas para a a\u00e7\u00e3o social. <\/p>\n<p><h2>Blitz Educativa <\/h2>\n<\/p>\n<p> A Secretaria de Mobilidade Urbana, por meio da Coordenadoria de Educa\u00e7\u00e3o no Tr\u00e2nsito, tamb\u00e9m estar\u00e1 promovendo para as crian\u00e7as, \u00e0s 14h, de s\u00e1bado e de domingo, a &quot;Blitz Educativa&quot;, uma atividade l\u00fadica e din\u00e2mica que visa proporcionar \u00e0s crian\u00e7as a viv\u00eancia num tr\u00e2nsito fict\u00edcio, cheio de regras e sinais. O objetivo \u00e9 conscientizar as futuras gera\u00e7\u00f5es a j\u00e1 respeitarem o tr\u00e2nsito. <\/p>\n<p><h2>Dan\u00e7as e shows<\/h2>\n<\/p>\n<p> Ao longo dos dois dias, a &quot;Cia. Para o Alto e Avante&quot; e a &quot;Cia. de Dan\u00e7a Afro-brasileira Express\u00f5es&quot; (Eri-Ok\u00e3n) v\u00e3o se apresentar para o p\u00fablico infantil. J\u00e1 as apresenta\u00e7\u00f5es musicais come\u00e7am a partir das 13h30, tanto no s\u00e1bado quanto no domingo. <\/p>\n<p><h2><strong>Confira a programa\u00e7\u00e3o musical <\/strong><\/h2>\n<\/p>\n<p> <strong>2\/9 (S\u00e1bado)<\/strong> <\/p>\n<ul>\n<li>13h30 &#8211; Banda Tutti Fruti<\/li>\n<li>16h &#8211; Banda Shout <\/li>\n<li>20h &#8211; Banda Zem<\/li>\n<\/ul>\n<p> <strong>3\/9 (Domingo)<\/strong> <\/p>\n<ul>\n<li>13h30 &#8211; Banda Mustang Velho <\/li>\n<li>15h30 &#8211; J\u00falio Malagutti<\/li>\n<li> 17h30 &#8211; \u00c2ngelo Nani e Violence Division<\/li>\n<\/ul>\n<ul>\n<li> <a href=\"https:\/\/g1.globo.com\/rj\/regiao-dos-lagos\/cidade\/macae\/\" class=\"entities__list-itemLink\" data-track-click=\"Maca\u00e9\"> Maca\u00e9 <\/a> <\/li>\n<\/ul>\n","protected":false},"excerpt":{"rendered":"<p>1 de 1&#013;Entrada para 6\u00ba Anual dos Quebradores Hoodride, em Maca\u00e9, ser\u00e1 2 kg de alimentos n\u00e3o perec\u00edveis \u2014 Foto: Bruno Campos\/Prefeitura de Maca\u00e9 Entrada para 6\u00ba Anual dos Quebradores Hoodride, em Maca\u00e9, ser\u00e1 2 kg de alimentos n\u00e3o perec\u00edveis \u2014 Foto: Bruno Campos\/Prefeitura de Maca\u00e9 A 6\u00aa edi\u00e7\u00e3o do &quot;Anual dos Quebradores Hoodride&quot;, um [&hellip;]<\/p>\n","protected":false},"author":1,"featured_media":0,"comment_status":"closed","ping_status":"closed","sticky":false,"template":"","format":"standard","meta":{"footnotes":""},"categories":[],"tags":[],"class_list":["post-52112","post","type-post","status-publish","format-standard","hentry"],"_links":{"self":[{"href":"https:\/\/blog.corretoraideal.com.br\/index.php\/wp-json\/wp\/v2\/posts\/52112","targetHints":{"allow":["GET"]}}],"collection":[{"href":"https:\/\/blog.corretoraideal.com.br\/index.php\/wp-json\/wp\/v2\/posts"}],"about":[{"href":"https:\/\/blog.corretoraideal.com.br\/index.php\/wp-json\/wp\/v2\/types\/post"}],"author":[{"embeddable":true,"href":"https:\/\/blog.corretoraideal.com.br\/index.php\/wp-json\/wp\/v2\/users\/1"}],"replies":[{"embeddable":true,"href":"https:\/\/blog.corretoraideal.com.br\/index.php\/wp-json\/wp\/v2\/comments?post=52112"}],"version-history":[{"count":1,"href":"https:\/\/blog.corretoraideal.com.br\/index.php\/wp-json\/wp\/v2\/posts\/52112\/revisions"}],"predecessor-version":[{"id":52114,"href":"https:\/\/blog.corretoraideal.com.br\/index.php\/wp-json\/wp\/v2\/posts\/52112\/revisions\/52114"}],"wp:attachment":[{"href":"https:\/\/blog.corretoraideal.com.br\/index.php\/wp-json\/wp\/v2\/media?parent=52112"}],"wp:term":[{"taxonomy":"category","embeddable":true,"href":"https:\/\/blog.corretoraideal.com.br\/index.php\/wp-json\/wp\/v2\/categories?post=52112"},{"taxonomy":"post_tag","embeddable":true,"href":"https:\/\/blog.corretoraideal.com.br\/index.php\/wp-json\/wp\/v2\/tags?post=52112"}],"curies":[{"name":"wp","href":"https:\/\/api.w.org\/{rel}","templated":true}]}}