{"id":52115,"date":"2023-08-31T11:30:15","date_gmt":"2023-08-31T11:30:15","guid":{"rendered":"https:\/\/blog.corretoraideal.com.br\/?p=52115"},"modified":"2023-08-31T11:30:15","modified_gmt":"2023-08-31T11:30:15","slug":"justica-do-amazonas-autoriza-o-bloqueio-de-ate-r-10-milhoes-da-123-milhas-economia-g1","status":"publish","type":"post","link":"https:\/\/blog.corretoraideal.com.br\/index.php\/2023\/08\/31\/justica-do-amazonas-autoriza-o-bloqueio-de-ate-r-10-milhoes-da-123-milhas-economia-g1\/","title":{"rendered":"Justi\u00e7a do Amazonas autoriza o bloqueio de at\u00e9 R$ 10 milh\u00f5es da 123 Milhas | Economia | G1"},"content":{"rendered":"<p>      1 de 1&#013;123 Milhas \u2014 Foto: ALOISIO MAURICIO\/FOTOARENA\/FOTOARENA\/ESTAD\u00c3O CONTE\u00daDO    <\/p>\n<p> 123 Milhas \u2014 Foto: ALOISIO MAURICIO\/FOTOARENA\/FOTOARENA\/ESTAD\u00c3O CONTE\u00daDO <\/p>\n<p> O Tribunal de Justi\u00e7a do Amazonas autorizou o bloqueio de at\u00e9 R$ 10 milh\u00f5es das contas da 123 Milhas, ap\u00f3s a empresa suspender os pacotes e a emiss\u00e3o de passagens de sua linha promocional (que conta com datas flex\u00edveis). <\/p>\n<p> O posicionamento do TJ, assinada pela ju\u00edza da 18\u00aa Vara C\u00edvel e de Acidentes de Trabalho, Kathleen dos Santos Gomes, atende a um pedido do N\u00facleo de Defesa do Consumidor da Defensoria P\u00fablica do Estado do Amazonas. <\/p>\n<p> Na decis\u00e3o, a ju\u00edza determina que o bloqueio judicial ser\u00e1 feito nas contas da pr\u00f3pria companhia, mas, caso o valor estipulado na a\u00e7\u00e3o n\u00e3o seja atingido, haver\u00e1 a desconsidera\u00e7\u00e3o da personalidade jur\u00eddica e o valor ser\u00e1 bloqueado diretamente das contas banc\u00e1rias dos s\u00f3cios da empresa. <\/p>\n<p> Vale lembrar que a 123 Milhas entrou com um pedido de recupera\u00e7\u00e3o judicial na \u00faltima ter\u00e7a-feira (29), alegando que a medida tem como objetivo &quot;assegurar o cumprimento dos compromissos assumidos com clientes, ex-colaboradores e fornecedores&quot;, e deve permitir que a empresa chegue mais r\u00e1pido a solu\u00e7\u00f5es com credores e consiga &quot;reequilibrar sua situa\u00e7\u00e3o financeira&quot;. <\/p>\n<p> No entanto, segundo a Defensoria P\u00fablica, a &quot;medida visa o pagamento de eventuais indeniza\u00e7\u00f5es e essa decis\u00e3o sai antes da decreta\u00e7\u00e3o de recupera\u00e7\u00e3o judicial da 123 Milhas, ou seja, por mais que a Justi\u00e7a venha a admitir a recupera\u00e7\u00e3o judicial dela, caso esses ativos j\u00e1 tenham sidos bloqueados, eles n\u00e3o sofrer\u00e3o nenhuma interfer\u00eancia pelo ju\u00edzo&quot;. <\/p>\n<p> <strong>LEIA MAIS<\/strong> <\/p>\n<ul>\n<li><a class href=\"https:\/\/g1.globo.com\/economia\/noticia\/2023\/08\/30\/caso-123-milhas-entenda-o-que-acontece-agora.ghtml\">Caso 123 Milhas: entenda o que acontece agora que a empresa pediu recupera\u00e7\u00e3o judicial<\/a><\/li>\n<\/ul>\n<ul> <\/ul>\n","protected":false},"excerpt":{"rendered":"<p>1 de 1&#013;123 Milhas \u2014 Foto: ALOISIO MAURICIO\/FOTOARENA\/FOTOARENA\/ESTAD\u00c3O CONTE\u00daDO 123 Milhas \u2014 Foto: ALOISIO MAURICIO\/FOTOARENA\/FOTOARENA\/ESTAD\u00c3O CONTE\u00daDO O Tribunal de Justi\u00e7a do Amazonas autorizou o bloqueio de at\u00e9 R$ 10 milh\u00f5es das contas da 123 Milhas, ap\u00f3s a empresa suspender os pacotes e a emiss\u00e3o de passagens de sua linha promocional (que conta com datas flex\u00edveis). [&hellip;]<\/p>\n","protected":false},"author":1,"featured_media":0,"comment_status":"closed","ping_status":"closed","sticky":false,"template":"","format":"standard","meta":{"footnotes":""},"categories":[],"tags":[],"class_list":["post-52115","post","type-post","status-publish","format-standard","hentry"],"_links":{"self":[{"href":"https:\/\/blog.corretoraideal.com.br\/index.php\/wp-json\/wp\/v2\/posts\/52115","targetHints":{"allow":["GET"]}}],"collection":[{"href":"https:\/\/blog.corretoraideal.com.br\/index.php\/wp-json\/wp\/v2\/posts"}],"about":[{"href":"https:\/\/blog.corretoraideal.com.br\/index.php\/wp-json\/wp\/v2\/types\/post"}],"author":[{"embeddable":true,"href":"https:\/\/blog.corretoraideal.com.br\/index.php\/wp-json\/wp\/v2\/users\/1"}],"replies":[{"embeddable":true,"href":"https:\/\/blog.corretoraideal.com.br\/index.php\/wp-json\/wp\/v2\/comments?post=52115"}],"version-history":[{"count":1,"href":"https:\/\/blog.corretoraideal.com.br\/index.php\/wp-json\/wp\/v2\/posts\/52115\/revisions"}],"predecessor-version":[{"id":52117,"href":"https:\/\/blog.corretoraideal.com.br\/index.php\/wp-json\/wp\/v2\/posts\/52115\/revisions\/52117"}],"wp:attachment":[{"href":"https:\/\/blog.corretoraideal.com.br\/index.php\/wp-json\/wp\/v2\/media?parent=52115"}],"wp:term":[{"taxonomy":"category","embeddable":true,"href":"https:\/\/blog.corretoraideal.com.br\/index.php\/wp-json\/wp\/v2\/categories?post=52115"},{"taxonomy":"post_tag","embeddable":true,"href":"https:\/\/blog.corretoraideal.com.br\/index.php\/wp-json\/wp\/v2\/tags?post=52115"}],"curies":[{"name":"wp","href":"https:\/\/api.w.org\/{rel}","templated":true}]}}