{"id":52123,"date":"2023-08-31T14:30:47","date_gmt":"2023-08-31T14:30:47","guid":{"rendered":"https:\/\/blog.corretoraideal.com.br\/?p=52123"},"modified":"2023-08-31T14:30:47","modified_gmt":"2023-08-31T14:30:47","slug":"passageiro-e-detido-em-campos-apos-prf-flagrar-15-kg-de-maconha-em-bagageiro-de-onibus-na-br-101-norte-fluminense-g1","status":"publish","type":"post","link":"https:\/\/blog.corretoraideal.com.br\/index.php\/2023\/08\/31\/passageiro-e-detido-em-campos-apos-prf-flagrar-15-kg-de-maconha-em-bagageiro-de-onibus-na-br-101-norte-fluminense-g1\/","title":{"rendered":"Passageiro \u00e9 detido em Campos ap\u00f3s PRF flagrar 15 kg de maconha em bagageiro de \u00f4nibus na BR-101 | Norte Fluminense | G1"},"content":{"rendered":"<p>      1 de 3&#013;De acordo com a PRF homem estava com 15 kg de maconha dentro de \u00f4nibus em Campos \u2014 Foto: PRF    <\/p>\n<p> De acordo com a PRF homem estava com 15 kg de maconha dentro de \u00f4nibus em Campos \u2014 Foto: PRF <\/p>\n<p> A Pol\u00edcia Rodovi\u00e1ria Federal flagrou um passageiro suspeito de portar 15 kg de maconha dentro de um \u00f4nibus durante abordagem na BR-101, em <a class href=\"https:\/\/g1.globo.com\/rj\/norte-fluminense\/cidade\/campos-dos-goytacazes\/\">Campos dos Goytacazes<\/a>, no Norte Fluminense, no come\u00e7o da madrugada desta quinta-feira (31). <\/p>\n<p> Os agentes faziam uma fiscaliza\u00e7\u00e3o de ve\u00edculo de transporte de passageiros no km 78 quando decidiram parar o ve\u00edculo, por volta de 01h30. <\/p>\n<p> O material estava no bagageiro superior pr\u00f3ximo ao passageiro, que esteva sentado no \u00faltimo assento. <\/p>\n<p>         2 de 3&#013;Material foi encontrado com homem dentro de \u00f4nibus que foi parado pela PRF na BR-101, em Campos \u2014 Foto: PRF    <\/p>\n<p> Material foi encontrado com homem dentro de \u00f4nibus que foi parado pela PRF na BR-101, em Campos \u2014 Foto: PRF <\/p>\n<p> Na mochilha, segundo a PRF, al\u00e9m de algumas roupas que condiziam com o mesmo tamanho do porte f\u00edsico do passageiro citado, tamb\u00e9m havia uma sacola com embalagem de presente contendo 20 tabletes de subst\u00e2ncia aparentando ser maconha com odor caracter\u00edstico. <\/p>\n<p> A pol\u00edcia disse que, ao perguntar sobre a propriedade das bagagens ningu\u00e9m se apresentou, foi ent\u00e3o que a equipe come\u00e7ou a inspe\u00e7\u00e3o, associando cada bagagem aos respectivos passageiros. Ao final, somente o referido passageiro n\u00e3o havia bagagem nenhuma. <\/p>\n<p> Ao ser perguntado, ainda segundo a PRF, ele disse que morava na Serra do Esp\u00edrito Santo e que tinha ido ao Rio de Janeiro h\u00e1 2 dias para o enterro de uma tia e que n\u00e3o havia levado bagagem consigo. <\/p>\n<p>         3 de 3&#013;Maconha foi encontrada pela PRF dentro de mochila, e passageiro foi levado para a delegacia em Campos \u2014 Foto: PRF    <\/p>\n<p> Maconha foi encontrada pela PRF dentro de mochila, e passageiro foi levado para a delegacia em Campos \u2014 Foto: PRF <\/p>\n<p> Mas ap\u00f3s realizar consultas nos sistemas, a pol\u00edcia identificou que o passageiro j\u00e1 tinha anota\u00e7\u00f5es criminais por homic\u00eddio (artigo ), roubo (artigo 157) e tr\u00e1fico de drogas (artigo 33 da lei 11343). <\/p>\n<p> Depois de ouvir testemunhas, ficou constatado que o passageiro embarcou no bairro da Urca, no Rio de Janeiro, de posse da mesma bagagem. <\/p>\n<p> O homem foi conduzido at\u00e9 a 134\u00aa DP Delegacia de Pol\u00edcia Civil, em Campos dos Goytacazes, pela suspeita do crime de tr\u00e1fico de drogas. <\/p>\n<ul>\n<li> <a href=\"https:\/\/g1.globo.com\/rj\/norte-fluminense\/cidade\/campos-dos-goytacazes\/\" class=\"entities__list-itemLink\" data-track-click=\"Campos dos Goytacazes\"> Campos dos Goytacazes <\/a> <\/li>\n<\/ul>\n","protected":false},"excerpt":{"rendered":"<p>1 de 3&#013;De acordo com a PRF homem estava com 15 kg de maconha dentro de \u00f4nibus em Campos \u2014 Foto: PRF De acordo com a PRF homem estava com 15 kg de maconha dentro de \u00f4nibus em Campos \u2014 Foto: PRF A Pol\u00edcia Rodovi\u00e1ria Federal flagrou um passageiro suspeito de portar 15 kg de [&hellip;]<\/p>\n","protected":false},"author":1,"featured_media":0,"comment_status":"closed","ping_status":"closed","sticky":false,"template":"","format":"standard","meta":{"footnotes":""},"categories":[],"tags":[],"class_list":["post-52123","post","type-post","status-publish","format-standard","hentry"],"_links":{"self":[{"href":"https:\/\/blog.corretoraideal.com.br\/index.php\/wp-json\/wp\/v2\/posts\/52123","targetHints":{"allow":["GET"]}}],"collection":[{"href":"https:\/\/blog.corretoraideal.com.br\/index.php\/wp-json\/wp\/v2\/posts"}],"about":[{"href":"https:\/\/blog.corretoraideal.com.br\/index.php\/wp-json\/wp\/v2\/types\/post"}],"author":[{"embeddable":true,"href":"https:\/\/blog.corretoraideal.com.br\/index.php\/wp-json\/wp\/v2\/users\/1"}],"replies":[{"embeddable":true,"href":"https:\/\/blog.corretoraideal.com.br\/index.php\/wp-json\/wp\/v2\/comments?post=52123"}],"version-history":[{"count":1,"href":"https:\/\/blog.corretoraideal.com.br\/index.php\/wp-json\/wp\/v2\/posts\/52123\/revisions"}],"predecessor-version":[{"id":52125,"href":"https:\/\/blog.corretoraideal.com.br\/index.php\/wp-json\/wp\/v2\/posts\/52123\/revisions\/52125"}],"wp:attachment":[{"href":"https:\/\/blog.corretoraideal.com.br\/index.php\/wp-json\/wp\/v2\/media?parent=52123"}],"wp:term":[{"taxonomy":"category","embeddable":true,"href":"https:\/\/blog.corretoraideal.com.br\/index.php\/wp-json\/wp\/v2\/categories?post=52123"},{"taxonomy":"post_tag","embeddable":true,"href":"https:\/\/blog.corretoraideal.com.br\/index.php\/wp-json\/wp\/v2\/tags?post=52123"}],"curies":[{"name":"wp","href":"https:\/\/api.w.org\/{rel}","templated":true}]}}