{"id":52126,"date":"2023-08-31T16:35:27","date_gmt":"2023-08-31T16:35:27","guid":{"rendered":"https:\/\/blog.corretoraideal.com.br\/?p=52126"},"modified":"2023-08-31T16:35:27","modified_gmt":"2023-08-31T16:35:27","slug":"governo-regulamenta-portabilidade-do-vale-refeicao-veja-o-que-muda-economia-g1","status":"publish","type":"post","link":"https:\/\/blog.corretoraideal.com.br\/index.php\/2023\/08\/31\/governo-regulamenta-portabilidade-do-vale-refeicao-veja-o-que-muda-economia-g1\/","title":{"rendered":"Governo regulamenta portabilidade do vale-refei\u00e7\u00e3o; veja o que muda | Economia | G1"},"content":{"rendered":"<p>      1 de 1&#013;Self-service; quil\u00e3o; restaurante por quilo; almo\u00e7o; vale-refei\u00e7\u00e3o \u2014 Foto: Marcos Serra Lima\/g1    <\/p>\n<p> Self-service; quil\u00e3o; restaurante por quilo; almo\u00e7o; vale-refei\u00e7\u00e3o \u2014 Foto: Marcos Serra Lima\/g1 <\/p>\n<p> O governo publicou nesta quinta-feira (31) um decreto para regulamentar a portabilidade do vale-alimenta\u00e7\u00e3o e vale-refei\u00e7\u00e3o. Isso significa que ser\u00e1 poss\u00edvel fazer a transfer\u00eancia dos valores creditados de um cart\u00e3o alimenta\u00e7\u00e3o para outro, de bandeira diferente. <\/p>\n<p> Segundo a medida, publicada no Di\u00e1rio Oficial da Uni\u00e3o (DOU), a transfer\u00eancia de recursos passou a ser de responsabilidade das institui\u00e7\u00f5es respons\u00e1veis pela conta de pagamento e pode ser solicitada de forma gratuita pelo trabalhador. <\/p>\n<p> A portabilidade de recursos j\u00e1 estava prevista no <a class href=\"https:\/\/g1.globo.com\/trabalho-e-carreira\/noticia\/2022\/08\/04\/congresso-aprova-novas-regras-para-auxilio-alimentacao-entenda.ghtml\">novo Programa de Alimenta\u00e7\u00e3o do Trabalhador (PAT)<\/a> e foi retomada pelo governo ap\u00f3s a medida provis\u00f3ria (MP) que adiava sua regulamenta\u00e7\u00e3o para maio de 2024 caducar. <\/p>\n<p> A ideia \u00e9 que os trabalhadores possam escolher as operadoras dos benef\u00edcios que preferirem, independente da empresa que foi contratada pelo seu empregador. <\/p>\n<p> A portabilidade, de acordo com a medida, deve abranger o saldo e todos os valores que venham a ser creditados na conta de pagamento e pode ser cancelada a qualquer momento pelo trabalhador. Al\u00e9m disso, a transfer\u00eancia poder\u00e1 acontecer apenas entre institui\u00e7\u00f5es de pagamento que tenham a mesma natureza e que operem com o mesmo tipo de produto. <\/p>\n<p> O decreto publicado nesta quinta-feira (31) tamb\u00e9m pro\u00edbe programas de recompensa que envolvam opera\u00e7\u00f5es de cashback (quando o consumidor recebe de volta, em dinheiro, parte do valor pago ao adquirir um produto) em transa\u00e7\u00f5es que envolvam o servi\u00e7o de pagamento de alimenta\u00e7\u00e3o por meio do PAT. <\/p>\n<p> Por fim, a medida tamb\u00e9m determina que as empresa e institui\u00e7\u00f5es participantes disponibilizem &quot;programas destinados a promover e monitorar a sa\u00fade e a aprimorar a seguran\u00e7a alimentar e nutricional de seus trabalhadores&quot;. <\/p>\n<ul> <\/ul>\n","protected":false},"excerpt":{"rendered":"<p>1 de 1&#013;Self-service; quil\u00e3o; restaurante por quilo; almo\u00e7o; vale-refei\u00e7\u00e3o \u2014 Foto: Marcos Serra Lima\/g1 Self-service; quil\u00e3o; restaurante por quilo; almo\u00e7o; vale-refei\u00e7\u00e3o \u2014 Foto: Marcos Serra Lima\/g1 O governo publicou nesta quinta-feira (31) um decreto para regulamentar a portabilidade do vale-alimenta\u00e7\u00e3o e vale-refei\u00e7\u00e3o. Isso significa que ser\u00e1 poss\u00edvel fazer a transfer\u00eancia dos valores creditados de um [&hellip;]<\/p>\n","protected":false},"author":1,"featured_media":0,"comment_status":"closed","ping_status":"closed","sticky":false,"template":"","format":"standard","meta":{"footnotes":""},"categories":[],"tags":[],"class_list":["post-52126","post","type-post","status-publish","format-standard","hentry"],"_links":{"self":[{"href":"https:\/\/blog.corretoraideal.com.br\/index.php\/wp-json\/wp\/v2\/posts\/52126","targetHints":{"allow":["GET"]}}],"collection":[{"href":"https:\/\/blog.corretoraideal.com.br\/index.php\/wp-json\/wp\/v2\/posts"}],"about":[{"href":"https:\/\/blog.corretoraideal.com.br\/index.php\/wp-json\/wp\/v2\/types\/post"}],"author":[{"embeddable":true,"href":"https:\/\/blog.corretoraideal.com.br\/index.php\/wp-json\/wp\/v2\/users\/1"}],"replies":[{"embeddable":true,"href":"https:\/\/blog.corretoraideal.com.br\/index.php\/wp-json\/wp\/v2\/comments?post=52126"}],"version-history":[{"count":1,"href":"https:\/\/blog.corretoraideal.com.br\/index.php\/wp-json\/wp\/v2\/posts\/52126\/revisions"}],"predecessor-version":[{"id":52128,"href":"https:\/\/blog.corretoraideal.com.br\/index.php\/wp-json\/wp\/v2\/posts\/52126\/revisions\/52128"}],"wp:attachment":[{"href":"https:\/\/blog.corretoraideal.com.br\/index.php\/wp-json\/wp\/v2\/media?parent=52126"}],"wp:term":[{"taxonomy":"category","embeddable":true,"href":"https:\/\/blog.corretoraideal.com.br\/index.php\/wp-json\/wp\/v2\/categories?post=52126"},{"taxonomy":"post_tag","embeddable":true,"href":"https:\/\/blog.corretoraideal.com.br\/index.php\/wp-json\/wp\/v2\/tags?post=52126"}],"curies":[{"name":"wp","href":"https:\/\/api.w.org\/{rel}","templated":true}]}}