{"id":52129,"date":"2023-08-31T19:32:24","date_gmt":"2023-08-31T19:32:24","guid":{"rendered":"https:\/\/blog.corretoraideal.com.br\/?p=52129"},"modified":"2023-08-31T19:32:24","modified_gmt":"2023-08-31T19:32:24","slug":"video-homem-e-preso-apos-atirar-para-o-alto-ao-comemorar-noivado-com-adolescente-em-itaperuna-norte-fluminense-g1","status":"publish","type":"post","link":"https:\/\/blog.corretoraideal.com.br\/index.php\/2023\/08\/31\/video-homem-e-preso-apos-atirar-para-o-alto-ao-comemorar-noivado-com-adolescente-em-itaperuna-norte-fluminense-g1\/","title":{"rendered":"V\u00cdDEO: homem \u00e9 preso ap\u00f3s atirar para o alto ao comemorar noivado com adolescente em Itaperuna | Norte Fluminense | G1"},"content":{"rendered":"<p>                <img loading=\"lazy\" decoding=\"async\" class=\"aligncenter size-full wp-image-52131\" src=\"https:\/\/blog.corretoraideal.com.br\/wp-content\/uploads\/2023\/08\/policias-civil-e-militar-apreendem-armas-e-municoes-em-itaperuna.jpeg\" alt=\"Pol\u00edcias civil e militar apreendem armas e muni\u00e7\u00f5es em Itaperuna\" width=\"800\" height=\"400\" \/>      <\/p>\n<p> Pol\u00edcias civil e militar apreendem armas e muni\u00e7\u00f5es em Itaperuna <\/p>\n<p> Um homem de 61 anos foi preso em flagrante por posse irregular de arma de fogo nesta ter\u00e7a-feira (29) em <a class href=\"https:\/\/g1.globo.com\/rj\/norte-fluminense\/cidade\/itaperuna\/\">Itaperuna<\/a>, no Noroeste Fluminense, depois que um v\u00eddeo circulou nas redes sociais mostrando ele atirando para o alto, na varanda de sua casa, em uma \u00e1rea residencial, acompanhado de uma adolescente, que tamb\u00e9m foi chamada para atirar para cima. O casal comemorava o noivado. <\/p>\n<p> Segundo a Pol\u00edcia Civil, o homem foi solto depois de pagar fian\u00e7a de R$ 50 mil. <\/p>\n<p>         1 de 2&#013;Homem foi preso em Itaperuna ao comemorar noivado atirando para cima e chamar noive, que \u00e9 adolescente, para atirar junto \u2014 Foto: Reprodu\u00e7\u00e3o redes sociais    <\/p>\n<p> Homem foi preso em Itaperuna ao comemorar noivado atirando para cima e chamar noive, que \u00e9 adolescente, para atirar junto \u2014 Foto: Reprodu\u00e7\u00e3o redes sociais <\/p>\n<p> Os agentes da 143\u00aa Delegacia de Pol\u00edcia, ao saberem do v\u00eddeo, iniciaram as investiga\u00e7\u00f5es e encontraram, em a\u00e7\u00e3o conjunta com policiais militares, armas e muni\u00e7\u00f5es, tanto na casa dele quanto no endere\u00e7o comercial. O mandado de busca e apreens\u00e3o foi cumprido no bairro Niter\u00f3i. <\/p>\n<p> &quot;N\u00e3o foi apresentada a documenta\u00e7\u00e3o pertinente ao rev\u00f3lver calibre 38, sendo lavrado auto de pris\u00e3o em flagrante pela pr\u00e1tica de crime previsto no Art. 12 da Lei 10.826\/2003&quot;, explicou o delegado titular da 143\u00aa DP, Dr. Filipi Poeys. <\/p>\n<p> Nas redes sociais, o homem pediu desculpas e disse que pratica tiro esportivo. Ele negou que estivesse alcoolizado. Disse que poderia at\u00e9 ter bebido, mas estava consciente. Ele ainda criticou quem postou o v\u00eddeo, mas admitiu que, de qualquer maneira, estava errado. Quanto as armas apreendidas, segundo ele, todas tinha registro. Mas como n\u00e3o achou o registro de uma delas, precisou pagar fian\u00e7a para sair da pris\u00e3o. <\/p>\n<p> A pol\u00edcia divulgou ainda as armas apreendidas. Na resid\u00eancia dele foram encontrados um rev\u00f3lver calibre 38, uma espingarda calibre 22 com luneta, 36 muni\u00e7\u00f5es calibre 38 intactas, 18 estojos calibre 38 deflagrados, 72 muni\u00e7\u00f5es calibre 22 intactas, sete estojos calibre 22 deflagrados, um carregar vazio de rifle 22, uma pistola de ar comprimido e seis carabinas de ar comprimido. <\/p>\n<p>         2 de 2&#013;Armas encontradas na casa e endere\u00e7o comercial do homem que apareceu em v\u00eddeo atirando para o alto em Itaperuna \u2014 Foto: Pol\u00edcia Civil\/Divulga\u00e7\u00e3o    <\/p>\n<p> Armas encontradas na casa e endere\u00e7o comercial do homem que apareceu em v\u00eddeo atirando para o alto em Itaperuna \u2014 Foto: Pol\u00edcia Civil\/Divulga\u00e7\u00e3o <\/p>\n<p> J\u00e1 no endere\u00e7o comercial, foram localizados um rev\u00f3lver calibre 22 , dois rifles 22 com luneta, um rifle 38, 105 muni\u00e7\u00f5es de calibre 22 intactas, 14 muni\u00e7\u00f5es intactas de calibre 38, 100 estojos de calibre 38 deflagrados, um carregador vazio de calibre 22, sete lunetas sem marca aparente, 13 carabinas de ar comprido e uma pistola de ar comprimido. <\/p>\n<p> A pol\u00edcia explica que a a\u00e7\u00e3o fez parte de mais uma etapa da opera\u00e7\u00e3o Itaperuna Segura. <\/p>\n<p> &quot;Contamos com o apoio da Pol\u00edcia Militar e do Minist\u00e9rio P\u00fablico e Justi\u00e7a em cada etapa porque ao representar por mandados de busca e apreens\u00e3o ou de pris\u00e3o o trabalho precisa ser integrado&quot;, explica Dr. Filipi. <\/p>\n<p> A Pol\u00edcia Civil disponibiliza os seguintes telefones para den\u00fancias an\u00f4nimas, com sigilo e anonimato garantidos: o Disque Den\u00fancia da 143\u00aa DP, que \u00e9 o (22) 98831-8027; e o telefone (22) 3822-7700. <\/p>\n<ul>\n<li> <a href=\"https:\/\/g1.globo.com\/rj\/norte-fluminense\/cidade\/itaperuna\/\" class=\"entities__list-itemLink\" data-track-click=\"Itaperuna\"> Itaperuna <\/a> <\/li>\n<\/ul>\n","protected":false},"excerpt":{"rendered":"<p>Pol\u00edcias civil e militar apreendem armas e muni\u00e7\u00f5es em Itaperuna Um homem de 61 anos foi preso em flagrante por posse irregular de arma de fogo nesta ter\u00e7a-feira (29) em Itaperuna, no Noroeste Fluminense, depois que um v\u00eddeo circulou nas redes sociais mostrando ele atirando para o alto, na varanda de sua casa, em uma [&hellip;]<\/p>\n","protected":false},"author":1,"featured_media":0,"comment_status":"closed","ping_status":"closed","sticky":false,"template":"","format":"standard","meta":{"footnotes":""},"categories":[],"tags":[],"class_list":["post-52129","post","type-post","status-publish","format-standard","hentry"],"_links":{"self":[{"href":"https:\/\/blog.corretoraideal.com.br\/index.php\/wp-json\/wp\/v2\/posts\/52129","targetHints":{"allow":["GET"]}}],"collection":[{"href":"https:\/\/blog.corretoraideal.com.br\/index.php\/wp-json\/wp\/v2\/posts"}],"about":[{"href":"https:\/\/blog.corretoraideal.com.br\/index.php\/wp-json\/wp\/v2\/types\/post"}],"author":[{"embeddable":true,"href":"https:\/\/blog.corretoraideal.com.br\/index.php\/wp-json\/wp\/v2\/users\/1"}],"replies":[{"embeddable":true,"href":"https:\/\/blog.corretoraideal.com.br\/index.php\/wp-json\/wp\/v2\/comments?post=52129"}],"version-history":[{"count":1,"href":"https:\/\/blog.corretoraideal.com.br\/index.php\/wp-json\/wp\/v2\/posts\/52129\/revisions"}],"predecessor-version":[{"id":52132,"href":"https:\/\/blog.corretoraideal.com.br\/index.php\/wp-json\/wp\/v2\/posts\/52129\/revisions\/52132"}],"wp:attachment":[{"href":"https:\/\/blog.corretoraideal.com.br\/index.php\/wp-json\/wp\/v2\/media?parent=52129"}],"wp:term":[{"taxonomy":"category","embeddable":true,"href":"https:\/\/blog.corretoraideal.com.br\/index.php\/wp-json\/wp\/v2\/categories?post=52129"},{"taxonomy":"post_tag","embeddable":true,"href":"https:\/\/blog.corretoraideal.com.br\/index.php\/wp-json\/wp\/v2\/tags?post=52129"}],"curies":[{"name":"wp","href":"https:\/\/api.w.org\/{rel}","templated":true}]}}