{"id":52133,"date":"2023-08-31T21:33:37","date_gmt":"2023-08-31T21:33:37","guid":{"rendered":"https:\/\/blog.corretoraideal.com.br\/?p=52133"},"modified":"2023-08-31T21:33:37","modified_gmt":"2023-08-31T21:33:37","slug":"governo-federal-nao-preve-reajuste-a-servidores-publicos-no-orcamento-de-2024-economia-g1","status":"publish","type":"post","link":"https:\/\/blog.corretoraideal.com.br\/index.php\/2023\/08\/31\/governo-federal-nao-preve-reajuste-a-servidores-publicos-no-orcamento-de-2024-economia-g1\/","title":{"rendered":"Governo federal n\u00e3o prev\u00ea reajuste a servidores p\u00fablicos no Or\u00e7amento de 2024 | Economia | G1"},"content":{"rendered":"\n<ul>\n<li>\n<p> Proposta do Or\u00e7amento de 2024 enviada pelo governo ao Congresso nesta quinta-feira (31) n\u00e3o prev\u00ea reserva para reajustar sal\u00e1rio de todos os servidores p\u00fablicos federais. <\/p>\n<\/li>\n<li>\n<p> Segundo o governo, a decis\u00e3o foi tomada em raz\u00e3o de um &quot;cen\u00e1rio fiscal restritivo&quot;. Conceder eventual aumento seria, na avalia\u00e7\u00e3o do Executivo, uma &quot;medida imprudente&quot;. <\/p>\n<\/li>\n<li>\n<p> Em 2023, proposta aprovada pelo Congresso reservou R$ 11,6 bilh\u00f5es para o reajuste dos servidores \u2014 oficializado pelo governo Lula em 9%. <\/p>\n<\/li>\n<\/ul>\n<p> Proposta do Or\u00e7amento de 2024 enviada pelo governo ao Congresso nesta quinta-feira (31) n\u00e3o prev\u00ea reserva para reajustar sal\u00e1rio de todos os servidores p\u00fablicos federais. <\/p>\n<p> Segundo o governo, a decis\u00e3o foi tomada em raz\u00e3o de um &quot;cen\u00e1rio fiscal restritivo&quot;. Conceder eventual aumento seria, na avalia\u00e7\u00e3o do Executivo, uma &quot;medida imprudente&quot;. <\/p>\n<p> Em 2023, proposta aprovada pelo Congresso reservou R$ 11,6 bilh\u00f5es para o reajuste dos servidores \u2014 oficializado pelo governo Lula em 9%. <\/p>\n<p>         1 de 1&#013;Imagem a\u00e9rea da Esplanada dos Minist\u00e9rios, em Bras\u00edlia \u2014 Foto: Geraldo Magela\/Ag. Senado    <\/p>\n<p> Imagem a\u00e9rea da Esplanada dos Minist\u00e9rios, em Bras\u00edlia \u2014 Foto: Geraldo Magela\/Ag. Senado <\/p>\n<p> A proposta do Or\u00e7amento de 2024, enviada nesta quinta-feira (31) ao <a class href=\"https:\/\/g1.globo.com\/tudo-sobre\/congresso-nacional\/\">Congresso<\/a> pelo governo federal, <strong>n\u00e3o prev\u00ea reajuste salarial a todos servidores p\u00fablicos federais<\/strong>. <\/p>\n<p> A decis\u00e3o foi justificada pelo governo como uma consequ\u00eancia do &quot;cen\u00e1rio fiscal restritivo&quot; para 2024. O aumento, segundo o Executivo, seria uma &quot;medida imprudente&quot;. <\/p>\n<p> O governo afirma que o impacto de um eventual reajuste poderia significar, em um cen\u00e1rio hipot\u00e9tico com aumento de 1%, um crescimento na folha de pagamento no valor de R$ 3,46 bilh\u00f5es. <\/p>\n<p>&quot;Por mais leg\u00edtimo que seja o pleito, se revelaria uma medida imprudente, haja vista o cen\u00e1rio fiscal restritivo para 2024, mesmo com o advento do Regime Fiscal Sustent\u00e1vel&quot;, diz o governo na proposta de Or\u00e7amento. <\/p>\n<p> Em 2023, o Or\u00e7amento aprovado pelo Congresso <a class href=\"https:\/\/g1.globo.com\/economia\/noticia\/2022\/08\/31\/projeto-de-orcamento-para-2023-contempla-r-116-bilhoes-para-reajuste-de-servidores-do-executivo.ghtml\">reservou R$ 11,6 bilh\u00f5es para o reajuste dos servidores<\/a>. Isso permitiu que o Planalto firmasse acordo com os servidores para um reajuste salarial de 9% de maio deste ano em diante \u2014 j\u00e1 <a class href=\"https:\/\/g1.globo.com\/politica\/noticia\/2023\/03\/24\/governo-assina-acordo-e-servidores-do-executivo-federal-terao-reajuste-de-9percent-em-2023.ghtml\">formalizado pelo presidente Luiz In\u00e1cio Lula da Silva (PT)<\/a>.<a class href=\"https:\/\/g1.globo.com\/politica\/noticia\/2023\/03\/24\/governo-assina-acordo-e-servidores-do-executivo-federal-terao-reajuste-de-9percent-em-2023.ghtml\"> <\/a> <\/p>\n<p> O acordo deste ano tamb\u00e9m contemplou um aumento de R$ 200 no aux\u00edlio-alimenta\u00e7\u00e3o. O t\u00edquete passou de R$ 458 para R$ 658 mensais. <\/p>\n<p> Essa negocia\u00e7\u00e3o, conduzida pela ministra da Gest\u00e3o e Inova\u00e7\u00e3o, Esther Dweck, foi realizada por meio de uma mesa emergencial com os servidores. O reajuste j\u00e1<a class href=\"https:\/\/g1.globo.com\/politica\/noticia\/2023\/08\/23\/senado-aprova-mp-que-concede-reajuste-de-9percent-a-servidores-federais.ghtml\"> passou pelo Legislativo<\/a>. <\/p>\n<p>                   <img loading=\"lazy\" decoding=\"async\" class=\"aligncenter size-full wp-image-52135\" src=\"https:\/\/blog.corretoraideal.com.br\/wp-content\/uploads\/2023\/08\/lula-sanciona-nesta-segunda-28-o-projeto-que-cria-uma-nova-politica-para-o-reajuste-do-salario-minimo.jpeg\" alt=\"Lula sanciona nesta segunda (28) o projeto que cria uma nova pol\u00edtica para o reajuste do sal\u00e1rio m\u00ednimo\" width=\"800\" height=\"400\" \/>      <\/p>\n<p> Lula sanciona nesta segunda (28) o projeto que cria uma nova pol\u00edtica para o reajuste do sal\u00e1rio m\u00ednimo <\/p>\n<p><h2>Hist\u00f3rico<\/h2>\n<\/p>\n<p> Segundo o Minist\u00e9rio da Gest\u00e3o, a \u00faltima negocia\u00e7\u00e3o ampla com os servidores aconteceu em 2016, no governo Dilma Rousseff, que enviou ao Congresso reajustes escalonados, dependendo da categoria, com validade entre 2016 e 2019. <\/p>\n<p> O presidente Michel Temer, que sucedeu Dilma, n\u00e3o vetou os reajustes. <\/p>\n<p> Em 2020, o governo Bolsonaro <a class href=\"https:\/\/g1.globo.com\/economia\/noticia\/2019\/04\/15\/governo-nao-preve-concursos-e-reajustes-para-servidores-publicos-em-2020-com-excecao-de-militares.ghtml\">autorizou novos reajustes, mas somente para os militares, em raz\u00e3o do processo de reestrutura\u00e7\u00e3o das carreiras.<\/a> <\/p>\n<p> Durante a pior fase da pandemia da Covid-19, a \u00e1rea econ\u00f4mica do governo Bolsonaro, comandada ent\u00e3o pelo ministro Paulo Guedes, <a class href=\"https:\/\/g1.globo.com\/politica\/noticia\/2020\/05\/07\/guedes-defende-veto-a-trecho-da-ajuda-aos-estados-que-amplia-categorias-que-podem-ter-reajuste.ghtml\">vetou reajustes a servidores como forma de compensar o aumento de gastos com sa\u00fade e com o aux\u00edlio \u00e0 popula\u00e7\u00e3o carente.<\/a> <\/p>\n<p> Em 2021, a proposta de Or\u00e7amento para 2022 <a class href=\"https:\/\/g1.globo.com\/economia\/noticia\/2021\/08\/31\/proposta-de-orcamento-para-2022-nao-inclui-reajuste-de-servidores-mas-preve-retomada-de-concursos.ghtml\">trouxe autoriza\u00e7\u00e3o para novos concursos p\u00fablicos, mas n\u00e3o incluiu reajustes para os servidores j\u00e1 admitidos.<\/a> <\/p>\n<p> Na vota\u00e7\u00e3o do or\u00e7amento de 2022 no Congresso, por\u00e9m, <a class href=\"https:\/\/g1.globo.com\/politica\/noticia\/2021\/12\/21\/orcamento-2022-votacao-congresso.ghtml\">os parlamentares reservaram R$ 1,7 bilh\u00e3o para reajustes de algumas categorias<\/a> \u2013 <a class href=\"https:\/\/g1.globo.com\/politica\/noticia\/2022\/06\/13\/bolsonaro-confirma-que-servidor-nao-tera-reajuste-neste-ano-e-acena-com-vale-alimentacao-em-dobro.ghtml\">valor que acabou n\u00e3o sendo utilizado<\/a>, apesar das greves no Banco Central e no Tesouro Nacional. <\/p>\n<p> O argumento foi de que n\u00e3o havia espa\u00e7o dentro do teto de gastos \u2013 mecanismo que limita as despesas do governo \u00e0 varia\u00e7\u00e3o da infla\u00e7\u00e3o no ano anterior. <\/p>\n<ul>\n<li> <a href=\"https:\/\/g1.globo.com\/tudo-sobre\/congresso-nacional\/\" class=\"entities__list-itemLink\" data-track-click=\"Congresso Nacional\"> Congresso Nacional <\/a> <\/li>\n<\/ul>\n","protected":false},"excerpt":{"rendered":"<p>Proposta do Or\u00e7amento de 2024 enviada pelo governo ao Congresso nesta quinta-feira (31) n\u00e3o prev\u00ea reserva para reajustar sal\u00e1rio de todos os servidores p\u00fablicos federais. Segundo o governo, a decis\u00e3o foi tomada em raz\u00e3o de um &quot;cen\u00e1rio fiscal restritivo&quot;. Conceder eventual aumento seria, na avalia\u00e7\u00e3o do Executivo, uma &quot;medida imprudente&quot;. Em 2023, proposta aprovada pelo [&hellip;]<\/p>\n","protected":false},"author":1,"featured_media":0,"comment_status":"closed","ping_status":"closed","sticky":false,"template":"","format":"standard","meta":{"footnotes":""},"categories":[],"tags":[],"class_list":["post-52133","post","type-post","status-publish","format-standard","hentry"],"_links":{"self":[{"href":"https:\/\/blog.corretoraideal.com.br\/index.php\/wp-json\/wp\/v2\/posts\/52133","targetHints":{"allow":["GET"]}}],"collection":[{"href":"https:\/\/blog.corretoraideal.com.br\/index.php\/wp-json\/wp\/v2\/posts"}],"about":[{"href":"https:\/\/blog.corretoraideal.com.br\/index.php\/wp-json\/wp\/v2\/types\/post"}],"author":[{"embeddable":true,"href":"https:\/\/blog.corretoraideal.com.br\/index.php\/wp-json\/wp\/v2\/users\/1"}],"replies":[{"embeddable":true,"href":"https:\/\/blog.corretoraideal.com.br\/index.php\/wp-json\/wp\/v2\/comments?post=52133"}],"version-history":[{"count":1,"href":"https:\/\/blog.corretoraideal.com.br\/index.php\/wp-json\/wp\/v2\/posts\/52133\/revisions"}],"predecessor-version":[{"id":52136,"href":"https:\/\/blog.corretoraideal.com.br\/index.php\/wp-json\/wp\/v2\/posts\/52133\/revisions\/52136"}],"wp:attachment":[{"href":"https:\/\/blog.corretoraideal.com.br\/index.php\/wp-json\/wp\/v2\/media?parent=52133"}],"wp:term":[{"taxonomy":"category","embeddable":true,"href":"https:\/\/blog.corretoraideal.com.br\/index.php\/wp-json\/wp\/v2\/categories?post=52133"},{"taxonomy":"post_tag","embeddable":true,"href":"https:\/\/blog.corretoraideal.com.br\/index.php\/wp-json\/wp\/v2\/tags?post=52133"}],"curies":[{"name":"wp","href":"https:\/\/api.w.org\/{rel}","templated":true}]}}