{"id":52137,"date":"2023-09-01T00:32:14","date_gmt":"2023-09-01T00:32:14","guid":{"rendered":"https:\/\/blog.corretoraideal.com.br\/?p=52137"},"modified":"2023-09-01T00:32:14","modified_gmt":"2023-09-01T00:32:14","slug":"funcionario-de-cooperativa-de-coleta-de-lixo-morre-atropelado-pelo-caminhao-da-empresa-em-porciuncula-norte-fluminense-g1","status":"publish","type":"post","link":"https:\/\/blog.corretoraideal.com.br\/index.php\/2023\/09\/01\/funcionario-de-cooperativa-de-coleta-de-lixo-morre-atropelado-pelo-caminhao-da-empresa-em-porciuncula-norte-fluminense-g1\/","title":{"rendered":"Funcion\u00e1rio de cooperativa de coleta de lixo morre atropelado pelo caminh\u00e3o da empresa em Porci\u00fancula | Norte Fluminense | G1"},"content":{"rendered":"<p>      1 de 1&#013;Leonardo Fernando In\u00e1cio, de 30 anos, trabalha na coleta de lixo em Porci\u00fancula quando foi atropelado pelo caminh\u00e3o da pr\u00f3pria cooperativa em que trabalha \u2014 Foto: Reprodu\u00e7\u00e3o redes sociais    <\/p>\n<p> Leonardo Fernando In\u00e1cio, de 30 anos, trabalha na coleta de lixo em Porci\u00fancula quando foi atropelado pelo caminh\u00e3o da pr\u00f3pria cooperativa em que trabalha \u2014 Foto: Reprodu\u00e7\u00e3o redes sociais <\/p>\n<p> Leonardo Fernando In\u00e1cio, de 30 anos, morreu atropelado pelo caminh\u00e3o de coleta de lixo da cooperativa em que trabalhava na noite desta quarta-feira (30), no bairro da Barra, em <a class href=\"https:\/\/g1.globo.com\/rj\/norte-fluminense\/cidade\/porciuncula\/\">Porci\u00fancula<\/a>, no Noroeste Fluminense. <\/p>\n<p> De acordo com informa\u00e7\u00f5es obtidas pela pol\u00edcia, ele era funcion\u00e1rio da Cooperativa dos Catadores Recicl\u00e1veis do Munic\u00edpio (COPECREMP), que presta servi\u00e7os de coleta de lixo para a Prefeitura. <\/p>\n<p> O homem trabalhava em uma das ruas quando foi atingido pelo caminh\u00e3o da pr\u00f3pria empresa que depois da manobra em um cruzamento fez o percurso at\u00e9 o fim da rua em marcha-r\u00e9. <\/p>\n<p> Segundo testemunhas, o condutor, ao dar r\u00e9 no ve\u00edculo, passou por cima de Leonardo. <\/p>\n<p> Uma equipe da Unidade Mista de Sa\u00fade chegou a ser acionada, mas j\u00e1 encontrou o trabalhador morto. O local foi preservado pela Pol\u00edcia Militar para a per\u00edcia. Depois, o corpo foi removido, no in\u00edcio da madrugada desta quinta-feira (31), por bombeiros do 21\u00ba GBM ao IML de Campos. <\/p>\n<p> O enterro do rapaz ocorreu na tarde desta quinta no cemit\u00e9rio de Porci\u00fancula. <\/p>\n<p> As causas do acidente ser\u00e3o apuradas pela 139\u00aa DP, que registrou o fato. <\/p>\n<p> Respons\u00e1veis da cooperativa lamentaram o ocorrido, disseram que est\u00e3o prestando apoio para a fam\u00edlia do colaborador, al\u00e9m de dar os esclarecimentos necess\u00e1rios para a pol\u00edcia. <\/p>\n<p> A Prefeitura de Porci\u00fancula emitiu nota de pesar: <\/p>\n<p>&quot;\u00c9 com profundo pesar que recebemos a not\u00edcia do falecimento do cooperado Leonardo Fernandes, da Coopcremp &#8211; Cooperativa de Catadores de Recicl\u00e1veis em Porci\u00fancula. Aos parentes e amigos, desejamos os mais pronfundos sentimentos. Que Deus conforte a todos&quot;.<\/p>\n<ul>\n<li> <a href=\"https:\/\/g1.globo.com\/rj\/norte-fluminense\/cidade\/porciuncula\/\" class=\"entities__list-itemLink\" data-track-click=\"Porci\u00fancula\"> Porci\u00fancula <\/a> <\/li>\n<\/ul>\n","protected":false},"excerpt":{"rendered":"<p>1 de 1&#013;Leonardo Fernando In\u00e1cio, de 30 anos, trabalha na coleta de lixo em Porci\u00fancula quando foi atropelado pelo caminh\u00e3o da pr\u00f3pria cooperativa em que trabalha \u2014 Foto: Reprodu\u00e7\u00e3o redes sociais Leonardo Fernando In\u00e1cio, de 30 anos, trabalha na coleta de lixo em Porci\u00fancula quando foi atropelado pelo caminh\u00e3o da pr\u00f3pria cooperativa em que trabalha [&hellip;]<\/p>\n","protected":false},"author":1,"featured_media":0,"comment_status":"closed","ping_status":"closed","sticky":false,"template":"","format":"standard","meta":{"footnotes":""},"categories":[],"tags":[],"class_list":["post-52137","post","type-post","status-publish","format-standard","hentry"],"_links":{"self":[{"href":"https:\/\/blog.corretoraideal.com.br\/index.php\/wp-json\/wp\/v2\/posts\/52137","targetHints":{"allow":["GET"]}}],"collection":[{"href":"https:\/\/blog.corretoraideal.com.br\/index.php\/wp-json\/wp\/v2\/posts"}],"about":[{"href":"https:\/\/blog.corretoraideal.com.br\/index.php\/wp-json\/wp\/v2\/types\/post"}],"author":[{"embeddable":true,"href":"https:\/\/blog.corretoraideal.com.br\/index.php\/wp-json\/wp\/v2\/users\/1"}],"replies":[{"embeddable":true,"href":"https:\/\/blog.corretoraideal.com.br\/index.php\/wp-json\/wp\/v2\/comments?post=52137"}],"version-history":[{"count":1,"href":"https:\/\/blog.corretoraideal.com.br\/index.php\/wp-json\/wp\/v2\/posts\/52137\/revisions"}],"predecessor-version":[{"id":52139,"href":"https:\/\/blog.corretoraideal.com.br\/index.php\/wp-json\/wp\/v2\/posts\/52137\/revisions\/52139"}],"wp:attachment":[{"href":"https:\/\/blog.corretoraideal.com.br\/index.php\/wp-json\/wp\/v2\/media?parent=52137"}],"wp:term":[{"taxonomy":"category","embeddable":true,"href":"https:\/\/blog.corretoraideal.com.br\/index.php\/wp-json\/wp\/v2\/categories?post=52137"},{"taxonomy":"post_tag","embeddable":true,"href":"https:\/\/blog.corretoraideal.com.br\/index.php\/wp-json\/wp\/v2\/tags?post=52137"}],"curies":[{"name":"wp","href":"https:\/\/api.w.org\/{rel}","templated":true}]}}