{"id":52140,"date":"2023-09-01T02:29:46","date_gmt":"2023-09-01T02:29:46","guid":{"rendered":"https:\/\/blog.corretoraideal.com.br\/?p=52140"},"modified":"2023-09-01T02:29:46","modified_gmt":"2023-09-01T02:29:46","slug":"governo-reserva-r-526-milhoes-para-concursos-publicos-no-orcamento-de-2024-economia-g1","status":"publish","type":"post","link":"https:\/\/blog.corretoraideal.com.br\/index.php\/2023\/09\/01\/governo-reserva-r-526-milhoes-para-concursos-publicos-no-orcamento-de-2024-economia-g1\/","title":{"rendered":"Governo reserva R$ 526 milh\u00f5es para concursos p\u00fablicos no Or\u00e7amento de 2024 | Economia | G1"},"content":{"rendered":"<p>      1 de 1&#013;Imagem reproduz o preenchimento de gabarito em prova objetiva \u2014 Foto: Divulga\u00e7\u00e3o    <\/p>\n<p> Imagem reproduz o preenchimento de gabarito em prova objetiva \u2014 Foto: Divulga\u00e7\u00e3o <\/p>\n<p> O governo federal reservou <strong>R$ 526 milh\u00f5es para a realiza\u00e7\u00e3o de concursos p\u00fablicos<\/strong> no Or\u00e7amento de 2024, entregue ao <a class href=\"https:\/\/g1.globo.com\/tudo-sobre\/congresso-nacional\/\">Congresso Nacional<\/a> nesta quinta-feira (31). <\/p>\n<p> Neste ano, o Executivo j\u00e1 anunciou <a class href=\"https:\/\/g1.globo.com\/trabalho-e-carreira\/concursos\/noticia\/2023\/07\/25\/concursos-federais-autorizados-em-2023-o-que-se-sabe.ghtml\">certames para mais de 8 mil vagas efetivas<\/a>. Outras 8 mil oportunidades tempor\u00e1rias foram abertas para o Instituto Brasileiro de Geografia e Estat\u00edstica (IBGE). <\/p>\n<p>&quot;Temos previs\u00e3o de concurso, tanto pra concursos j\u00e1 autorizados como para novos concursos e provimentos, temos [R$] 526 milh\u00f5es previstos na pe\u00e7a [or\u00e7ament\u00e1ria]&quot;, declarou o secret\u00e1rio de Or\u00e7amento do Minist\u00e9rio do Planejamento, Paulo Bijos.<\/p>\n<p> No pr\u00f3ximo ano, o <a class href=\"https:\/\/g1.globo.com\/trabalho-e-carreira\/concursos\/noticia\/2023\/08\/29\/concurso-nacional-unificado-deve-ter-edital-publicado-ate-dezembro-veja-o-cronograma-divulgado.ghtml\">Minist\u00e9rio da Gest\u00e3o e Inova\u00e7\u00e3o espera implementar um concurso nacional unificado<\/a>, para preenchimento de vagas em diversos \u00f3rg\u00e3os federais. <\/p>\n<p> A proposta prev\u00ea que a prova seja realizada em 180 cidades \u2013 e que os candidatos classificados preencham vagas em diversos \u00f3rg\u00e3os federais, como minist\u00e9rios e autarquias. <\/p>\n<p> O modelo \u00e9 similar ao atual Exame Nacional do Ensino M\u00e9dio (Enem), cuja nota \u00e9 usada por centenas de faculdades e universidades de todo o pa\u00eds em substitui\u00e7\u00e3o ao vestibular tradicional. <\/p>\n<p>   <a class=\"mid-recirculation__container\" href=\"https:\/\/g1.globo.com\/politica\/noticia\/2023\/08\/25\/governo-federal-estuda-criar-concurso-nacional-unificado-com-prova-simultanea-em-180-cidades.ghtml\">  <\/p>\n<p>Conhe\u00e7a a proposta do governo para criar o &#8216;Enem&#8217; dos concursos<\/p>\n<p> <\/a>   <\/p>\n<p> Apesar da abertura de novos editais, a <a class href=\"https:\/\/g1.globo.com\/economia\/noticia\/2023\/08\/31\/proposta-de-orcamento-para-2024-nao-preve-reajuste-linear-para-os-servidores-publicos.ghtml\">proposta or\u00e7ament\u00e1ria n\u00e3o prev\u00ea reajuste salarial a todos servidores p\u00fablicos federais<\/a>. <\/p>\n<p> A decis\u00e3o foi justificada pelo governo como uma consequ\u00eancia do &quot;cen\u00e1rio fiscal restritivo&quot; para 2024. O aumento, segundo o Executivo, seria uma &quot;medida imprudente&quot;. <\/p>\n<p> O governo afirma que o impacto de um eventual reajuste poderia significar, em um cen\u00e1rio hipot\u00e9tico com aumento de 1%, um crescimento na folha de pagamento no valor de R$ 3,46 bilh\u00f5es. <\/p>\n<p> &quot;Por mais leg\u00edtimo que seja o pleito, se revelaria uma medida imprudente, haja vista o cen\u00e1rio fiscal restritivo para 2024, mesmo com o advento do Regime Fiscal Sustent\u00e1vel&quot;, diz o governo na proposta de Or\u00e7amento. <\/p>\n<p> Em 2023, o Or\u00e7amento aprovado pelo Congresso reservou R$ 11,6 bilh\u00f5es para o reajuste dos servidores. Isso permitiu que o Planalto firmasse acordo com os servidores para um reajuste salarial de 9% de maio deste ano em diante \u2014 j\u00e1 <a class href=\"https:\/\/g1.globo.com\/politica\/noticia\/2023\/03\/24\/governo-assina-acordo-e-servidores-do-executivo-federal-terao-reajuste-de-9percent-em-2023.ghtml\">formalizado pelo presidente Luiz In\u00e1cio Lula da Silva (PT)<\/a>. <\/p>\n<p> <strong>LEIA MAIS SOBRE O OR\u00c7AMENTO DE 2024:<\/strong> <\/p>\n<ul>\n<li><a class href=\"https:\/\/g1.globo.com\/economia\/noticia\/2023\/08\/31\/orcamento-governo-envia-proposta-de-aumento-de-r-101-no-salario-minimo-para-r-1421.ghtml\">Proposta prev\u00ea aumento de R$ 101 no sal\u00e1rio m\u00ednimo<\/a><\/li>\n<li><a class href=\"https:\/\/g1.globo.com\/economia\/noticia\/2023\/08\/31\/proposta-de-orcamento-para-2024-nao-preve-reajuste-linear-para-os-servidores-publicos.ghtml\">Bolsa Fam\u00edlia e servidores p\u00fablicos n\u00e3o ter\u00e3o reajustes, segundo proposta<\/a><\/li>\n<li><a class href=\"https:\/\/g1.globo.com\/economia\/noticia\/2023\/08\/31\/orcamento-governo-propoe-deficit-zero-em-suas-contas-em-2024.ghtml\">Governo projeta d\u00e9ficit zero nas contas p\u00fablicas<\/a><\/li>\n<li><a class href=\"https:\/\/g1.globo.com\/economia\/noticia\/2023\/08\/31\/proposta-de-orcamento-para-2024-nao-preve-correcao-da-tabela-do-imposto-de-renda.ghtml\">Corre\u00e7\u00e3o da tabela do Imposto de Renda fica de fora da previs\u00e3o or\u00e7ament\u00e1ria<\/a><\/li>\n<li><a class href=\"https:\/\/g1.globo.com\/economia\/noticia\/2023\/08\/31\/orcamento-2024-governo-propoe-elevar-investimentos-para-r-697-bilhoes.ghtml\">Investimentos p\u00fablicos v\u00e3o somar quase R$ 70 bi<\/a><\/li>\n<li><a class href=\"https:\/\/g1.globo.com\/economia\/noticia\/2023\/08\/31\/orcamento-2024-governo-propoe-r-376-bilhoes-para-emendas-parlamentares.ghtml\">R$ 37,6 bi ser\u00e3o reservados a emendas parlamentares<\/a><\/li>\n<li><a class href=\"https:\/\/g1.globo.com\/economia\/noticia\/2023\/08\/31\/orcamento-2024-governo-estima-crescimento-de-23percent-do-pib-e-selic-em-98percent.ghtml\">Proje\u00e7\u00f5es apontam crescimento de 2,3% do PIB e Selic em 9,8%<\/a><\/li>\n<\/ul>\n<ul>\n<li> <a href=\"https:\/\/g1.globo.com\/tudo-sobre\/congresso-nacional\/\" class=\"entities__list-itemLink\" data-track-click=\"Congresso Nacional\"> Congresso Nacional <\/a> <\/li>\n<\/ul>\n","protected":false},"excerpt":{"rendered":"<p>1 de 1&#013;Imagem reproduz o preenchimento de gabarito em prova objetiva \u2014 Foto: Divulga\u00e7\u00e3o Imagem reproduz o preenchimento de gabarito em prova objetiva \u2014 Foto: Divulga\u00e7\u00e3o O governo federal reservou R$ 526 milh\u00f5es para a realiza\u00e7\u00e3o de concursos p\u00fablicos no Or\u00e7amento de 2024, entregue ao Congresso Nacional nesta quinta-feira (31). Neste ano, o Executivo j\u00e1 [&hellip;]<\/p>\n","protected":false},"author":1,"featured_media":0,"comment_status":"closed","ping_status":"closed","sticky":false,"template":"","format":"standard","meta":{"footnotes":""},"categories":[],"tags":[],"class_list":["post-52140","post","type-post","status-publish","format-standard","hentry"],"_links":{"self":[{"href":"https:\/\/blog.corretoraideal.com.br\/index.php\/wp-json\/wp\/v2\/posts\/52140","targetHints":{"allow":["GET"]}}],"collection":[{"href":"https:\/\/blog.corretoraideal.com.br\/index.php\/wp-json\/wp\/v2\/posts"}],"about":[{"href":"https:\/\/blog.corretoraideal.com.br\/index.php\/wp-json\/wp\/v2\/types\/post"}],"author":[{"embeddable":true,"href":"https:\/\/blog.corretoraideal.com.br\/index.php\/wp-json\/wp\/v2\/users\/1"}],"replies":[{"embeddable":true,"href":"https:\/\/blog.corretoraideal.com.br\/index.php\/wp-json\/wp\/v2\/comments?post=52140"}],"version-history":[{"count":1,"href":"https:\/\/blog.corretoraideal.com.br\/index.php\/wp-json\/wp\/v2\/posts\/52140\/revisions"}],"predecessor-version":[{"id":52142,"href":"https:\/\/blog.corretoraideal.com.br\/index.php\/wp-json\/wp\/v2\/posts\/52140\/revisions\/52142"}],"wp:attachment":[{"href":"https:\/\/blog.corretoraideal.com.br\/index.php\/wp-json\/wp\/v2\/media?parent=52140"}],"wp:term":[{"taxonomy":"category","embeddable":true,"href":"https:\/\/blog.corretoraideal.com.br\/index.php\/wp-json\/wp\/v2\/categories?post=52140"},{"taxonomy":"post_tag","embeddable":true,"href":"https:\/\/blog.corretoraideal.com.br\/index.php\/wp-json\/wp\/v2\/tags?post=52140"}],"curies":[{"name":"wp","href":"https:\/\/api.w.org\/{rel}","templated":true}]}}