{"id":52143,"date":"2023-09-01T05:29:50","date_gmt":"2023-09-01T05:29:50","guid":{"rendered":"https:\/\/blog.corretoraideal.com.br\/?p=52143"},"modified":"2023-09-01T05:29:50","modified_gmt":"2023-09-01T05:29:50","slug":"nova-variante-e-baixa-adesao-a-vacina-da-covid-19-preocupam-cidades-do-rio-regiao-serrana-g1","status":"publish","type":"post","link":"https:\/\/blog.corretoraideal.com.br\/index.php\/2023\/09\/01\/nova-variante-e-baixa-adesao-a-vacina-da-covid-19-preocupam-cidades-do-rio-regiao-serrana-g1\/","title":{"rendered":"Nova variante e baixa ades\u00e3o \u00e0 vacina da Covid-19 preocupam cidades do Rio | Regi\u00e3o Serrana | G1"},"content":{"rendered":"\n<p> A confirma\u00e7\u00e3o da circula\u00e7\u00e3o da nova variante no estado do Rio de Janeiro, a EG.5, tamb\u00e9m chamada de \u00c9ris, preocupa as secretarias de sa\u00fade dos munic\u00edpios do interior fluminense. \u00c9 que a ades\u00e3o \u00e0 vacina bivalente, que protege contra o v\u00edrus, est\u00e1 muito baixa. <\/p>\n<p> Segundo informa\u00e7\u00f5es divulgadas pela Organiza\u00e7\u00e3o Mundial da Sa\u00fade (OMS), a EG.5 \u00e9 uma subvariante da \u00d4micron, que foi identificada pela primeira vez em fevereiro de 2023. <\/p>\n<p> Desde ent\u00e3o, o n\u00famero de casos relacionados a essa nova variante aumentou. Mas de acordo com a OMS, at\u00e9 o momento, a subvariante EG.5 n\u00e3o demonstrou maior gravidade ou riscos significativos. <\/p>\n<p> A transmiss\u00e3o local na cidade do Rio de Janeiro foi identificada em um paciente de 46 anos que havia se vacinado, mas n\u00e3o tinha tomado a bivalente, e que apresentou sintomas leves. O primeiro caso no Brasil da \u00c9ris foi confirmado no \u00faltimo dia 18, em S\u00e3o Paulo, em uma paulistana de 71 anos. Seus sintomas tiveram in\u00edcio em 30 de julho, e ela recebeu tratamento em uma unidade hospitalar privada, sendo liberada no dia seguinte. Ela estava com o esquema vacinal completo. <\/p>\n<p> De acordo com Secretaria de Estado de Sa\u00fade (SES-RJ), no estado do Rio, a cobertura vacinal para a 1\u00aa dose da vacina contra a Covid-19 \u00e9 de 84,1%; para a 2\u00aa dose, 79, 2%; para 1\u00aa dose de refor\u00e7o, 69, 7%; e para 2\u00aa dose de refor\u00e7o, 28, 2%. <\/p>\n<p><h2><strong>Cobertura vacinal nas cidades do RJ<\/strong><\/h2>\n<\/p>\n<p> Em Cabo Frio, na Regi\u00e3o dos Lagos, a Secretaria Municipal de Sa\u00fade informou, nesta quarta-feira (31), que at\u00e9 o dia 21 de agosto de 2023 foram aplicadas no munic\u00edpio 23.188 doses da vacina bivalente, totalizando 38,11% do p\u00fablico alvo, que \u00e9 estimado em 60.838 pessoas. No munic\u00edpio, a vacina\u00e7\u00e3o contra a Covid-19 acontece de segunda a sexta-feira, das 9h \u00e0s 16h, em todas as unidades de sa\u00fade. <\/p>\n<p> Em Maric\u00e1, na Regi\u00e3o Metropolitana, at\u00e9 o momento 27.545 pessoas receberam o refor\u00e7o bivalente contra a Covid-19, aproximadamente 23% do p\u00fablico-alvo. A Secretaria de Sa\u00fade informou que vem realizando busca ativa cont\u00ednua aos n\u00e3o vacinados durante visita \u00e0s resid\u00eancias, com o apoio das equipes que atuam nas Unidades de Sa\u00fade da Fam\u00edlia. Uma campanha de est\u00edmulo \u00e0 vacina\u00e7\u00e3o tamb\u00e9m ser\u00e1 lan\u00e7ada nas redes sociais para refor\u00e7ar a import\u00e2ncia da atualiza\u00e7\u00e3o da dose bivalente. <\/p>\n<p> Em Campos, no Norte do Estado, at\u00e9 o dia 29 de agosto foram aplicadas 47.950 doses da vacina bivalente contra a Covid-19. Al\u00e9m das pessoas acima de 18 anos, tamb\u00e9m est\u00e3o sendo vacinadas as pessoas com comorbidades e imunocomprometidas, com defici\u00eancia permanente, ind\u00edgenas, ribeirinhos e quilombolas todos a partir de 12 anos. As gestantes e pu\u00e9rperas de at\u00e9 45 dias ap\u00f3s o parto e trabalhadores da sa\u00fade, incluindo estudantes da \u00e1rea que est\u00e3o em atua\u00e7\u00e3o, tamb\u00e9m podem receber o imunizante. <\/p>\n<p> J\u00e1 em Teres\u00f3polis, na Regi\u00e3o Serrana, foram aplicadas 17.483 doses da bivalente. A dose de refor\u00e7o bivalente estar\u00e1 dispon\u00edvel para aplica\u00e7\u00e3o de 8h \u00e0s 15h para todos o p\u00fablico das 5 fases da campanha. S\u00e3o eles: pessoas imunocomprometidas acima de 12 anos; idosos acima de 60 anos; gestantes e pu\u00e9rperas; trabalhadores de sa\u00fade e pessoas com defici\u00eancia permanente. De acordo com a Secretaria Municipal de Sa\u00fade (SMS), a dose de refor\u00e7o ser\u00e1 aplicada somente ap\u00f3s apresenta\u00e7\u00e3o do comprovante de vacina\u00e7\u00e3o. <\/p>\n<ul> <\/ul>\n","protected":false},"excerpt":{"rendered":"<p>A confirma\u00e7\u00e3o da circula\u00e7\u00e3o da nova variante no estado do Rio de Janeiro, a EG.5, tamb\u00e9m chamada de \u00c9ris, preocupa as secretarias de sa\u00fade dos munic\u00edpios do interior fluminense. \u00c9 que a ades\u00e3o \u00e0 vacina bivalente, que protege contra o v\u00edrus, est\u00e1 muito baixa. Segundo informa\u00e7\u00f5es divulgadas pela Organiza\u00e7\u00e3o Mundial da Sa\u00fade (OMS), a EG.5 [&hellip;]<\/p>\n","protected":false},"author":1,"featured_media":0,"comment_status":"closed","ping_status":"closed","sticky":false,"template":"","format":"standard","meta":{"footnotes":""},"categories":[],"tags":[],"class_list":["post-52143","post","type-post","status-publish","format-standard","hentry"],"_links":{"self":[{"href":"https:\/\/blog.corretoraideal.com.br\/index.php\/wp-json\/wp\/v2\/posts\/52143","targetHints":{"allow":["GET"]}}],"collection":[{"href":"https:\/\/blog.corretoraideal.com.br\/index.php\/wp-json\/wp\/v2\/posts"}],"about":[{"href":"https:\/\/blog.corretoraideal.com.br\/index.php\/wp-json\/wp\/v2\/types\/post"}],"author":[{"embeddable":true,"href":"https:\/\/blog.corretoraideal.com.br\/index.php\/wp-json\/wp\/v2\/users\/1"}],"replies":[{"embeddable":true,"href":"https:\/\/blog.corretoraideal.com.br\/index.php\/wp-json\/wp\/v2\/comments?post=52143"}],"version-history":[{"count":1,"href":"https:\/\/blog.corretoraideal.com.br\/index.php\/wp-json\/wp\/v2\/posts\/52143\/revisions"}],"predecessor-version":[{"id":52145,"href":"https:\/\/blog.corretoraideal.com.br\/index.php\/wp-json\/wp\/v2\/posts\/52143\/revisions\/52145"}],"wp:attachment":[{"href":"https:\/\/blog.corretoraideal.com.br\/index.php\/wp-json\/wp\/v2\/media?parent=52143"}],"wp:term":[{"taxonomy":"category","embeddable":true,"href":"https:\/\/blog.corretoraideal.com.br\/index.php\/wp-json\/wp\/v2\/categories?post=52143"},{"taxonomy":"post_tag","embeddable":true,"href":"https:\/\/blog.corretoraideal.com.br\/index.php\/wp-json\/wp\/v2\/tags?post=52143"}],"curies":[{"name":"wp","href":"https:\/\/api.w.org\/{rel}","templated":true}]}}