{"id":52146,"date":"2023-09-01T07:30:05","date_gmt":"2023-09-01T07:30:05","guid":{"rendered":"https:\/\/blog.corretoraideal.com.br\/?p=52146"},"modified":"2023-09-01T07:30:05","modified_gmt":"2023-09-01T07:30:05","slug":"proposta-do-orcamento-de-2024-deixa-de-fora-correcao-da-tabela-do-imposto-de-renda-economia-g1","status":"publish","type":"post","link":"https:\/\/blog.corretoraideal.com.br\/index.php\/2023\/09\/01\/proposta-do-orcamento-de-2024-deixa-de-fora-correcao-da-tabela-do-imposto-de-renda-economia-g1\/","title":{"rendered":"Proposta do Or\u00e7amento de 2024 deixa de fora corre\u00e7\u00e3o da tabela do Imposto de Renda | Economia | G1"},"content":{"rendered":"<p>      1 de 1&#013;Imposto de Renda \u2014 Foto: AG\u00caNCIA BRASIL    <\/p>\n<p> Imposto de Renda \u2014 Foto: AG\u00caNCIA BRASIL <\/p>\n<p> O projeto do Or\u00e7amento de 2024 enviado pelo governo ao <a class href=\"https:\/\/g1.globo.com\/tudo-sobre\/congresso-nacional\/\">Congresso Nacional<\/a> nesta quinta-feira (31) n\u00e3o traz a <a class href=\"https:\/\/g1.globo.com\/economia\/imposto-de-renda\/noticia\/2023\/08\/28\/lula-imposto-de-renda-faixa.ghtml\">corre\u00e7\u00e3o da tabela do Imposto de Renda (IR)<\/a> sobre pessoas f\u00edsicas. <\/p>\n<p> Questionado sobre a corre\u00e7\u00e3o, o secret\u00e1rio de Or\u00e7amento, Paulo Bijus, disse que a medida &quot;fica para depois, no momento adequado&quot;. <\/p>\n<p> Neste ano, a <a class href=\"https:\/\/g1.globo.com\/economia\/imposto-de-renda\/noticia\/2023\/08\/24\/veja-o-que-muda-para-cada-faixa-salarial-apos-a-nova-isencao-do-ir-aprovada-pelo-congresso.ghtml\">faixa de isen\u00e7\u00e3o subiu de R$ 1.903,98 para at\u00e9 R$ 2.112. <\/a>Tamb\u00e9m ficou estabelecido que, quem ganha at\u00e9 R$ 2.640 por m\u00eas, o equivalente a dois sal\u00e1rios m\u00ednimos, n\u00e3o pagaria mais Imposto de Renda. <strong>Para possibilitar isso, o governo deu um desconto autom\u00e1tico de R$ 528. <\/strong> <\/p>\n<p> As demais faixas da tabela do Imposto de Renda n\u00e3o foram alteradas, mas foram beneficiadas. Isso porque a tributa\u00e7\u00e3o incide somente nos valores que ultrapassam as faixas isentas ou de tributa\u00e7\u00e3o reduzida. <\/p>\n<p>                   <img loading=\"lazy\" decoding=\"async\" class=\"aligncenter size-full wp-image-52148\" src=\"https:\/\/blog.corretoraideal.com.br\/wp-content\/uploads\/2023\/09\/entenda-as-mudancas-na-deducao-do-imposto-de-renda.jpeg\" alt=\"Entenda as mudan\u00e7as na dedu\u00e7\u00e3o do imposto de renda\" width=\"800\" height=\"400\" \/>      <\/p>\n<p> Entenda as mudan\u00e7as na dedu\u00e7\u00e3o do imposto de renda <\/p>\n<p> C\u00e1lculos da Associa\u00e7\u00e3o Nacional dos Auditores Fiscais da <a class href=\"https:\/\/g1.globo.com\/tudo-sobre\/receita-federal\/\">Receita Federal<\/a> do Brasil (Unafisco) apontam, por exemplo, que <a class href=\"https:\/\/g1.globo.com\/economia\/imposto-de-renda\/noticia\/2023\/05\/11\/quem-recebe-mais-de-dois-salarios-minimos-passara-a-ganhar-r-1560-a-mais-a-partir-deste-mes-entenda.ghtml\">quem recebe mais de dois sal\u00e1rios m\u00ednimos, passou a ganhar R$ 15,60 a mais<\/a>. <\/p>\n<p> A tabela do IR n\u00e3o era corrigida desde 2015, o que obrigava um n\u00famero maior de brasileiros a pagar o imposto mensalmente. <strong>O tributo \u00e9 recolhido na fonte, ou seja, descontado do sal\u00e1rio.<\/strong> <\/p>\n<p><h2>Promessa de Lula<\/h2>\n<\/p>\n<p>                   <img loading=\"lazy\" decoding=\"async\" class=\"aligncenter size-full wp-image-52149\" src=\"https:\/\/blog.corretoraideal.com.br\/wp-content\/uploads\/2023\/09\/lula-defende-isencao-de-ir-para-quem-ganha-ate-r-5-mil.jpeg\" alt=\"Lula defende isen\u00e7\u00e3o de IR para quem ganha at\u00e9 R$ 5 mil\" width=\"800\" height=\"400\" \/>      <\/p>\n<p> Lula defende isen\u00e7\u00e3o de IR para quem ganha at\u00e9 R$ 5 mil <\/p>\n<p> Durante a campanha ao Planalto, em 2022, o ent\u00e3o candidato Luiz In\u00e1cio Lula da Silva (PT)<a class href=\"https:\/\/g1.globo.com\/politica\/noticia\/2023\/01\/18\/lula-defende-isentar-do-imposto-de-renda-quem-ganha-ate-r-5-mil.ghtml\"> prometeu isentar do Imposto de Renda aos que ganham at\u00e9 R$ 5 mil por m\u00eas<\/a>. <\/p>\n<p> Em janeiro deste ano, j\u00e1 eleito e empossado, <a class href=\"https:\/\/g1.globo.com\/politica\/noticia\/2023\/01\/18\/lula-defende-isentar-do-imposto-de-renda-quem-ganha-ate-r-5-mil.ghtml\">Lula reafirmou a promessa.<\/a> \u201cEu defendi durante a campanha e vamos tentar colocar em pr\u00e1tica, na proposta de reforma tribut\u00e1ria, que at\u00e9 R$ 5 mil a pessoa n\u00e3o pague Imposto de Renda. N\u00e3o \u00e9 poss\u00edvel que a gente n\u00e3o fa\u00e7a\u201d, afirmou \u00e0 \u00e9poca. <\/p>\n<p> Um m\u00eas depois, em fevereiro, a Unafisco calculou que a defasagem acumulada da tabela do IR das pessoas f\u00edsicas atingiu, naquele momento, 134,53%. <\/p>\n<p> O levantamento foi divulgado antes da corre\u00e7\u00e3o da faixa de isen\u00e7\u00e3o e considera os ajustes realizados e a infla\u00e7\u00e3o acumulada desde 1996 (ano em que a tabela do IRPF deixou de sofrer reajustes anuais). <\/p>\n<p> <strong>LEIA MAIS SOBRE O OR\u00c7AMENTO DE 2024:<\/strong> <\/p>\n<ul>\n<li><a class href=\"https:\/\/g1.globo.com\/economia\/noticia\/2023\/08\/31\/orcamento-governo-envia-proposta-de-aumento-de-r-101-no-salario-minimo-para-r-1421.ghtml\">Proposta prev\u00ea aumento de R$ 101 no sal\u00e1rio m\u00ednimo<\/a><\/li>\n<li><a class href=\"https:\/\/g1.globo.com\/economia\/noticia\/2023\/08\/31\/proposta-de-orcamento-para-2024-nao-preve-reajuste-linear-para-os-servidores-publicos.ghtml\">Bolsa Fam\u00edlia e servidores p\u00fablicos n\u00e3o ter\u00e3o reajustes, segundo proposta<\/a><\/li>\n<li><a class href=\"https:\/\/g1.globo.com\/economia\/noticia\/2023\/08\/31\/orcamento-governo-propoe-deficit-zero-em-suas-contas-em-2024.ghtml\">Governo projeta d\u00e9ficit zero nas contas p\u00fablicas<\/a><\/li>\n<li><a class href=\"https:\/\/g1.globo.com\/economia\/noticia\/2023\/08\/31\/governo-reserva-r-526-milhoes-para-concursos-publicos-no-orcamento-de-2024.ghtml\">Proposta prev\u00ea reserva de R$ 526 mi para concursos p\u00fablicos<\/a><\/li>\n<li><a class href=\"https:\/\/g1.globo.com\/economia\/noticia\/2023\/08\/31\/orcamento-2024-governo-propoe-elevar-investimentos-para-r-697-bilhoes.ghtml\">Investimentos p\u00fablicos v\u00e3o somar quase R$ 70 bi<\/a><\/li>\n<li><a class href=\"https:\/\/g1.globo.com\/economia\/noticia\/2023\/08\/31\/orcamento-2024-governo-propoe-r-376-bilhoes-para-emendas-parlamentares.ghtml\">R$ 37,6 bi ser\u00e3o reservados a emendas parlamentares<\/a><\/li>\n<li><a class href=\"https:\/\/g1.globo.com\/economia\/noticia\/2023\/08\/31\/orcamento-2024-governo-estima-crescimento-de-23percent-do-pib-e-selic-em-98percent.ghtml\">Proje\u00e7\u00f5es apontam crescimento de 2,3% do PIB e Selic em 9,8%<\/a><\/li>\n<\/ul>\n<p><h2>Impacto na distribui\u00e7\u00e3o de renda<\/h2>\n<\/p>\n<p> A \u00e1rea t\u00e9cnica do Tesouro Nacional avaliou, em 2020, que ampliar faixa de isen\u00e7\u00e3o do IR favoreceria quem <a class href=\"https:\/\/g1.globo.com\/economia\/noticia\/2020\/08\/07\/ampliar-faixa-de-isencao-do-ir-favorece-quem-ganha-mais-aponta-tesouro-nacional.ghtml\">ganhava mais de R$ 1.951 por m\u00eas, os 20% mais ricos da popula\u00e7\u00e3o em 2018 (ano base do estudo).<\/a> <\/p>\n<p> Esses passariam a pagar menos imposto de renda, dinheiro que o governo utiliza para financiamento de programas sociais e custeio da m\u00e1quina p\u00fablica. <\/p>\n<p> &quot;Altera\u00e7\u00f5es sobre o Imposto de Renda podem ser progressivas ou regressivas. Rever isen\u00e7\u00f5es sobre o IRPF \u00e9 exemplo de medida progressiva e reduz distor\u00e7\u00f5es. Por outro lado, o aumento da faixa de isen\u00e7\u00e3o do IRPF, \u00e9, sim, uma medida regressiva, ou seja, tende a piorar a distribui\u00e7\u00e3o de renda ao favorecer as parcelas mais ricas da popula\u00e7\u00e3o&quot;, afirmou o \u00f3rg\u00e3o em resposta ao <a class href=\"https:\/\/g1.globo.com\/\"><strong>g1<\/strong><\/a>. <\/p>\n<p> Em 2018, o antigo Minist\u00e9rio da Fazenda, ent\u00e3o sob o comando de Eduardo Guardia, divulgou um estudo apontando que a corre\u00e7\u00e3o da faixa de isen\u00e7\u00e3o do IRPF de dobrar a faixa de isen\u00e7\u00e3o do IR, dos atuais R$ 1.903,99 para R$ 3.807,98, implicaria um custo de R$ 28 bilh\u00f5es a R$ 73 bilh\u00f5es por ano \u2014 dependendo do formato adotado. <\/p>\n<p> Na ocasi\u00e3o, a pasta avaliou que a maior parte dessa ren\u00fancia fiscal beneficiaria os declarantes mais ricos da popula\u00e7\u00e3o brasileira. <\/p>\n<ul>\n<li> <a href=\"https:\/\/g1.globo.com\/tudo-sobre\/congresso-nacional\/\" class=\"entities__list-itemLink\" data-track-click=\"Congresso Nacional\"> Congresso Nacional <\/a> <\/li>\n<li> <a href=\"https:\/\/g1.globo.com\/tudo-sobre\/receita-federal\/\" class=\"entities__list-itemLink\" data-track-click=\"Receita Federal\"> Receita Federal <\/a> <\/li>\n<\/ul>\n","protected":false},"excerpt":{"rendered":"<p>1 de 1&#013;Imposto de Renda \u2014 Foto: AG\u00caNCIA BRASIL Imposto de Renda \u2014 Foto: AG\u00caNCIA BRASIL O projeto do Or\u00e7amento de 2024 enviado pelo governo ao Congresso Nacional nesta quinta-feira (31) n\u00e3o traz a corre\u00e7\u00e3o da tabela do Imposto de Renda (IR) sobre pessoas f\u00edsicas. Questionado sobre a corre\u00e7\u00e3o, o secret\u00e1rio de Or\u00e7amento, Paulo Bijus, [&hellip;]<\/p>\n","protected":false},"author":1,"featured_media":0,"comment_status":"closed","ping_status":"closed","sticky":false,"template":"","format":"standard","meta":{"footnotes":""},"categories":[],"tags":[],"class_list":["post-52146","post","type-post","status-publish","format-standard","hentry"],"_links":{"self":[{"href":"https:\/\/blog.corretoraideal.com.br\/index.php\/wp-json\/wp\/v2\/posts\/52146","targetHints":{"allow":["GET"]}}],"collection":[{"href":"https:\/\/blog.corretoraideal.com.br\/index.php\/wp-json\/wp\/v2\/posts"}],"about":[{"href":"https:\/\/blog.corretoraideal.com.br\/index.php\/wp-json\/wp\/v2\/types\/post"}],"author":[{"embeddable":true,"href":"https:\/\/blog.corretoraideal.com.br\/index.php\/wp-json\/wp\/v2\/users\/1"}],"replies":[{"embeddable":true,"href":"https:\/\/blog.corretoraideal.com.br\/index.php\/wp-json\/wp\/v2\/comments?post=52146"}],"version-history":[{"count":1,"href":"https:\/\/blog.corretoraideal.com.br\/index.php\/wp-json\/wp\/v2\/posts\/52146\/revisions"}],"predecessor-version":[{"id":52150,"href":"https:\/\/blog.corretoraideal.com.br\/index.php\/wp-json\/wp\/v2\/posts\/52146\/revisions\/52150"}],"wp:attachment":[{"href":"https:\/\/blog.corretoraideal.com.br\/index.php\/wp-json\/wp\/v2\/media?parent=52146"}],"wp:term":[{"taxonomy":"category","embeddable":true,"href":"https:\/\/blog.corretoraideal.com.br\/index.php\/wp-json\/wp\/v2\/categories?post=52146"},{"taxonomy":"post_tag","embeddable":true,"href":"https:\/\/blog.corretoraideal.com.br\/index.php\/wp-json\/wp\/v2\/tags?post=52146"}],"curies":[{"name":"wp","href":"https:\/\/api.w.org\/{rel}","templated":true}]}}