{"id":52151,"date":"2023-09-01T10:29:46","date_gmt":"2023-09-01T10:29:46","guid":{"rendered":"https:\/\/blog.corretoraideal.com.br\/?p=52151"},"modified":"2023-09-01T10:29:46","modified_gmt":"2023-09-01T10:29:46","slug":"desfiles-em-sao-joao-da-barra-pela-independencia-do-brasil-comecam-nesta-sexta-veja-programacao-norte-fluminense-g1","status":"publish","type":"post","link":"https:\/\/blog.corretoraideal.com.br\/index.php\/2023\/09\/01\/desfiles-em-sao-joao-da-barra-pela-independencia-do-brasil-comecam-nesta-sexta-veja-programacao-norte-fluminense-g1\/","title":{"rendered":"Desfiles em S\u00e3o Jo\u00e3o da Barra pela Independ\u00eancia do Brasil come\u00e7am nesta sexta; veja programa\u00e7\u00e3o | Norte Fluminense | G1"},"content":{"rendered":"<p>      1 de 1&#013;Defiles pela Independ\u00eancia do Brasil come\u00e7am nesta sexta-feira em S\u00e3o Jo\u00e3o da Barra \u2014 Foto: Prefeitura de S\u00e3o Jo\u00e3o da Barra\/Divulga\u00e7\u00e3o    <\/p>\n<p> Defiles pela Independ\u00eancia do Brasil come\u00e7am nesta sexta-feira em S\u00e3o Jo\u00e3o da Barra \u2014 Foto: Prefeitura de S\u00e3o Jo\u00e3o da Barra\/Divulga\u00e7\u00e3o <\/p>\n<p> Os desfiles em comemora\u00e7\u00e3o aos 201 anos da Independ\u00eancia do Brasil na cidade de <a class href=\"https:\/\/g1.globo.com\/rj\/norte-fluminense\/cidade\/sao-joao-da-barra\/\">S\u00e3o Jo\u00e3o da Barra<\/a>, no Norte Fluminense, come\u00e7am nesta sexta-feira (1\u00ba). A programa\u00e7\u00e3o em todos os distritos segue at\u00e9 o feriado de 7 de Setembro. <\/p>\n<p> O tema desenvolvido pela Secretaria Municipal de Educa\u00e7\u00e3o este ano \u00e9 \u201cEscola integrada: uma nova forma de aprender \u2013 cidadania em a\u00e7\u00e3o\u201d. <\/p>\n<p> &quot;A celebra\u00e7\u00e3o da Independ\u00eancia do Brasil \u00e9 um momento importante para os nossos alunos. Este \u00e9 um tema que vem sendo trabalhado de forma integrada por nossas equipes e que n\u00e3o s\u00f3 contribui para aprofundar o conhecimento sobre nossa hist\u00f3ria enquanto na\u00e7\u00e3o, mas \u00e9 tamb\u00e9m uma oportunidade de reflex\u00e3o sobre as conquistas e os desafios do povo brasileiro e de compreens\u00e3o e valoriza\u00e7\u00e3o do sentido de cidadania &quot; destaca a secret\u00e1ria municipal de Educa\u00e7\u00e3o, Ang\u00e9lica Rodrigues. <\/p>\n<p> Nesta sexta, o desfile ocorre em Cazumb\u00e1, a partir das 9h. A programa\u00e7\u00e3o retorna a partir de segunda-feira (4), com desfiles em Barcelos, tamb\u00e9m \u00e0s 9h, e em Cajueiro, a partir das 15h. <\/p>\n<p> Na ter\u00e7a-feira (5) ser\u00e1 a vez do A\u00e7u, \u00e0s 9h, e Mato Escuro, \u00e0s 14h. Quarta-feira (6), v\u00e9spera do Dia da Independ\u00eancia, tamb\u00e9m ser\u00e3o dois desfiles: em Atafona \u00e0s 9h e em Grussa\u00ed \u00e0s 15h. <\/p>\n<p> Na quinta-feira (7), a programa\u00e7\u00e3o contar\u00e1 com hasteamento do Pavilh\u00e3o Nacional na Pra\u00e7a do Padroeiro S\u00e3o Jo\u00e3o Batista, \u00e0s 9h, com a presen\u00e7a da prefeita Carla Caputi, e desfile na Rua Joaquim Thomaz de Aquino Filho a partir das 10h. <\/p>\n<p><h2>Confira a programa\u00e7\u00e3o:<\/h2>\n<\/p>\n<p> <strong>Sexta-feira, 1\u00ba\/9<\/strong> <\/p>\n<p> <strong>9h<\/strong> <\/p>\n<ul>\n<li>Cazumb\u00e1<\/li>\n<li>Escola Municipal Luiz D\u00e9lio Mendon\u00e7a<\/li>\n<li>Escola Estadual Municipalizada Luiz Gomes da Silva Neto<\/li>\n<li>Escola Municipal \u00c2ngelo Ant\u00f4nio Mendon\u00e7a<\/li>\n<li>Escola Municipal Manoel de Souza Gomes<\/li>\n<\/ul>\n<p> <strong>Segunda-feira, 4\/9<\/strong> <\/p>\n<p> <strong>9h<\/strong> <\/p>\n<ul>\n<li>Barcelos<\/li>\n<li>Creche Municipal Maria da Concei\u00e7\u00e3o dos Santos Campos<\/li>\n<li>Centro Educacional Tia Nilza<\/li>\n<li>Col\u00e9gio Estadual Raymundo de Magalh\u00e3es<\/li>\n<li>Escola Municipal Elysio de Magalh\u00e3es<\/li>\n<\/ul>\n<p> <strong>15h<\/strong> <\/p>\n<ul>\n<li>Cajueiro<\/li>\n<li>Creche Municipal Aldair Coutinho Machado<\/li>\n<li>Escola Municipal Maria Viana de Abreu<\/li>\n<li>Escola Estadual Municipalizada Jo\u00e3o Batista Alves<\/li>\n<li>Escola Estadual Municipalizada Manoel Ducas de Brito<\/li>\n<li>Escola Estadual Municipalizada Jo\u00e3o da Silva Ribeiro<\/li>\n<li>Escola Municipal Jo\u00e3o Fl\u00e1vio Batista<\/li>\n<\/ul>\n<p> <strong>Ter\u00e7a-feira, 5\/9<\/strong> <\/p>\n<p> <strong>9h<\/strong> <\/p>\n<ul>\n<li>A\u00e7u<\/li>\n<li>Creche Municipal Maria Ala\u00edde do Esp\u00edrito Santo<\/li>\n<li>Escola Estadual Municipalizada Manoel Luiz Nogueira<\/li>\n<li>Escola Municipal Manoel Alves Rangel<\/li>\n<li>Escola Municipal Manoel Nunes Barreto<\/li>\n<li>Escola Municipal Manoel Grecy Mendon\u00e7a<\/li>\n<li>Escola Municipal Chrisanto Henriques de Souza<\/li>\n<\/ul>\n<p> <strong>14h<\/strong> <\/p>\n<ul>\n<li>Mato Escuro<\/li>\n<li>Creche Municipal Floriano de Azeredo Siqueira<\/li>\n<li>Escola Estadual Municipalizada Francisco Alves Toledo<\/li>\n<li>Escola Municipal Jos\u00e9 Alves Barreto<\/li>\n<li>Centro Municipal de Educa\u00e7\u00e3o Avan\u00e7ada<\/li>\n<\/ul>\n<p> <strong>Quarta-feira, 6<\/strong> <\/p>\n<p> <strong>9h<\/strong> <\/p>\n<ul>\n<li>Atafona<\/li>\n<li>Creche Municipal Saul de Oliveira<\/li>\n<li>Escola Municipal Am\u00e1lia Soares de Almeida<\/li>\n<li>Escola Municipal Dr. Newton Alves<\/li>\n<li>Escola Municipal Professora Dion\u00e9lia Gon\u00e7alves Santos<\/li>\n<li>Col\u00e9gio Estadual Dr. Newton Alves<\/li>\n<\/ul>\n<p> <strong>15h<\/strong> <\/p>\n<ul>\n<li>Grussa\u00ed<\/li>\n<li>Creche Municipal Nossa Senhora Aparecida<\/li>\n<li>Escola Municipal Evanir Gaia<\/li>\n<li>Escola Municipal Belmiro Ribeiro Alves<\/li>\n<li>Pequena Iza<\/li>\n<li>Centro Municipal de Educa\u00e7\u00e3o Avan\u00e7ada<\/li>\n<li>Col\u00e9gio Eucar\u00edstico<\/li>\n<li>Escola Municipal Amaro de Souza Paes<\/li>\n<\/ul>\n<p> <strong>Quinta-feira, 7\/9 (Sede)<\/strong> <\/p>\n<p> <strong>9h<\/strong> <\/p>\n<ul>\n<li>Hasteamento do Pavilh\u00e3o Nacional<\/li>\n<\/ul>\n<p> <strong>10h <\/strong> <\/p>\n<ul>\n<li>Desfile c\u00edvico-militar: Marinha do Brasil, Pol\u00edcia Militar, Corpo de Bombeiros, Guarda Civil Municipal<\/li>\n<li>Banda Uni\u00e3o dos Oper\u00e1rios, Ma\u00e7onaria, Fanfarra Municipal Derly Machado (Escola Municipal Domingos Fernandes da Costa, Sede)<\/li>\n<li>Escola Municipal Domingos Fernandes da Costa<\/li>\n<li>Grupo da Terceira Idade Maria J\u00falia Aquino<\/li>\n<li>Banda Marcial Amaro de Souza Paes (Escola Municipal Amaro de Souza Paes, Grussa\u00ed)<\/li>\n<li>Creche Municipal Jo\u00e3o Rodrigues Pinto<\/li>\n<li>Creche Municipal Marcos Medeiros Valiengo<\/li>\n<li>Banda Marcial Simples Carlitos Chagas (Escola Municipal Elysio de Magalh\u00e3es, Barcelos)<\/li>\n<li>Educand\u00e1rio Santa Cec\u00edlia<\/li>\n<li>Banda de Tambores JOALBA (Cemea, Mato Escuro)<\/li>\n<li>Ciep 265 Municipalizado Prof\u00aa. Gladys Teixeira<\/li>\n<li>Banda Am\u00e9dio Ven\u00e2ncio da Costa<\/li>\n<li>Col\u00e9gio Estadual Alberto Torres<\/li>\n<li>Grupo Kimera<\/li>\n<li>Academia Projeto Pr\u00f3-Vida<\/li>\n<li>Jeep Club<\/li>\n<\/ul>\n<ul>\n<li> <a href=\"https:\/\/g1.globo.com\/rj\/norte-fluminense\/cidade\/sao-joao-da-barra\/\" class=\"entities__list-itemLink\" data-track-click=\"S\u00e3o Jo\u00e3o da Barra\"> S\u00e3o Jo\u00e3o da Barra <\/a> <\/li>\n<\/ul>\n","protected":false},"excerpt":{"rendered":"<p>1 de 1&#013;Defiles pela Independ\u00eancia do Brasil come\u00e7am nesta sexta-feira em S\u00e3o Jo\u00e3o da Barra \u2014 Foto: Prefeitura de S\u00e3o Jo\u00e3o da Barra\/Divulga\u00e7\u00e3o Defiles pela Independ\u00eancia do Brasil come\u00e7am nesta sexta-feira em S\u00e3o Jo\u00e3o da Barra \u2014 Foto: Prefeitura de S\u00e3o Jo\u00e3o da Barra\/Divulga\u00e7\u00e3o Os desfiles em comemora\u00e7\u00e3o aos 201 anos da Independ\u00eancia do Brasil [&hellip;]<\/p>\n","protected":false},"author":1,"featured_media":0,"comment_status":"closed","ping_status":"closed","sticky":false,"template":"","format":"standard","meta":{"footnotes":""},"categories":[],"tags":[],"class_list":["post-52151","post","type-post","status-publish","format-standard","hentry"],"_links":{"self":[{"href":"https:\/\/blog.corretoraideal.com.br\/index.php\/wp-json\/wp\/v2\/posts\/52151","targetHints":{"allow":["GET"]}}],"collection":[{"href":"https:\/\/blog.corretoraideal.com.br\/index.php\/wp-json\/wp\/v2\/posts"}],"about":[{"href":"https:\/\/blog.corretoraideal.com.br\/index.php\/wp-json\/wp\/v2\/types\/post"}],"author":[{"embeddable":true,"href":"https:\/\/blog.corretoraideal.com.br\/index.php\/wp-json\/wp\/v2\/users\/1"}],"replies":[{"embeddable":true,"href":"https:\/\/blog.corretoraideal.com.br\/index.php\/wp-json\/wp\/v2\/comments?post=52151"}],"version-history":[{"count":1,"href":"https:\/\/blog.corretoraideal.com.br\/index.php\/wp-json\/wp\/v2\/posts\/52151\/revisions"}],"predecessor-version":[{"id":52153,"href":"https:\/\/blog.corretoraideal.com.br\/index.php\/wp-json\/wp\/v2\/posts\/52151\/revisions\/52153"}],"wp:attachment":[{"href":"https:\/\/blog.corretoraideal.com.br\/index.php\/wp-json\/wp\/v2\/media?parent=52151"}],"wp:term":[{"taxonomy":"category","embeddable":true,"href":"https:\/\/blog.corretoraideal.com.br\/index.php\/wp-json\/wp\/v2\/categories?post=52151"},{"taxonomy":"post_tag","embeddable":true,"href":"https:\/\/blog.corretoraideal.com.br\/index.php\/wp-json\/wp\/v2\/tags?post=52151"}],"curies":[{"name":"wp","href":"https:\/\/api.w.org\/{rel}","templated":true}]}}