{"id":52159,"date":"2023-09-01T13:30:43","date_gmt":"2023-09-01T13:30:43","guid":{"rendered":"https:\/\/blog.corretoraideal.com.br\/?p=52159"},"modified":"2023-09-01T13:30:43","modified_gmt":"2023-09-01T13:30:43","slug":"em-biografia-elon-musk-expoe-relacao-conturbada-com-filha-trans-virou-comunista-e-nao-quer-ficar-comigo-tecnologia-g1","status":"publish","type":"post","link":"https:\/\/blog.corretoraideal.com.br\/index.php\/2023\/09\/01\/em-biografia-elon-musk-expoe-relacao-conturbada-com-filha-trans-virou-comunista-e-nao-quer-ficar-comigo-tecnologia-g1\/","title":{"rendered":"Em biografia, Elon Musk exp\u00f5e rela\u00e7\u00e3o conturbada com filha trans: &#039;Virou comunista e n\u00e3o quer ficar comigo&#039; | Tecnologia | G1"},"content":{"rendered":"<p>      1 de 1&#013;Elon Musk \u2014 Foto: Reuters    <\/p>\n<p> Elon Musk \u2014 Foto: Reuters <\/p>\n<p> Em uma nova biografia que ser\u00e1 lan\u00e7ada este m\u00eas pelo jornalista Walter Isaacson, <a class href=\"https:\/\/g1.globo.com\/tudo-sobre\/elon-musk\/\">Elon Musk<\/a> compartilhou detalhes da rela\u00e7\u00e3o conturbada com a sua filha Vivian Jenna Wilson, de 19 anos, que \u00e9 transexual. Segundo o bilion\u00e1rio, Vivian &quot;virou comunista&quot; e cortou la\u00e7os com ele. <\/p>\n<ul>\n<li><a class href=\"https:\/\/g1.globo.com\/tecnologia\/noticia\/2022\/05\/20\/quem-e-elon-musk.ghtml\">Quem \u00e9 Elon Musk<\/a><\/li>\n<\/ul>\n<p> A revela\u00e7\u00e3o foi feita em um artigo publicado por Walter Isaacson no &quot;The Wall Street Journal&quot;, compartilhando bastidores do per\u00edodo em que acompanhou Musk para o livro. <\/p>\n<p> O dono do X (ex-<a class href=\"https:\/\/g1.globo.com\/tudo-sobre\/twitter\/\">Twitter<\/a>), <a class href=\"https:\/\/g1.globo.com\/carros\/marcas\/tesla\/\">Tesla<\/a> e <a class href=\"https:\/\/g1.globo.com\/tudo-sobre\/spacex\/\">SpaceX<\/a> disse que ficou sabendo da transi\u00e7\u00e3o da filha por terceiros. &quot;Ei, eu sou trans e agora meu nome \u00e9 Jenna. N\u00e3o conte ao meu pai&quot;, escreveu a filha \u00e0 esposa do irm\u00e3o de Musk. <\/p>\n<p> Segundo o bi\u00f3grafo, ao saber da not\u00edcia, Musk n\u00e3o ficou irritado, mas a decis\u00e3o da filha de romper com ele o deixou extremamente magoado. <\/p>\n<p>&quot;Ela foi al\u00e9m do socialismo para ser uma comunista completa e pensa que qualquer pessoa rica \u00e9 ruim. Fiz muitas propostas, mas ela n\u00e3o quer ficar comigo&quot;, diz Elon Musk. <\/p>\n<p> Ele atribui esse comportamento da filha \u00e0 escola progressista que Vivian frequentou em Los Angeles (Estados Unidos). <\/p>\n<p> &quot;A ruptura [da filha] doeu mais do que qualquer coisa em sua vida desde a morte de seu primog\u00eanito Nevada&quot;, escreveu Isaacson. Segundo o portal Business Insider, Nevada morreu em 2002 quando Musk e sua esposa, Justine Wilson, foram acordar o beb\u00ea, mas ele n\u00e3o estava respirando. <\/p>\n<p> Em entrevista ao &quot;Financial Times&quot; no ano passado, Musk disse que Vivian Jenna n\u00e3o queria ser associada a ele e voltou a culpar o &quot;comunismo ensinado nas escolas&quot; pela decis\u00e3o dela. <\/p>\n<p> Ele tamb\u00e9m comentou que ela pediu legalmente para mudar seu nome, uma vez que tinha feito a transi\u00e7\u00e3o. Para justificar a mudan\u00e7a, Vivian tamb\u00e9m disse: &quot;Eu n\u00e3o vivo mais com ele e n\u00e3o desejo me relacionar com meu pai biol\u00f3gico de qualquer forma&quot;. <\/p>\n<p> O livro &quot;Elon Musk&quot;, de Walter Isaacson, ser\u00e1 publicado no dia 12 de setembro. <\/p>\n<p> <strong>LEIA TAMB\u00c9M:<\/strong> <\/p>\n<ul>\n<li><a class href=\"https:\/\/g1.globo.com\/tecnologia\/noticia\/2023\/08\/29\/quem-e-leonid-radvinsky-misterioso-dono-do-imperio-porno-onlyfans.ghtml#G1-TECNOLOGIA-FEED-user,rec-top,2866cfe2-1093-491c-8aba-87e51078330b\">Quem \u00e9 Leonid Radvinsky, misterioso dono do imp\u00e9rio porn\u00f4 OnlyFans<\/a><\/li>\n<li><a class href=\"https:\/\/g1.globo.com\/tecnologia\/noticia\/2023\/08\/27\/como-inteligencia-artificial-esta-ressuscitando-estrelas-de-cinema.ghtml#G1-TECNOLOGIA-FEED-user,rec-top,2866cfe2-1093-491c-8aba-87e51078330b\">Como intelig\u00eancia artificial est\u00e1 ressuscitando estrelas de cinema<\/a><\/li>\n<li><a class href=\"https:\/\/g1.globo.com\/tecnologia\/noticia\/2023\/08\/26\/acham-que-sou-louco-brasileiros-contam-por-que-escanearam-iris-em-troca-de-criptomoedas-em-projeto-do-criador-do-chatgpt.ghtml#G1-TECNOLOGIA-FEED-user,rec-top,2866cfe2-1093-491c-8aba-87e51078330b\">Brasileiros contam por que escanearam \u00edris em troca de criptomoedas em projeto do criador do ChatGPT<\/a><\/li>\n<\/ul>\n<p><h2>Quem \u00e9 Elon Musk<\/h2>\n<\/p>\n<p>                   <img loading=\"lazy\" decoding=\"async\" class=\"aligncenter size-full wp-image-52161\" src=\"https:\/\/blog.corretoraideal.com.br\/wp-content\/uploads\/2023\/09\/quem-e-elon-musk-bilionario-eleito.jpeg\" alt=\"Quem \u00e9 Elon Musk, bilion\u00e1rio eleito \" width=\"800\" height=\"400\" \/>      <\/p>\n<p> Quem \u00e9 Elon Musk, bilion\u00e1rio eleito &#8216;Personalidade do Ano&#8217; pela revista &#8216;Time&#8217; <\/p>\n<p><h2>Elon Musk e o Twitter: Uma rela\u00e7\u00e3o antiga e pol\u00eamica<\/h2>\n<\/p>\n<p>                   <img loading=\"lazy\" decoding=\"async\" class=\"aligncenter size-full wp-image-52162\" src=\"https:\/\/blog.corretoraideal.com.br\/wp-content\/uploads\/2023\/09\/elon-musk-e-o-twitter-uma-relacao-antiga-e-polemica.jpeg\" alt=\"Elon Musk e o Twitter: Uma rela\u00e7\u00e3o antiga e pol\u00eamica\" width=\"800\" height=\"400\" \/>      <\/p>\n<p> Elon Musk e o Twitter: Uma rela\u00e7\u00e3o antiga e pol\u00eamica <\/p>\n<p><h2>Empresa quer escanear a \u00edris de toda a popula\u00e7\u00e3o mundial <\/h2>\n<\/p>\n<p>                   <img loading=\"lazy\" decoding=\"async\" class=\"aligncenter size-full wp-image-52163\" src=\"https:\/\/blog.corretoraideal.com.br\/wp-content\/uploads\/2023\/09\/empresa-quer-escanear-a-iris-de-toda-a-populacao-mundial-para-coletar-dados.jpeg\" alt=\"Empresa quer escanear a \u00edris de toda a popula\u00e7\u00e3o mundial para coletar dados\" width=\"800\" height=\"400\" \/>      <\/p>\n<p> Empresa quer escanear a \u00edris de toda a popula\u00e7\u00e3o mundial para coletar dados <\/p>\n<p><h2>Seguran\u00e7a da informa\u00e7\u00e3o em alta: veja como entrar no setor<\/h2>\n<\/p>\n<p>                   <img loading=\"lazy\" decoding=\"async\" class=\"aligncenter size-full wp-image-52164\" src=\"https:\/\/blog.corretoraideal.com.br\/wp-content\/uploads\/2023\/09\/seguranca-da-informacao-em-alta-veja-como-entrar-no-setor.jpeg\" alt=\"Seguran\u00e7a da informa\u00e7\u00e3o em alta: veja como entrar no setor\" width=\"800\" height=\"400\" \/>      <\/p>\n<p> Seguran\u00e7a da informa\u00e7\u00e3o em alta: veja como entrar no setor <\/p>\n<ul>\n<li> <a href=\"https:\/\/g1.globo.com\/tudo-sobre\/elon-musk\/\" class=\"entities__list-itemLink\" data-track-click=\"Elon Musk\"> Elon Musk <\/a> <\/li>\n<li> <a href=\"https:\/\/g1.globo.com\/tudo-sobre\/spacex\/\" class=\"entities__list-itemLink\" data-track-click=\"SpaceX\"> SpaceX <\/a> <\/li>\n<li> <a href=\"https:\/\/g1.globo.com\/carros\/marcas\/tesla\/\" class=\"entities__list-itemLink\" data-track-click=\"Tesla\"> Tesla <\/a> <\/li>\n<li> <a href=\"https:\/\/g1.globo.com\/tudo-sobre\/twitter\/\" class=\"entities__list-itemLink\" data-track-click=\"Twitter\"> Twitter <\/a> <\/li>\n<\/ul>\n","protected":false},"excerpt":{"rendered":"<p>1 de 1&#013;Elon Musk \u2014 Foto: Reuters Elon Musk \u2014 Foto: Reuters Em uma nova biografia que ser\u00e1 lan\u00e7ada este m\u00eas pelo jornalista Walter Isaacson, Elon Musk compartilhou detalhes da rela\u00e7\u00e3o conturbada com a sua filha Vivian Jenna Wilson, de 19 anos, que \u00e9 transexual. Segundo o bilion\u00e1rio, Vivian &quot;virou comunista&quot; e cortou la\u00e7os com [&hellip;]<\/p>\n","protected":false},"author":1,"featured_media":0,"comment_status":"closed","ping_status":"closed","sticky":false,"template":"","format":"standard","meta":{"footnotes":""},"categories":[],"tags":[],"class_list":["post-52159","post","type-post","status-publish","format-standard","hentry"],"_links":{"self":[{"href":"https:\/\/blog.corretoraideal.com.br\/index.php\/wp-json\/wp\/v2\/posts\/52159","targetHints":{"allow":["GET"]}}],"collection":[{"href":"https:\/\/blog.corretoraideal.com.br\/index.php\/wp-json\/wp\/v2\/posts"}],"about":[{"href":"https:\/\/blog.corretoraideal.com.br\/index.php\/wp-json\/wp\/v2\/types\/post"}],"author":[{"embeddable":true,"href":"https:\/\/blog.corretoraideal.com.br\/index.php\/wp-json\/wp\/v2\/users\/1"}],"replies":[{"embeddable":true,"href":"https:\/\/blog.corretoraideal.com.br\/index.php\/wp-json\/wp\/v2\/comments?post=52159"}],"version-history":[{"count":1,"href":"https:\/\/blog.corretoraideal.com.br\/index.php\/wp-json\/wp\/v2\/posts\/52159\/revisions"}],"predecessor-version":[{"id":52165,"href":"https:\/\/blog.corretoraideal.com.br\/index.php\/wp-json\/wp\/v2\/posts\/52159\/revisions\/52165"}],"wp:attachment":[{"href":"https:\/\/blog.corretoraideal.com.br\/index.php\/wp-json\/wp\/v2\/media?parent=52159"}],"wp:term":[{"taxonomy":"category","embeddable":true,"href":"https:\/\/blog.corretoraideal.com.br\/index.php\/wp-json\/wp\/v2\/categories?post=52159"},{"taxonomy":"post_tag","embeddable":true,"href":"https:\/\/blog.corretoraideal.com.br\/index.php\/wp-json\/wp\/v2\/tags?post=52159"}],"curies":[{"name":"wp","href":"https:\/\/api.w.org\/{rel}","templated":true}]}}