{"id":52166,"date":"2023-09-01T15:30:01","date_gmt":"2023-09-01T15:30:01","guid":{"rendered":"https:\/\/blog.corretoraideal.com.br\/?p=52166"},"modified":"2023-09-01T15:30:01","modified_gmt":"2023-09-01T15:30:01","slug":"defesas-civis-de-6-cidades-do-rj-fazem-curso-em-macae-para-aprimorar-analise-de-dados-captados-por-radar-meteorologico-norte-fluminense-g1","status":"publish","type":"post","link":"https:\/\/blog.corretoraideal.com.br\/index.php\/2023\/09\/01\/defesas-civis-de-6-cidades-do-rj-fazem-curso-em-macae-para-aprimorar-analise-de-dados-captados-por-radar-meteorologico-norte-fluminense-g1\/","title":{"rendered":"Defesas civis de 6 cidades do RJ fazem curso em Maca\u00e9 para aprimorar an\u00e1lise de dados captados por Radar Meteorol\u00f3gico | Norte Fluminense | G1"},"content":{"rendered":"<p>      1 de 4&#013;Agentes da Defesa Civil de seis cidades participam de curso de meteorologia em Maca\u00e9 \u2014 Foto: Ana Chaffin\/Divulga\u00e7\u00e3o    <\/p>\n<p> Agentes da Defesa Civil de seis cidades participam de curso de meteorologia em Maca\u00e9 \u2014 Foto: Ana Chaffin\/Divulga\u00e7\u00e3o <\/p>\n<p> Agentes da Defesa Civil de seis cidades do Rio de Janeiro est\u00e3o participando de um curso para que aprimorem a an\u00e1lise de dados a partir das informa\u00e7\u00f5es captadas pelo Radar Meteorol\u00f3gico do Instituto Estadual do Ambiente (Inea), que est\u00e1 instalado no campus da Universidade Estadual do Norte Fluminense (Uenf) em <a class href=\"https:\/\/g1.globo.com\/rj\/regiao-dos-lagos\/cidade\/macae\/\">Maca\u00e9<\/a>. <\/p>\n<p> Al\u00e9m de 30 agentes de Maca\u00e9, tamb\u00e9m participam do treinamento, equipes da Defesa Civil de <a class href=\"https:\/\/g1.globo.com\/rj\/regiao-dos-lagos\/cidade\/cabo-frio\/\">Cabo Frio<\/a>, <a class href=\"https:\/\/g1.globo.com\/rj\/regiao-dos-lagos\/cidade\/rio-das-ostras\/\">Rio das Ostras<\/a>, <a class href=\"https:\/\/g1.globo.com\/rj\/regiao-dos-lagos\/cidade\/casimiro-de-abreu\/\">Casimiro de Abreu<\/a>, <a class href=\"https:\/\/g1.globo.com\/rj\/norte-fluminense\/cidade\/campos-dos-goytacazes\/\">Campos dos Goytacazes<\/a> e <a class href=\"https:\/\/g1.globo.com\/rj\/regiao-serrana\/cidade\/teresopolis\/\">Teres\u00f3polis<\/a>. <\/p>\n<p>         2 de 4&#013;Curso sobre meteorologia em Maca\u00e9 realizado por agentes da Defesa Civil busca aprimorar a an\u00e1lise dos dados captados pelo Radar Meteorol\u00f3gico \u2014 Foto: Ana Chaffin\/Prefeitura de Maca\u00e9    <\/p>\n<p> Curso sobre meteorologia em Maca\u00e9 realizado por agentes da Defesa Civil busca aprimorar a an\u00e1lise dos dados captados pelo Radar Meteorol\u00f3gico \u2014 Foto: Ana Chaffin\/Prefeitura de Maca\u00e9 <\/p>\n<p> O curso &quot;Meteorologia e Defesa Civil&quot; tem dura\u00e7\u00e3o de 60 horas e ocorre em oito quartas-feiras no pr\u00f3prio campus da Uenf. <\/p>\n<p>         3 de 4&#013;Equipes da Defesa Civil de Cabo Frio, Rio das Ostras, Casimiro de Abreu, Campos dos Goytacazes e Teres\u00f3polis participando de curso sobre meteorologia na Uenf, em Maca\u00e9 \u2014 Foto: Ana Chaffin\/Prefeitura de Maca\u00e9    <\/p>\n<p> Equipes da Defesa Civil de Cabo Frio, Rio das Ostras, Casimiro de Abreu, Campos dos Goytacazes e Teres\u00f3polis participando de curso sobre meteorologia na Uenf, em Maca\u00e9 \u2014 Foto: Ana Chaffin\/Prefeitura de Maca\u00e9 <\/p>\n<p><h2>Radar Meteorol\u00f3gico<\/h2>\n<\/p>\n<p> O Radar Meteorol\u00f3gico do Instituto Estadual do Ambiente (Inea) instalado na Uenf, em Maca\u00e9, \u00e9 um dos dois existentes no Estado do Rio. O outro fica no munic\u00edpio de Mangaratiba. <\/p>\n<p> O equipamento acompanha a movimenta\u00e7\u00e3o de nuvens que chegam \u00e0 cidade com potencial de grandes precipita\u00e7\u00f5es de chuvas. <\/p>\n<p>         4 de 4&#013;Radar Meteorol\u00f3gico do Inea, instalado na Uenf, em Maca\u00e9, \u00e9 um dos dois existentes no Estado do Rio \u2014 Foto: Ana Chaffin\/Prefeitura de Maca\u00e9    <\/p>\n<p> Radar Meteorol\u00f3gico do Inea, instalado na Uenf, em Maca\u00e9, \u00e9 um dos dois existentes no Estado do Rio \u2014 Foto: Ana Chaffin\/Prefeitura de Maca\u00e9 <\/p>\n<p> &quot;Estamos estudando os dados brutos e quantitativos para fazermos levantamentos estat\u00edsticos. Estamos aprendendo a analisar melhor essas informa\u00e7\u00f5es geradas pelo Radar&quot;, explicou o secret\u00e1rio adjunto de Defesa Civil, Joseferson de Jesus Flor\u00eancio. <\/p>\n<p> O conhecimento adquirido ser\u00e1 aplicado no funcionamento do Centro de Monitoramento e Opera\u00e7\u00f5es da Defesa Civil de Maca\u00e9, previsto para ser inaugurado no dia 19 de setembro. O projeto foi desenvolvido em parceria com a Uenf e a Universidade Federal do Rio de Janeiro (UFRJ). <\/p>\n<p> &quot;Estaremos ligados a 31 esta\u00e7\u00f5es meteorol\u00f3gicas. Toda essa estrutura vai possibilitar uma melhor qualidade na opera\u00e7\u00e3o de monitoramento da previs\u00e3o meteorol\u00f3gica&quot;, revelou Joseferson. <\/p>\n<p> O curso nesta quarta-feira (30) tamb\u00e9m contou com a presen\u00e7a do coordenador da Regional da Defesa Civil (Redec) na Baixada Litor\u00e2nea, tenente coronel F\u00e1bio Gon\u00e7alves. <\/p>\n<ul>\n<li> <a href=\"https:\/\/g1.globo.com\/rj\/regiao-dos-lagos\/cidade\/cabo-frio\/\" class=\"entities__list-itemLink\" data-track-click=\"Cabo Frio\"> Cabo Frio <\/a> <\/li>\n<li> <a href=\"https:\/\/g1.globo.com\/rj\/norte-fluminense\/cidade\/campos-dos-goytacazes\/\" class=\"entities__list-itemLink\" data-track-click=\"Campos dos Goytacazes\"> Campos dos Goytacazes <\/a> <\/li>\n<li> <a href=\"https:\/\/g1.globo.com\/rj\/regiao-dos-lagos\/cidade\/casimiro-de-abreu\/\" class=\"entities__list-itemLink\" data-track-click=\"Casimiro de Abreu\"> Casimiro de Abreu <\/a> <\/li>\n<li> <a href=\"https:\/\/g1.globo.com\/rj\/regiao-dos-lagos\/cidade\/macae\/\" class=\"entities__list-itemLink\" data-track-click=\"Maca\u00e9\"> Maca\u00e9 <\/a> <\/li>\n<li> <a href=\"https:\/\/g1.globo.com\/rj\/regiao-dos-lagos\/cidade\/rio-das-ostras\/\" class=\"entities__list-itemLink\" data-track-click=\"Rio das Ostras\"> Rio das Ostras <\/a> <\/li>\n<li> <a href=\"https:\/\/g1.globo.com\/rj\/regiao-serrana\/cidade\/teresopolis\/\" class=\"entities__list-itemLink\" data-track-click=\"Teres\u00f3polis\"> Teres\u00f3polis <\/a> <\/li>\n<\/ul>\n","protected":false},"excerpt":{"rendered":"<p>1 de 4&#013;Agentes da Defesa Civil de seis cidades participam de curso de meteorologia em Maca\u00e9 \u2014 Foto: Ana Chaffin\/Divulga\u00e7\u00e3o Agentes da Defesa Civil de seis cidades participam de curso de meteorologia em Maca\u00e9 \u2014 Foto: Ana Chaffin\/Divulga\u00e7\u00e3o Agentes da Defesa Civil de seis cidades do Rio de Janeiro est\u00e3o participando de um curso para [&hellip;]<\/p>\n","protected":false},"author":1,"featured_media":0,"comment_status":"closed","ping_status":"closed","sticky":false,"template":"","format":"standard","meta":{"footnotes":""},"categories":[],"tags":[],"class_list":["post-52166","post","type-post","status-publish","format-standard","hentry"],"_links":{"self":[{"href":"https:\/\/blog.corretoraideal.com.br\/index.php\/wp-json\/wp\/v2\/posts\/52166","targetHints":{"allow":["GET"]}}],"collection":[{"href":"https:\/\/blog.corretoraideal.com.br\/index.php\/wp-json\/wp\/v2\/posts"}],"about":[{"href":"https:\/\/blog.corretoraideal.com.br\/index.php\/wp-json\/wp\/v2\/types\/post"}],"author":[{"embeddable":true,"href":"https:\/\/blog.corretoraideal.com.br\/index.php\/wp-json\/wp\/v2\/users\/1"}],"replies":[{"embeddable":true,"href":"https:\/\/blog.corretoraideal.com.br\/index.php\/wp-json\/wp\/v2\/comments?post=52166"}],"version-history":[{"count":1,"href":"https:\/\/blog.corretoraideal.com.br\/index.php\/wp-json\/wp\/v2\/posts\/52166\/revisions"}],"predecessor-version":[{"id":52168,"href":"https:\/\/blog.corretoraideal.com.br\/index.php\/wp-json\/wp\/v2\/posts\/52166\/revisions\/52168"}],"wp:attachment":[{"href":"https:\/\/blog.corretoraideal.com.br\/index.php\/wp-json\/wp\/v2\/media?parent=52166"}],"wp:term":[{"taxonomy":"category","embeddable":true,"href":"https:\/\/blog.corretoraideal.com.br\/index.php\/wp-json\/wp\/v2\/categories?post=52166"},{"taxonomy":"post_tag","embeddable":true,"href":"https:\/\/blog.corretoraideal.com.br\/index.php\/wp-json\/wp\/v2\/tags?post=52166"}],"curies":[{"name":"wp","href":"https:\/\/api.w.org\/{rel}","templated":true}]}}