{"id":52176,"date":"2023-09-01T20:29:56","date_gmt":"2023-09-01T20:29:56","guid":{"rendered":"https:\/\/blog.corretoraideal.com.br\/?p=52176"},"modified":"2023-09-01T20:29:56","modified_gmt":"2023-09-01T20:29:56","slug":"campos-abre-programacao-da-semana-da-patria-norte-fluminense-g1","status":"publish","type":"post","link":"https:\/\/blog.corretoraideal.com.br\/index.php\/2023\/09\/01\/campos-abre-programacao-da-semana-da-patria-norte-fluminense-g1\/","title":{"rendered":"Campos abre programa\u00e7\u00e3o da Semana da P\u00e1tria | Norte Fluminense | G1"},"content":{"rendered":"<p>      1 de 1&#013;Hasteamento de bandeiras fez parte da programa\u00e7\u00e3o de abertura da Semana da P\u00e1tria em Campos \u2014 Foto: Wellington Rangel\/Prefeitura de Campos    <\/p>\n<p> Hasteamento de bandeiras fez parte da programa\u00e7\u00e3o de abertura da Semana da P\u00e1tria em Campos \u2014 Foto: Wellington Rangel\/Prefeitura de Campos <\/p>\n<p> A programa\u00e7\u00e3o da Semana da P\u00e1tria foi aberta nesta sexta-feira (1\u00ba) em <a class href=\"https:\/\/g1.globo.com\/rj\/norte-fluminense\/cidade\/campos-dos-goytacazes\/\">Campos dos Goytacazes<\/a>, no Norte Fluminense, e continua com desfiles no domingo (3), no feriado de 7 de setembro e no dia 10 de setembro. Este ano, o tema da celebra\u00e7\u00e3o \u00e9 &quot;Direitos Humanos&quot;. <\/p>\n<p> Na manh\u00e3 desta sexta, houve o hasteamento das bandeiras, apresenta\u00e7\u00e3o da banda da Pol\u00edcia Militar e do Dog Show da Guarda Municipal, na Pra\u00e7a do Sant\u00edssimo Salvador, no Centro. <\/p>\n<p> As bandeiras foram hasteadas pelo secret\u00e1rio de Educa\u00e7\u00e3o, Ci\u00eancia e Tecnologia, Marcelo Feres; pelo tenente Ant\u00f4nio Marcos Rangel Pimentel, do 5\u00ba Grupamento de Bombeiros Militar (5\u00baGBM); e pelo comandante do 8\u00ba Batalh\u00e3o de Pol\u00edcia Militar, tenente Carneiro. <\/p>\n<p> Tamb\u00e9m participou da solenidade, a subsecret\u00e1ria de Educa\u00e7\u00e3o, Rita Abreu. <\/p>\n<p> \u201cEsse \u00e9 um momento de muita import\u00e2ncia, porque estamos dando in\u00edcio \u00e0 programa\u00e7\u00e3o extensa de nossa Semana da P\u00e1tria, t\u00e3o esperada pela popular campista, de modo a manter a tradi\u00e7\u00e3o e a hist\u00f3ria do nosso pa\u00eds e munic\u00edpio. \u00c9 um momento de resgate, per\u00edodo de paz e alegria, celebrando mais um ano de independ\u00eancia do nosso Brasil\u201d, disse Marcelo Feres. <\/p>\n<p><h2>Programa\u00e7\u00e3o<\/h2>\n<\/p>\n<p> A Semana da P\u00e1tria tamb\u00e9m conta com desfiles no domingo (3), a partir das 9h, na Avenida Bartolomeu Lysandro (Orla do Jardim Carioca), no distrito de Guarus. <\/p>\n<p> Na quinta-feira (7), feriado, haver\u00e1 uma grande festa no Centro de Eventos Populares Os\u00f3rio Peixoto (Cepop), a partir das 8h. <\/p>\n<p> E no domingo (10), a celebra\u00e7\u00e3o continua na Avenida Atl\u00e2ntica, em Farol de S\u00e3o Tom\u00e9, a partir das 9h. <\/p>\n<p> \u201cContamos com o envolvimento de todas as secretarias e a integra\u00e7\u00e3o das mesmas para que possamos fazer um grande espet\u00e1culo, ainda mais bonito do que foi no ano passado, pois esse \u00e9 um evento muito aguardado pelos campistas\u201d, afirmou Rita Abreu, subsecret\u00e1ria de Educa\u00e7\u00e3o, <\/p>\n<p> A cidade passa de 13, em 2020, para 20 bandas de fanfarras na rede municipal de ensino. <\/p>\n<p> \u201cA Seduct tamb\u00e9m adquiriu novos materiais de reposi\u00e7\u00e3o no ano passado, investindo na equipe, como, por exemplo, peles de bumbo, caixa, baquetas macetas e talabartes\u201d, informou o coordenador do Departamento de Anima\u00e7\u00e3o Cultural e Bandas de Fanfarras da Seduct, Edilson Cruz. <\/p>\n<p><h2>Escolas que desfilam no domingo (3) em Guarus<\/h2>\n<\/p>\n<ul>\n<li>E.M Santo Ant\u00f4nio <\/li>\n<li>E.M Prisco de Almeida <\/li>\n<li>E.M Ata\u00edde Dias <\/li>\n<li>E.M Cust\u00f3dio Siqueira<\/li>\n<li>E.M Professora Olga Linhares Correa<\/li>\n<li>E.M Professora Eun\u00edcia Ferreira da Silva<\/li>\n<li>Ciep 416 Wilson Batista<\/li>\n<li>E.M Frederico Paes Barbosa<\/li>\n<li>Ciep Maestro Villa Lobos 142<\/li>\n<li>E.M L\u00eddia Leit\u00e3o de Albernaz<\/li>\n<li>Vila Ol\u00edmpica<\/li>\n<li>E.M Doutor Luiz Sobral<\/li>\n<\/ul>\n<ul>\n<li> <a href=\"https:\/\/g1.globo.com\/rj\/norte-fluminense\/cidade\/campos-dos-goytacazes\/\" class=\"entities__list-itemLink\" data-track-click=\"Campos dos Goytacazes\"> Campos dos Goytacazes <\/a> <\/li>\n<\/ul>\n","protected":false},"excerpt":{"rendered":"<p>1 de 1&#013;Hasteamento de bandeiras fez parte da programa\u00e7\u00e3o de abertura da Semana da P\u00e1tria em Campos \u2014 Foto: Wellington Rangel\/Prefeitura de Campos Hasteamento de bandeiras fez parte da programa\u00e7\u00e3o de abertura da Semana da P\u00e1tria em Campos \u2014 Foto: Wellington Rangel\/Prefeitura de Campos A programa\u00e7\u00e3o da Semana da P\u00e1tria foi aberta nesta sexta-feira (1\u00ba) [&hellip;]<\/p>\n","protected":false},"author":1,"featured_media":0,"comment_status":"closed","ping_status":"closed","sticky":false,"template":"","format":"standard","meta":{"footnotes":""},"categories":[],"tags":[],"class_list":["post-52176","post","type-post","status-publish","format-standard","hentry"],"_links":{"self":[{"href":"https:\/\/blog.corretoraideal.com.br\/index.php\/wp-json\/wp\/v2\/posts\/52176","targetHints":{"allow":["GET"]}}],"collection":[{"href":"https:\/\/blog.corretoraideal.com.br\/index.php\/wp-json\/wp\/v2\/posts"}],"about":[{"href":"https:\/\/blog.corretoraideal.com.br\/index.php\/wp-json\/wp\/v2\/types\/post"}],"author":[{"embeddable":true,"href":"https:\/\/blog.corretoraideal.com.br\/index.php\/wp-json\/wp\/v2\/users\/1"}],"replies":[{"embeddable":true,"href":"https:\/\/blog.corretoraideal.com.br\/index.php\/wp-json\/wp\/v2\/comments?post=52176"}],"version-history":[{"count":1,"href":"https:\/\/blog.corretoraideal.com.br\/index.php\/wp-json\/wp\/v2\/posts\/52176\/revisions"}],"predecessor-version":[{"id":52178,"href":"https:\/\/blog.corretoraideal.com.br\/index.php\/wp-json\/wp\/v2\/posts\/52176\/revisions\/52178"}],"wp:attachment":[{"href":"https:\/\/blog.corretoraideal.com.br\/index.php\/wp-json\/wp\/v2\/media?parent=52176"}],"wp:term":[{"taxonomy":"category","embeddable":true,"href":"https:\/\/blog.corretoraideal.com.br\/index.php\/wp-json\/wp\/v2\/categories?post=52176"},{"taxonomy":"post_tag","embeddable":true,"href":"https:\/\/blog.corretoraideal.com.br\/index.php\/wp-json\/wp\/v2\/tags?post=52176"}],"curies":[{"name":"wp","href":"https:\/\/api.w.org\/{rel}","templated":true}]}}