{"id":52179,"date":"2023-09-01T21:29:50","date_gmt":"2023-09-01T21:29:50","guid":{"rendered":"https:\/\/blog.corretoraideal.com.br\/?p=52179"},"modified":"2023-09-01T21:29:50","modified_gmt":"2023-09-01T21:29:50","slug":"123-milhas-recuperacao-judicial-congela-processos-contra-empresa-temporariamente-turismo-e-viagem-g1","status":"publish","type":"post","link":"https:\/\/blog.corretoraideal.com.br\/index.php\/2023\/09\/01\/123-milhas-recuperacao-judicial-congela-processos-contra-empresa-temporariamente-turismo-e-viagem-g1\/","title":{"rendered":"123 Milhas: recupera\u00e7\u00e3o judicial &#039;congela&#039; processos contra empresa temporariamente | Turismo e Viagem | G1"},"content":{"rendered":"<p>      1 de 1&#013;123 Milhas &#8211; Aeroporto de Congonhas, localizado na Cidade de S\u00e3o Paulo em 30 de agosto de 2023 \u2014 Foto: RENATO S. CERQUEIRA\/FUTURA PRESS\/FUTURA PRESS\/ESTAD\u00c3O CONTE\u00daDO    <\/p>\n<p> 123 Milhas &#8211; Aeroporto de Congonhas, localizado na Cidade de S\u00e3o Paulo em 30 de agosto de 2023 \u2014 Foto: RENATO S. CERQUEIRA\/FUTURA PRESS\/FUTURA PRESS\/ESTAD\u00c3O CONTE\u00daDO <\/p>\n<p> A ju\u00edza Claudia Helena Batista, da 1\u00aa Vara Empresarial da Comarca de Belo Horizonte, <a class href=\"https:\/\/g1.globo.com\/mg\/minas-gerais\/noticia\/2023\/08\/31\/justica-defere-pedido-de-recuperacao-judicial-de-123milhas.ghtml\">aceitou na quinta-feira (31) o pedido de recupera\u00e7\u00e3o judicial da 123 Milhas<\/a>. Com a decis\u00e3o, as a\u00e7\u00f5es e execu\u00e7\u00f5es contra as devedoras da empresa est\u00e3o suspensas pelo prazo de 180 dias. (<a class href=\"https:\/\/g1.globo.com\/turismo-e-viagem\/noticia\/2023\/09\/01\/123-milhas-recuperacao-judicial-congela-processos-contra-empresa-temporariamente.ghtml#judicial\"><strong>Entenda mais no final do texto<\/strong><\/a>). <\/p>\n<p> Especialistas em direito do consumidor ouvidos pelo <a class href=\"https:\/\/g1.globo.com\/\"><strong>g1<\/strong><\/a> explicam que a recupera\u00e7\u00e3o judicial da ag\u00eancia de viagens paralisa os processos que os clientes abriram para recuperar os preju\u00edzos financeiros. <\/p>\n<p> Ou seja, durante o prazo estabelecido, o consumidor n\u00e3o vai poder exigir a restitui\u00e7\u00e3o dos valores, segundo o advogado Lucas Sampaio, mestre em direito pela PUC-SP. <\/p>\n<p> Os clientes que j\u00e1 tiveram passagens a\u00e9reas emitidas poder\u00e3o viajar normalmente. <\/p>\n<p><h2>Como a recupera\u00e7\u00e3o da 123 Milhas afeta os clientes \u2708\ufe0f<\/h2>\n<\/p>\n<ul>\n<li>? Clientes que moveram processo ou que possuem a\u00e7\u00e3o em andamento ter\u00e3o eles paralisados por 180 dias; <\/li>\n<li>? Caso o plano de recupera\u00e7\u00e3o da 123 Milhas seja aceito pela justi\u00e7a, os clientes ser\u00e3o os \u00faltimos a serem ressarcidos. D\u00edvidas trabalhistas e com fornecedores t\u00eam prioridade, segundo Sampaio;<\/li>\n<li>? Os clientes que j\u00e1 tiveram as passagens emitidas em seu nome voam normalmente;<\/li>\n<li>?\ufe0f A orienta\u00e7\u00e3o \u00e9 que os clientes aguardem a decis\u00e3o da Justi\u00e7a. Caso se sintam lesado, os clientes devem recorrer ao Procon e ao site consumidor.gov.br.<\/li>\n<\/ul>\n<p><h2>Leia tamb\u00e9m<\/h2>\n<\/p>\n<ul>\n<li><a class href=\"https:\/\/g1.globo.com\/economia\/noticia\/2023\/08\/29\/123-milhas-entra-com-pedido-de-recuperacao-judicial.ghtml\">Por que a empresa pediu recupera\u00e7\u00e3o judicial<\/a><\/li>\n<li><a class href=\"https:\/\/g1.globo.com\/economia\/noticia\/2023\/08\/22\/caso-123-milhas-entenda-como-funciona-a-empresa-e-saiba-se-corre-risco-de-falir.ghtml\">Conhe\u00e7a o modelo de neg\u00f3cio da 123 Milhas<\/a><\/li>\n<li><a class href=\"https:\/\/g1.globo.com\/turismo-e-viagem\/noticia\/2023\/08\/22\/caso-123-milhas-saiba-o-que-fazer-se-sua-viagem-foi-suspensa.ghtml\">Saiba o que fazer se sua viagem foi suspensa<\/a><\/li>\n<\/ul>\n<p><h2>O que \u00e9 recupera\u00e7\u00e3o judicial ?<\/h2>\n<\/p>\n<p> A recupera\u00e7\u00e3o judicial serve para evitar que uma empresa em dificuldade financeira decrete fal\u00eancia e feche as portas. <\/p>\n<p> \u00c9 um processo pelo qual a companhia endividada consegue um prazo para continuar operando enquanto negocia com seus credores, sob media\u00e7\u00e3o da Justi\u00e7a. As d\u00edvidas ficam congeladas por 180 dias e a opera\u00e7\u00e3o \u00e9 mantida. <\/p>\n<p> No pedido feito \u00e0 Justi\u00e7a, a defesa da 123 Milhas e das demais empresas afirmou que elas &quot;est\u00e3o passando por uma crise moment\u00e2nea e pontual, plenamente pass\u00edvel de ser resolvida&quot;. <\/p>\n<p> De acordo com as demonstra\u00e7\u00f5es financeiras anexadas ao no pedido, a 123 Milhas teve um preju\u00edzo l\u00edquido de R$ 1,67 bilh\u00e3o no primeiro semestre deste ano. <\/p>\n<p><h2>Direitos do consumidor<\/h2>\n<\/p>\n<p>                   <img loading=\"lazy\" decoding=\"async\" class=\"aligncenter size-full wp-image-52181\" src=\"https:\/\/blog.corretoraideal.com.br\/wp-content\/uploads\/2023\/09\/123-milhas-veja-direitos-do-consumidor.jpeg\" alt=\"123 Milhas: Veja direitos do consumidor\" width=\"800\" height=\"400\" \/>      <\/p>\n<p> 123 Milhas: Veja direitos do consumidor <\/p>\n<p><h2>Passaporte para viagens<\/h2>\n<\/p>\n<p>                   <img loading=\"lazy\" decoding=\"async\" class=\"aligncenter size-full wp-image-52182\" src=\"https:\/\/blog.corretoraideal.com.br\/wp-content\/uploads\/2023\/09\/veja-como-tirar-o-passaporte.jpeg\" alt=\"Veja como tirar o passaporte\" width=\"800\" height=\"400\" \/>      <\/p>\n<p> Veja como tirar o passaporte <\/p>\n<p><h2>Como tirar visto para os EUA<\/h2>\n<\/p>\n<p>                   <img loading=\"lazy\" decoding=\"async\" class=\"aligncenter size-full wp-image-52183\" src=\"https:\/\/blog.corretoraideal.com.br\/wp-content\/uploads\/2023\/09\/como-tirar-o-visto-de-turismo-para-os-eua.jpeg\" alt=\"Como tirar o visto de turismo para os EUA\" width=\"800\" height=\"400\" \/>      <\/p>\n<p> Como tirar o visto de turismo para os EUA <\/p>\n<p><h2>Como tirar o visto para viajar para os EUA<\/h2>\n<\/p>\n<ul> <\/ul>\n","protected":false},"excerpt":{"rendered":"<p>1 de 1&#013;123 Milhas &#8211; Aeroporto de Congonhas, localizado na Cidade de S\u00e3o Paulo em 30 de agosto de 2023 \u2014 Foto: RENATO S. CERQUEIRA\/FUTURA PRESS\/FUTURA PRESS\/ESTAD\u00c3O CONTE\u00daDO 123 Milhas &#8211; Aeroporto de Congonhas, localizado na Cidade de S\u00e3o Paulo em 30 de agosto de 2023 \u2014 Foto: RENATO S. CERQUEIRA\/FUTURA PRESS\/FUTURA PRESS\/ESTAD\u00c3O CONTE\u00daDO A [&hellip;]<\/p>\n","protected":false},"author":1,"featured_media":0,"comment_status":"closed","ping_status":"closed","sticky":false,"template":"","format":"standard","meta":{"footnotes":""},"categories":[],"tags":[],"class_list":["post-52179","post","type-post","status-publish","format-standard","hentry"],"_links":{"self":[{"href":"https:\/\/blog.corretoraideal.com.br\/index.php\/wp-json\/wp\/v2\/posts\/52179","targetHints":{"allow":["GET"]}}],"collection":[{"href":"https:\/\/blog.corretoraideal.com.br\/index.php\/wp-json\/wp\/v2\/posts"}],"about":[{"href":"https:\/\/blog.corretoraideal.com.br\/index.php\/wp-json\/wp\/v2\/types\/post"}],"author":[{"embeddable":true,"href":"https:\/\/blog.corretoraideal.com.br\/index.php\/wp-json\/wp\/v2\/users\/1"}],"replies":[{"embeddable":true,"href":"https:\/\/blog.corretoraideal.com.br\/index.php\/wp-json\/wp\/v2\/comments?post=52179"}],"version-history":[{"count":1,"href":"https:\/\/blog.corretoraideal.com.br\/index.php\/wp-json\/wp\/v2\/posts\/52179\/revisions"}],"predecessor-version":[{"id":52184,"href":"https:\/\/blog.corretoraideal.com.br\/index.php\/wp-json\/wp\/v2\/posts\/52179\/revisions\/52184"}],"wp:attachment":[{"href":"https:\/\/blog.corretoraideal.com.br\/index.php\/wp-json\/wp\/v2\/media?parent=52179"}],"wp:term":[{"taxonomy":"category","embeddable":true,"href":"https:\/\/blog.corretoraideal.com.br\/index.php\/wp-json\/wp\/v2\/categories?post=52179"},{"taxonomy":"post_tag","embeddable":true,"href":"https:\/\/blog.corretoraideal.com.br\/index.php\/wp-json\/wp\/v2\/tags?post=52179"}],"curies":[{"name":"wp","href":"https:\/\/api.w.org\/{rel}","templated":true}]}}