{"id":52194,"date":"2023-09-02T01:31:03","date_gmt":"2023-09-02T01:31:03","guid":{"rendered":"https:\/\/blog.corretoraideal.com.br\/?p=52194"},"modified":"2023-09-02T01:31:03","modified_gmt":"2023-09-02T01:31:03","slug":"programa-de-transporte-social-universitario-abre-inscricoes-para-estudantes-de-macae-norte-fluminense-g1","status":"publish","type":"post","link":"https:\/\/blog.corretoraideal.com.br\/index.php\/2023\/09\/02\/programa-de-transporte-social-universitario-abre-inscricoes-para-estudantes-de-macae-norte-fluminense-g1\/","title":{"rendered":"Programa de Transporte Social Universit\u00e1rio abre inscri\u00e7\u00f5es para estudantes de Maca\u00e9 | Norte Fluminense | G1"},"content":{"rendered":"\n<p> O programa de Transporte Social Universit\u00e1rio (TSU), em <a class href=\"https:\/\/g1.globo.com\/rj\/regiao-dos-lagos\/cidade\/macae\/\">Maca\u00e9<\/a>, no Norte Fluminense, abriu inscri\u00e7\u00f5es nesta sexta-feira (1\u00ba) para o recadastramento de estudantes. O prazo vai at\u00e9 8 de setembro e o procedimento deve ser feito <a class href=\"https:\/\/sistemas.macae.rj.gov.br:84\/inscricaoweb\/index\/evento\/?evento=129\" target=\"_blank\" rel=\"noopener noreferrer\">pela internet.<\/a> <\/p>\n<p> A Secretaria Municipal de Educa\u00e7\u00e3o explica que o aluno que n\u00e3o fizer o recadastramento ser\u00e1 desligado do programa. <\/p>\n<p> O edital de recadastramento 2023.4 com todas as informa\u00e7\u00f5es pode ser <a class href=\"https:\/\/www.macae.rj.gov.br\/midia\/conteudo\/arquivos\/1693557739.pdf\" target=\"_blank\" rel=\"noopener noreferrer\">acessado no site da Prefeitura. <\/a> <\/p>\n<p> O texto do edital explica sobre a documenta\u00e7\u00e3o necess\u00e1ria e outras orienta\u00e7\u00f5es. No documento, o aluno tamb\u00e9m fica sabendo como recorrer caso n\u00e3o haja concord\u00e2ncia com os resultados divulgados na primeira etapa do processo. <\/p>\n<p> &quot;A Secretaria destaca que, ap\u00f3s a divulga\u00e7\u00e3o dos resultados da primeira etapa, os candidatos que n\u00e3o estiverem satisfeitos t\u00eam a oportunidade de apresentar recursos. Os pedidos de revis\u00e3o ser\u00e3o aceitos nos dias 14 e 15 de setembro de 2023, atrav\u00e9s do e-mail institucional: tsu@macae.rj.gov.br&quot;, divulga o munic\u00edpio. <\/p>\n<p> O objetivo do programa TSU \u00e9 ajudar os estudantes na jornada educacional, permitindo o acesso facilitado \u00e0s institui\u00e7\u00f5es de ensino superior. <\/p>\n<p> &quot;O recadastramento digital representa um passo adiante na busca por maior efici\u00eancia e transpar\u00eancia nos processos administrativos relacionados ao programa&quot;, disse o munic\u00edpio. <\/p>\n<ul>\n<li> <a href=\"https:\/\/g1.globo.com\/rj\/regiao-dos-lagos\/cidade\/macae\/\" class=\"entities__list-itemLink\" data-track-click=\"Maca\u00e9\"> Maca\u00e9 <\/a> <\/li>\n<\/ul>\n","protected":false},"excerpt":{"rendered":"<p>O programa de Transporte Social Universit\u00e1rio (TSU), em Maca\u00e9, no Norte Fluminense, abriu inscri\u00e7\u00f5es nesta sexta-feira (1\u00ba) para o recadastramento de estudantes. O prazo vai at\u00e9 8 de setembro e o procedimento deve ser feito pela internet. A Secretaria Municipal de Educa\u00e7\u00e3o explica que o aluno que n\u00e3o fizer o recadastramento ser\u00e1 desligado do programa. [&hellip;]<\/p>\n","protected":false},"author":1,"featured_media":0,"comment_status":"closed","ping_status":"closed","sticky":false,"template":"","format":"standard","meta":{"footnotes":""},"categories":[],"tags":[],"class_list":["post-52194","post","type-post","status-publish","format-standard","hentry"],"_links":{"self":[{"href":"https:\/\/blog.corretoraideal.com.br\/index.php\/wp-json\/wp\/v2\/posts\/52194","targetHints":{"allow":["GET"]}}],"collection":[{"href":"https:\/\/blog.corretoraideal.com.br\/index.php\/wp-json\/wp\/v2\/posts"}],"about":[{"href":"https:\/\/blog.corretoraideal.com.br\/index.php\/wp-json\/wp\/v2\/types\/post"}],"author":[{"embeddable":true,"href":"https:\/\/blog.corretoraideal.com.br\/index.php\/wp-json\/wp\/v2\/users\/1"}],"replies":[{"embeddable":true,"href":"https:\/\/blog.corretoraideal.com.br\/index.php\/wp-json\/wp\/v2\/comments?post=52194"}],"version-history":[{"count":1,"href":"https:\/\/blog.corretoraideal.com.br\/index.php\/wp-json\/wp\/v2\/posts\/52194\/revisions"}],"predecessor-version":[{"id":52196,"href":"https:\/\/blog.corretoraideal.com.br\/index.php\/wp-json\/wp\/v2\/posts\/52194\/revisions\/52196"}],"wp:attachment":[{"href":"https:\/\/blog.corretoraideal.com.br\/index.php\/wp-json\/wp\/v2\/media?parent=52194"}],"wp:term":[{"taxonomy":"category","embeddable":true,"href":"https:\/\/blog.corretoraideal.com.br\/index.php\/wp-json\/wp\/v2\/categories?post=52194"},{"taxonomy":"post_tag","embeddable":true,"href":"https:\/\/blog.corretoraideal.com.br\/index.php\/wp-json\/wp\/v2\/tags?post=52194"}],"curies":[{"name":"wp","href":"https:\/\/api.w.org\/{rel}","templated":true}]}}