{"id":52197,"date":"2023-09-02T03:29:50","date_gmt":"2023-09-02T03:29:50","guid":{"rendered":"https:\/\/blog.corretoraideal.com.br\/?p=52197"},"modified":"2023-09-02T03:29:50","modified_gmt":"2023-09-02T03:29:50","slug":"tst-suspende-por-15-dias-plano-de-demissao-voluntaria-da-eletrobras-economia-g1","status":"publish","type":"post","link":"https:\/\/blog.corretoraideal.com.br\/index.php\/2023\/09\/02\/tst-suspende-por-15-dias-plano-de-demissao-voluntaria-da-eletrobras-economia-g1\/","title":{"rendered":"TST suspende por 15 dias plano de demiss\u00e3o volunt\u00e1ria da Eletrobras | Economia | G1"},"content":{"rendered":"\n<ul>\n<li>\n<p> O ministro Alexandre Agra Belmonte, do TST, suspendeu nesta sexta-feira (1\u00b0) o Plano de Demiss\u00e3o Volunt\u00e1ria (PDV) lan\u00e7ado pela Eletrobras em junho deste ano. <\/p>\n<\/li>\n<li>\n<p> A decis\u00e3o atinge processos que ainda n\u00e3o foram homologados e a ades\u00e3o de novos funcion\u00e1rios. <\/p>\n<\/li>\n<li>\n<p> Segundo Agra Belmonte, a suspens\u00e3o valer\u00e1 por 15 dias. <\/p>\n<\/li>\n<li>\n<p> O atual PDV da Eletrobras \u00e9 o segundo da empresa ap\u00f3s o processo de privatiza\u00e7\u00e3o e prev\u00ea demitir mais de 1,5 mil funcion\u00e1rios. <\/p>\n<\/li>\n<\/ul>\n<p> O ministro Alexandre Agra Belmonte, do TST, suspendeu nesta sexta-feira (1\u00b0) o Plano de Demiss\u00e3o Volunt\u00e1ria (PDV) lan\u00e7ado pela Eletrobras em junho deste ano. <\/p>\n<p> A decis\u00e3o atinge processos que ainda n\u00e3o foram homologados e a ades\u00e3o de novos funcion\u00e1rios. <\/p>\n<p> Segundo Agra Belmonte, a suspens\u00e3o valer\u00e1 por 15 dias. <\/p>\n<p> O atual PDV da Eletrobras \u00e9 o segundo da empresa ap\u00f3s o processo de privatiza\u00e7\u00e3o e prev\u00ea demitir mais de 1,5 mil funcion\u00e1rios. <\/p>\n<p>         1 de 1&#013;Logo da Eletrobras, em pr\u00e9dio da estatal no Rio de Janeiro \u2014 Foto: Pilar Olivares\/Reuters    <\/p>\n<p> Logo da Eletrobras, em pr\u00e9dio da estatal no Rio de Janeiro \u2014 Foto: Pilar Olivares\/Reuters <\/p>\n<p> O ministro Alexandre Agra Belmonte, do <a class href=\"https:\/\/g1.globo.com\/tudo-sobre\/tst\/\">Tribunal Superior do Trabalho<\/a> (TST), suspendeu nesta sexta-feira (1\u00b0) o Plano de Demiss\u00e3o Volunt\u00e1ria (PDV) da <a class href=\"https:\/\/g1.globo.com\/tudo-sobre\/eletrobras\/\">Eletrobras<\/a>. A suspens\u00e3o ser\u00e1 de 15 dias e vai impedir novas ades\u00f5es e a continuidade de demiss\u00f5es j\u00e1 em andamento. <\/p>\n<p> A decis\u00e3o foi tomada ap\u00f3s a aus\u00eancia de resposta da empresa a uma tentativa de acordo mediada pelo TST com entidades sindicais. <\/p>\n<p> Segundo Agra Belmonte, al\u00e9m dos planos de demiss\u00e3o, a Eletrobras dever\u00e1 suspender: <\/p>\n<ul>\n<li>desligamentos que ainda n\u00e3o foram homologados<\/li>\n<li>e as datas-limites do PDV<\/li>\n<\/ul>\n<p> O descumprimento da decis\u00e3o levar\u00e1 a uma multa de R$ 1 mil por trabalhador afetado pela continuidade dos processos. <\/p>\n<p> O atual PDV \u00e9 o <a class href=\"https:\/\/g1.globo.com\/economia\/noticia\/2023\/06\/19\/eletrobras-anuncia-novo-plano-de-demissao-voluntaria-com-custo-de-ate-r-750-milhoes.ghtml\">segundo da empresa<\/a> ap\u00f3s o processo de privatiza\u00e7\u00e3o. O plano foi lan\u00e7ado em junho, e a Eletrobras projeta a demiss\u00e3o de at\u00e9 1.574 funcion\u00e1rios. <\/p>\n<p>                   <img loading=\"lazy\" decoding=\"async\" class=\"aligncenter size-full wp-image-52199\" src=\"https:\/\/blog.corretoraideal.com.br\/wp-content\/uploads\/2023\/09\/eletrobras-lanca-oferta-de-acoes-para-privatizacao-da-companhia.jpeg\" alt=\"Eletrobras lan\u00e7a oferta de a\u00e7\u00f5es para privatiza\u00e7\u00e3o da companhia\" width=\"800\" height=\"400\" \/>      <\/p>\n<p> Eletrobras lan\u00e7a oferta de a\u00e7\u00f5es para privatiza\u00e7\u00e3o da companhia <\/p>\n<p> Em agosto, entidades sindicais recorreram ao TST em uma tentativa de negociar os termos do PDV. Ao Tribunal, relataram, por\u00e9m, que as tratativas n\u00e3o avan\u00e7aram e que a Eletrobras teria imposto a desist\u00eancia da a\u00e7\u00e3o como condi\u00e7\u00e3o para um acordo. <\/p>\n<p> Um m\u00eas antes, em julho, o ministro de Minas e Energia, Alexandre Silveira, j\u00e1 havia demonstrado preocupa\u00e7\u00e3o com o plano da empresa. <\/p>\n<p> \u00c0 \u00e9poca, ele pediu informa\u00e7\u00f5es sobre o planejamento da Eletrobras para continuar a presta\u00e7\u00e3o de servi\u00e7os em meio \u00e0s demiss\u00f5es. <\/p>\n<p> Nesta sexta, ao justificar a determina\u00e7\u00e3o para suspender o PDV, Agra Belmonte afirmou que o of\u00edcio de Alexandre Silveira &quot;explicitamente demonstra preocupa\u00e7\u00e3o com os planos de a\u00e7\u00e3o da empresa e os desligamentos, ante o risco de novos apag\u00f5es ou panes no sistema&quot;. <\/p>\n<p> De acordo com o ministro, n\u00e3o h\u00e1 informa\u00e7\u00e3o sobre resposta da Eletrobras ao of\u00edcio. <\/p>\n<p>&quot;Entendo prudente determinar a suspens\u00e3o do feito por 15 dias e igualmente determinar a suspens\u00e3o dos desligamentos de todos os que aderiram ao PDV 2023 cuja homologa\u00e7\u00e3o ainda n\u00e3o foi feita, bem como a suspens\u00e3o das datas-limites do PDV 2023, sob pena de multa de R$1.000,00 (mil reais) por cada trabalhador nesta situa\u00e7\u00e3o em que a suspens\u00e3o n\u00e3o seja respeitada, a partir da ci\u00eancia desta decis\u00e3o&quot;, escreveu.<\/p>\n<ul>\n<li> <a href=\"https:\/\/g1.globo.com\/tudo-sobre\/eletrobras\/\" class=\"entities__list-itemLink\" data-track-click=\"Eletrobras\"> Eletrobras <\/a> <\/li>\n<li> <a href=\"https:\/\/g1.globo.com\/tudo-sobre\/ministerio-de-minas-e-energia\/\" class=\"entities__list-itemLink\" data-track-click=\"Minist\u00e9rio de Minas e Energia\"> Minist\u00e9rio de Minas e Energia <\/a> <\/li>\n<li> <a href=\"https:\/\/g1.globo.com\/tudo-sobre\/tst\/\" class=\"entities__list-itemLink\" data-track-click=\"Tribunal Superior do Trabalho\"> Tribunal Superior do Trabalho <\/a> <\/li>\n<\/ul>\n","protected":false},"excerpt":{"rendered":"<p>O ministro Alexandre Agra Belmonte, do TST, suspendeu nesta sexta-feira (1\u00b0) o Plano de Demiss\u00e3o Volunt\u00e1ria (PDV) lan\u00e7ado pela Eletrobras em junho deste ano. A decis\u00e3o atinge processos que ainda n\u00e3o foram homologados e a ades\u00e3o de novos funcion\u00e1rios. Segundo Agra Belmonte, a suspens\u00e3o valer\u00e1 por 15 dias. O atual PDV da Eletrobras \u00e9 o [&hellip;]<\/p>\n","protected":false},"author":1,"featured_media":0,"comment_status":"closed","ping_status":"closed","sticky":false,"template":"","format":"standard","meta":{"footnotes":""},"categories":[],"tags":[],"class_list":["post-52197","post","type-post","status-publish","format-standard","hentry"],"_links":{"self":[{"href":"https:\/\/blog.corretoraideal.com.br\/index.php\/wp-json\/wp\/v2\/posts\/52197","targetHints":{"allow":["GET"]}}],"collection":[{"href":"https:\/\/blog.corretoraideal.com.br\/index.php\/wp-json\/wp\/v2\/posts"}],"about":[{"href":"https:\/\/blog.corretoraideal.com.br\/index.php\/wp-json\/wp\/v2\/types\/post"}],"author":[{"embeddable":true,"href":"https:\/\/blog.corretoraideal.com.br\/index.php\/wp-json\/wp\/v2\/users\/1"}],"replies":[{"embeddable":true,"href":"https:\/\/blog.corretoraideal.com.br\/index.php\/wp-json\/wp\/v2\/comments?post=52197"}],"version-history":[{"count":1,"href":"https:\/\/blog.corretoraideal.com.br\/index.php\/wp-json\/wp\/v2\/posts\/52197\/revisions"}],"predecessor-version":[{"id":52200,"href":"https:\/\/blog.corretoraideal.com.br\/index.php\/wp-json\/wp\/v2\/posts\/52197\/revisions\/52200"}],"wp:attachment":[{"href":"https:\/\/blog.corretoraideal.com.br\/index.php\/wp-json\/wp\/v2\/media?parent=52197"}],"wp:term":[{"taxonomy":"category","embeddable":true,"href":"https:\/\/blog.corretoraideal.com.br\/index.php\/wp-json\/wp\/v2\/categories?post=52197"},{"taxonomy":"post_tag","embeddable":true,"href":"https:\/\/blog.corretoraideal.com.br\/index.php\/wp-json\/wp\/v2\/tags?post=52197"}],"curies":[{"name":"wp","href":"https:\/\/api.w.org\/{rel}","templated":true}]}}