{"id":52214,"date":"2023-09-02T06:29:38","date_gmt":"2023-09-02T06:29:38","guid":{"rendered":"https:\/\/blog.corretoraideal.com.br\/?p=52214"},"modified":"2023-09-02T06:29:38","modified_gmt":"2023-09-02T06:29:38","slug":"instituicoes-recebem-60-toneladas-de-alimentos-arrecadados-em-tradicional-feijoada-em-campos-norte-fluminense-g1","status":"publish","type":"post","link":"https:\/\/blog.corretoraideal.com.br\/index.php\/2023\/09\/02\/instituicoes-recebem-60-toneladas-de-alimentos-arrecadados-em-tradicional-feijoada-em-campos-norte-fluminense-g1\/","title":{"rendered":"Institui\u00e7\u00f5es recebem 60 toneladas de alimentos arrecadados em tradicional feijoada em Campos | Norte Fluminense | G1"},"content":{"rendered":"<p>                <img loading=\"lazy\" decoding=\"async\" class=\"aligncenter size-full wp-image-52216\" src=\"https:\/\/blog.corretoraideal.com.br\/wp-content\/uploads\/2023\/09\/jornal-folha-de-campos-arrecada-cerca-de-60-toneladas-de-alimentos-em-tradicional-feijoada.jpeg\" alt=\"Jornal Folha de Campos arrecada cerca de 60 toneladas de alimentos em tradicional feijoada\" width=\"800\" height=\"400\" \/>      <\/p>\n<p> Jornal Folha de Campos arrecada cerca de 60 toneladas de alimentos em tradicional feijoada <\/p>\n<p> Cerca de 60 toneladas de alimentos arrecadados na tradicional Feijoada da Folha da Manh\u00e3 foram entregues pelo grupo na manh\u00e3 desta sexta-feira (1\u00ba) em Campos dos Goytacazes, no Norte Fluminense. <\/p>\n<p> A 30\u00aa edi\u00e7\u00e3o da feijoada ocorreu no dia 12 de agosto. Desta vez, foram beneficiadas 16 entidades carentes, 12 da cidade de Campos e quatro de S\u00e3o Jo\u00e3o da barra, tamb\u00e9m no Norte Fluminense. <\/p>\n<p>         1 de 2&#013;Diretora-presidente do Grupo Folha, Diva Abreu Barbosa, fazendo a entrega de donativos arrecadados em tradicional feijoada \u2014 Foto: Reprodu\u00e7\u00e3o Folha de Campos    <\/p>\n<p> Diretora-presidente do Grupo Folha, Diva Abreu Barbosa, fazendo a entrega de donativos arrecadados em tradicional feijoada \u2014 Foto: Reprodu\u00e7\u00e3o Folha de Campos <\/p>\n<p>\u201cA feijoada foi linda, \u00e9 um prest\u00edgio! Estamos aqui na finaliza\u00e7\u00e3o com muita alegria, porque, para mim, \u00e9 o principal momento da feijoada, \u00e9 poder oferecer para quem precisa\u201d, disse a diretora-presidente do Grupo Folha, Diva Abreu Barbosa.<\/p>\n<p> A festa \u00e9 realizada desde 1992 e durante as retiradas da camisa-convite foram trocadas por cestas b\u00e1sicas, destinadas para institui\u00e7\u00f5es de caridade. <\/p>\n<p>         2 de 2&#013;Cerca de 60 toneladas de alimentos foram arrecadadas em tradicional feijoada de Campos \u2014 Foto: Yuri Ramos\/g1    <\/p>\n<p> Cerca de 60 toneladas de alimentos foram arrecadadas em tradicional feijoada de Campos \u2014 Foto: Yuri Ramos\/g1 <\/p>\n<ul> <\/ul>\n","protected":false},"excerpt":{"rendered":"<p>Jornal Folha de Campos arrecada cerca de 60 toneladas de alimentos em tradicional feijoada Cerca de 60 toneladas de alimentos arrecadados na tradicional Feijoada da Folha da Manh\u00e3 foram entregues pelo grupo na manh\u00e3 desta sexta-feira (1\u00ba) em Campos dos Goytacazes, no Norte Fluminense. A 30\u00aa edi\u00e7\u00e3o da feijoada ocorreu no dia 12 de agosto. [&hellip;]<\/p>\n","protected":false},"author":1,"featured_media":0,"comment_status":"closed","ping_status":"closed","sticky":false,"template":"","format":"standard","meta":{"footnotes":""},"categories":[],"tags":[],"class_list":["post-52214","post","type-post","status-publish","format-standard","hentry"],"_links":{"self":[{"href":"https:\/\/blog.corretoraideal.com.br\/index.php\/wp-json\/wp\/v2\/posts\/52214","targetHints":{"allow":["GET"]}}],"collection":[{"href":"https:\/\/blog.corretoraideal.com.br\/index.php\/wp-json\/wp\/v2\/posts"}],"about":[{"href":"https:\/\/blog.corretoraideal.com.br\/index.php\/wp-json\/wp\/v2\/types\/post"}],"author":[{"embeddable":true,"href":"https:\/\/blog.corretoraideal.com.br\/index.php\/wp-json\/wp\/v2\/users\/1"}],"replies":[{"embeddable":true,"href":"https:\/\/blog.corretoraideal.com.br\/index.php\/wp-json\/wp\/v2\/comments?post=52214"}],"version-history":[{"count":1,"href":"https:\/\/blog.corretoraideal.com.br\/index.php\/wp-json\/wp\/v2\/posts\/52214\/revisions"}],"predecessor-version":[{"id":52217,"href":"https:\/\/blog.corretoraideal.com.br\/index.php\/wp-json\/wp\/v2\/posts\/52214\/revisions\/52217"}],"wp:attachment":[{"href":"https:\/\/blog.corretoraideal.com.br\/index.php\/wp-json\/wp\/v2\/media?parent=52214"}],"wp:term":[{"taxonomy":"category","embeddable":true,"href":"https:\/\/blog.corretoraideal.com.br\/index.php\/wp-json\/wp\/v2\/categories?post=52214"},{"taxonomy":"post_tag","embeddable":true,"href":"https:\/\/blog.corretoraideal.com.br\/index.php\/wp-json\/wp\/v2\/tags?post=52214"}],"curies":[{"name":"wp","href":"https:\/\/api.w.org\/{rel}","templated":true}]}}