{"id":52223,"date":"2023-09-02T11:29:53","date_gmt":"2023-09-02T11:29:53","guid":{"rendered":"https:\/\/blog.corretoraideal.com.br\/?p=52223"},"modified":"2023-09-02T11:29:53","modified_gmt":"2023-09-02T11:29:53","slug":"policia-ambiental-flagra-desmatamento-ilegal-em-propriedade-rural-em-cambuci-norte-fluminense-g1","status":"publish","type":"post","link":"https:\/\/blog.corretoraideal.com.br\/index.php\/2023\/09\/02\/policia-ambiental-flagra-desmatamento-ilegal-em-propriedade-rural-em-cambuci-norte-fluminense-g1\/","title":{"rendered":"Pol\u00edcia Ambiental flagra desmatamento ilegal em propriedade rural em Cambuci | Norte Fluminense | G1"},"content":{"rendered":"<p>      1 de 2&#013;\u00c1rvores cortadas em Cambuci tinham caracter\u00edsticas de esp\u00e9cies nativas em est\u00e1gio m\u00e9dio e avan\u00e7ado de regenera\u00e7\u00e3o natural \u2014 Foto: Pol\u00edcia Militar Ambiental    <\/p>\n<p> \u00c1rvores cortadas em Cambuci tinham caracter\u00edsticas de esp\u00e9cies nativas em est\u00e1gio m\u00e9dio e avan\u00e7ado de regenera\u00e7\u00e3o natural \u2014 Foto: Pol\u00edcia Militar Ambiental <\/p>\n<p> Uma propriedade equivalente a quase tr\u00eas campos de futebol foi identificada com desmatamento ilegal em <a class href=\"https:\/\/g1.globo.com\/rj\/norte-fluminense\/cidade\/cambuci\/\">Cambuci<\/a>, no Noroeste Fluminense. <\/p>\n<p> A\u00e7\u00e3o dos policiais militares do Batalh\u00e3o de Pol\u00edcia Ambiental ocorreu nesta quarta-feira (30), ap\u00f3s den\u00fancia, na estrada que liga Barro Branco a S\u00e3o Jo\u00e3o do Para\u00edso. <\/p>\n<p>         2 de 2&#013;Desmatamento ilegal foi flagrado pela Pol\u00edcia Militar Ambiental de Cambuci na quarta-feira (30) \u2014 Foto: Pol\u00edcia Militar Ambiental    <\/p>\n<p> Desmatamento ilegal foi flagrado pela Pol\u00edcia Militar Ambiental de Cambuci na quarta-feira (30) \u2014 Foto: Pol\u00edcia Militar Ambiental <\/p>\n<p> De acordo com a assessoria da 3\u00aa UPAM foi constatada em uma \u00e1rea de aproximadamente 20.000 m\u00b2 diversas \u00e1rvores com caracter\u00edsticas de nativa em est\u00e1gio m\u00e9dio e avan\u00e7ado de regenera\u00e7\u00e3o natural cortadas. <\/p>\n<p> O respons\u00e1vel pela propriedade n\u00e3o foi localizado, mas o auto de constata\u00e7\u00e3o foi registrado na 142\u00aa Delegacia de Pol\u00edcia para investiga\u00e7\u00e3o. O local vai passar por per\u00edcia para a identifica\u00e7\u00e3o das esp\u00e9cies. <\/p>\n<p> A Pol\u00edcia Ambiental destaca que h\u00e1 algumas \u00e1rvores, como o eucalipto ou \u00e1rvores que vieram de outros lugares, e que n\u00e3o s\u00e3o nativas do Brasil e que podem ser cortadas mediante autoriza\u00e7\u00e3o, que \u00e9 o corte selecionado, mas este n\u00e3o era o caso verificado na ocorr\u00eancia. <\/p>\n<p> &quot;V\u00e1rios s\u00e3o os danos causados pelo desmatamento ilegal. A cada dia as pessoas est\u00e3o destruindo as matas mais fechadas que s\u00e3o fontes de oxig\u00eanio para a terra. Al\u00e9m de alguns casos causarem danos para as estruturas, como barrancos pr\u00f3ximos onde \u00e1rvores foram cortadas, pois podem acabar causando desmoronamento&quot;, explica a assessoria da 3\u00aa UPAM. <\/p>\n<ul>\n<li> <a href=\"https:\/\/g1.globo.com\/rj\/norte-fluminense\/cidade\/cambuci\/\" class=\"entities__list-itemLink\" data-track-click=\"Cambuci\"> Cambuci <\/a> <\/li>\n<\/ul>\n","protected":false},"excerpt":{"rendered":"<p>1 de 2&#013;\u00c1rvores cortadas em Cambuci tinham caracter\u00edsticas de esp\u00e9cies nativas em est\u00e1gio m\u00e9dio e avan\u00e7ado de regenera\u00e7\u00e3o natural \u2014 Foto: Pol\u00edcia Militar Ambiental \u00c1rvores cortadas em Cambuci tinham caracter\u00edsticas de esp\u00e9cies nativas em est\u00e1gio m\u00e9dio e avan\u00e7ado de regenera\u00e7\u00e3o natural \u2014 Foto: Pol\u00edcia Militar Ambiental Uma propriedade equivalente a quase tr\u00eas campos de futebol [&hellip;]<\/p>\n","protected":false},"author":1,"featured_media":0,"comment_status":"closed","ping_status":"closed","sticky":false,"template":"","format":"standard","meta":{"footnotes":""},"categories":[],"tags":[],"class_list":["post-52223","post","type-post","status-publish","format-standard","hentry"],"_links":{"self":[{"href":"https:\/\/blog.corretoraideal.com.br\/index.php\/wp-json\/wp\/v2\/posts\/52223","targetHints":{"allow":["GET"]}}],"collection":[{"href":"https:\/\/blog.corretoraideal.com.br\/index.php\/wp-json\/wp\/v2\/posts"}],"about":[{"href":"https:\/\/blog.corretoraideal.com.br\/index.php\/wp-json\/wp\/v2\/types\/post"}],"author":[{"embeddable":true,"href":"https:\/\/blog.corretoraideal.com.br\/index.php\/wp-json\/wp\/v2\/users\/1"}],"replies":[{"embeddable":true,"href":"https:\/\/blog.corretoraideal.com.br\/index.php\/wp-json\/wp\/v2\/comments?post=52223"}],"version-history":[{"count":1,"href":"https:\/\/blog.corretoraideal.com.br\/index.php\/wp-json\/wp\/v2\/posts\/52223\/revisions"}],"predecessor-version":[{"id":52225,"href":"https:\/\/blog.corretoraideal.com.br\/index.php\/wp-json\/wp\/v2\/posts\/52223\/revisions\/52225"}],"wp:attachment":[{"href":"https:\/\/blog.corretoraideal.com.br\/index.php\/wp-json\/wp\/v2\/media?parent=52223"}],"wp:term":[{"taxonomy":"category","embeddable":true,"href":"https:\/\/blog.corretoraideal.com.br\/index.php\/wp-json\/wp\/v2\/categories?post=52223"},{"taxonomy":"post_tag","embeddable":true,"href":"https:\/\/blog.corretoraideal.com.br\/index.php\/wp-json\/wp\/v2\/tags?post=52223"}],"curies":[{"name":"wp","href":"https:\/\/api.w.org\/{rel}","templated":true}]}}