{"id":52232,"date":"2023-09-02T16:30:03","date_gmt":"2023-09-02T16:30:03","guid":{"rendered":"https:\/\/blog.corretoraideal.com.br\/?p=52232"},"modified":"2023-09-02T16:30:03","modified_gmt":"2023-09-02T16:30:03","slug":"com-medo-de-ser-morta-mulher-vai-a-delegacia-e-pede-para-ser-presa-para-nao-ter-que-matar-ex-diz-deam-norte-fluminense-g1","status":"publish","type":"post","link":"https:\/\/blog.corretoraideal.com.br\/index.php\/2023\/09\/02\/com-medo-de-ser-morta-mulher-vai-a-delegacia-e-pede-para-ser-presa-para-nao-ter-que-matar-ex-diz-deam-norte-fluminense-g1\/","title":{"rendered":"Com medo de ser morta, mulher vai \u00e0 delegacia e pede para ser presa para n\u00e3o ter que matar ex, diz Deam | Norte Fluminense | G1"},"content":{"rendered":"<p>      1 de 1&#013;Homem com mais de 35 passagens pela pol\u00edcia foi preso em motel de Campos ap\u00f3s ex procurar a delegacia em Campos \u2014 Foto: Pol\u00edcia Civil    <\/p>\n<p> Homem com mais de 35 passagens pela pol\u00edcia foi preso em motel de Campos ap\u00f3s ex procurar a delegacia em Campos \u2014 Foto: Pol\u00edcia Civil <\/p>\n<p> Uma mulher, com medo de ser morta, procurou a delegacia e pediu para ser presa para n\u00e3o matar o ex-companheiro, disse a Delegacia de Atendimento Especializado \u00e0 Mulher (Deam). <\/p>\n<p> A hist\u00f3ria ocorreu em <a class href=\"https:\/\/g1.globo.com\/rj\/norte-fluminense\/cidade\/campos-dos-goytacazes\/\">Campos dos Goytacazes<\/a>, no Norte Fluminense, e o homem acabou preso, com a ajuda da Patrulha Maria da Penha, na \u00faltima ter\u00e7a-feira (29). <\/p>\n<p> A pris\u00e3o dele, que tem mais de 35 passagens pela pol\u00edcia, ocorreu em um motel. Ele estava na companhia da atual namorada. Segundo a pol\u00edcia, tamb\u00e9m h\u00e1 registro de agress\u00e3o dele contra a atual namorada na Deam de <a class href=\"https:\/\/g1.globo.com\/rj\/regiao-dos-lagos\/cidade\/cabo-frio\/\">Cabo Frio<\/a>, na Regi\u00e3o dos Lagos do Rio. A pris\u00e3o dele ocorreu tr\u00eas semanas depois da ex procurar a delegacia pedindo para ser presa. <\/p>\n<p> A ex chegou a dizer que comprou a arma no dia 7 de agosto. S\u00f3 que, na ocasi\u00e3o, ao chegar na casa da mulher, a pol\u00edcia verificou que arma era dele e que ela sofria amea\u00e7as. Com a chegada da pol\u00edcia, o homem conseguiu fugir do local, at\u00e9 que foi localizado no motel na ter\u00e7a. <\/p>\n<p> A Deam explicou que, entre as anota\u00e7\u00f5es criminais que o homem possui constam crimes de amea\u00e7a, homic\u00eddio, tr\u00e1fico de drogas e latroc\u00ednio, que \u00e9 roubo seguido de morte. <\/p>\n<p> Ainda de acordo com a Deam, em uma das viol\u00eancias cometidas contra a ex, a v\u00edtima deu entrada no Hospital Ferreira Machado e chegou a perder o ba\u00e7o, um \u00f3rg\u00e3o do corpo. <\/p>\n<p> O homem foi levado para o pres\u00eddio masculino de Campos onde ficou \u00e0 disposi\u00e7\u00e3o da Justi\u00e7a. <\/p>\n<ul>\n<li> <a href=\"https:\/\/g1.globo.com\/rj\/regiao-dos-lagos\/cidade\/cabo-frio\/\" class=\"entities__list-itemLink\" data-track-click=\"Cabo Frio\"> Cabo Frio <\/a> <\/li>\n<li> <a href=\"https:\/\/g1.globo.com\/rj\/norte-fluminense\/cidade\/campos-dos-goytacazes\/\" class=\"entities__list-itemLink\" data-track-click=\"Campos dos Goytacazes\"> Campos dos Goytacazes <\/a> <\/li>\n<\/ul>\n","protected":false},"excerpt":{"rendered":"<p>1 de 1&#013;Homem com mais de 35 passagens pela pol\u00edcia foi preso em motel de Campos ap\u00f3s ex procurar a delegacia em Campos \u2014 Foto: Pol\u00edcia Civil Homem com mais de 35 passagens pela pol\u00edcia foi preso em motel de Campos ap\u00f3s ex procurar a delegacia em Campos \u2014 Foto: Pol\u00edcia Civil Uma mulher, com [&hellip;]<\/p>\n","protected":false},"author":1,"featured_media":0,"comment_status":"closed","ping_status":"closed","sticky":false,"template":"","format":"standard","meta":{"footnotes":""},"categories":[],"tags":[],"class_list":["post-52232","post","type-post","status-publish","format-standard","hentry"],"_links":{"self":[{"href":"https:\/\/blog.corretoraideal.com.br\/index.php\/wp-json\/wp\/v2\/posts\/52232","targetHints":{"allow":["GET"]}}],"collection":[{"href":"https:\/\/blog.corretoraideal.com.br\/index.php\/wp-json\/wp\/v2\/posts"}],"about":[{"href":"https:\/\/blog.corretoraideal.com.br\/index.php\/wp-json\/wp\/v2\/types\/post"}],"author":[{"embeddable":true,"href":"https:\/\/blog.corretoraideal.com.br\/index.php\/wp-json\/wp\/v2\/users\/1"}],"replies":[{"embeddable":true,"href":"https:\/\/blog.corretoraideal.com.br\/index.php\/wp-json\/wp\/v2\/comments?post=52232"}],"version-history":[{"count":1,"href":"https:\/\/blog.corretoraideal.com.br\/index.php\/wp-json\/wp\/v2\/posts\/52232\/revisions"}],"predecessor-version":[{"id":52234,"href":"https:\/\/blog.corretoraideal.com.br\/index.php\/wp-json\/wp\/v2\/posts\/52232\/revisions\/52234"}],"wp:attachment":[{"href":"https:\/\/blog.corretoraideal.com.br\/index.php\/wp-json\/wp\/v2\/media?parent=52232"}],"wp:term":[{"taxonomy":"category","embeddable":true,"href":"https:\/\/blog.corretoraideal.com.br\/index.php\/wp-json\/wp\/v2\/categories?post=52232"},{"taxonomy":"post_tag","embeddable":true,"href":"https:\/\/blog.corretoraideal.com.br\/index.php\/wp-json\/wp\/v2\/tags?post=52232"}],"curies":[{"name":"wp","href":"https:\/\/api.w.org\/{rel}","templated":true}]}}