{"id":52251,"date":"2023-09-03T09:29:42","date_gmt":"2023-09-03T09:29:42","guid":{"rendered":"https:\/\/blog.corretoraideal.com.br\/?p=52251"},"modified":"2023-09-03T09:29:42","modified_gmt":"2023-09-03T09:29:42","slug":"donos-da-123-milhas-se-reunem-com-secretaria-do-consumidor-mas-nao-definem-plano-de-ressarcimento-politica-g1","status":"publish","type":"post","link":"https:\/\/blog.corretoraideal.com.br\/index.php\/2023\/09\/03\/donos-da-123-milhas-se-reunem-com-secretaria-do-consumidor-mas-nao-definem-plano-de-ressarcimento-politica-g1\/","title":{"rendered":"Donos da 123 Milhas se re\u00fanem com Secretaria do Consumidor, mas n\u00e3o definem plano de ressarcimento | Pol\u00edtica | G1"},"content":{"rendered":"\n<ul>\n<li>\n<p> Empresa cancelou pacotes da linha promocional e entrou com pedido de recupera\u00e7\u00e3o judicial <\/p>\n<\/li>\n<li>\n<p> Wadih Damous, secret\u00e1rio nacional do consumidor, afirmou que quem teve pacotes cancelados ser\u00e1 ressarcido <\/p>\n<\/li>\n<li>\n<p> 123 Milhas teve pedido de recupera\u00e7\u00e3o judicial aceito pela Justi\u00e7a <\/p>\n<\/li>\n<\/ul>\n<p> Empresa cancelou pacotes da linha promocional e entrou com pedido de recupera\u00e7\u00e3o judicial <\/p>\n<p> Wadih Damous, secret\u00e1rio nacional do consumidor, afirmou que quem teve pacotes cancelados ser\u00e1 ressarcido <\/p>\n<p> 123 Milhas teve pedido de recupera\u00e7\u00e3o judicial aceito pela Justi\u00e7a <\/p>\n<p> S\u00f3cios da empresa de viagens 123 milhas, Ramiro J\u00falio Soares Madureira e Augusto J\u00falio Soares Madureira compareceram ao Minist\u00e9rio da Justi\u00e7a na tarde desta sexta-feira (1\u00ba) em reuni\u00e3o com representantes da Secretaria Nacional do Consumidor (Senacom). Eles n\u00e3o apresentaram um plano de ressarcimento aos clientes que <a class href=\"https:\/\/g1.globo.com\/sc\/santa-catarina\/noticia\/2023\/08\/30\/procon-notifica-123-milhas-para-devolver-valores-e-emitir-passagens-de-clientes-de-florianopolis.ghtml\">tiveram os pacotes cancelados<\/a>. <\/p>\n<p> Uma nova reuni\u00e3o foi marcada para daqui a duas semanas, quando ser\u00e3o definidos os mecanismos que v\u00e3o ressarcir os clientes. <\/p>\n<p> A 123 Milhas cancelou seus pacotes promocionais, levando compradores a perderem as viagens. A empresa entrou com pedido de recupera\u00e7\u00e3o judicial, <a class href=\"https:\/\/g1.globo.com\/mg\/minas-gerais\/noticia\/2023\/08\/31\/justica-defere-pedido-de-recuperacao-judicial-de-123milhas.ghtml\">que foi aceito pela Justi\u00e7a<\/a>. <\/p>\n<p>                   <img loading=\"lazy\" decoding=\"async\" class=\"aligncenter size-full wp-image-52253\" src=\"https:\/\/blog.corretoraideal.com.br\/wp-content\/uploads\/2023\/09\/secretaria-nacional-do-consumidor-debate-ressarcimento-aos-clientes-da-123-milhas.jpeg\" alt=\"Secretaria Nacional do Consumidor debate ressarcimento aos clientes da 123 Milhas\" width=\"800\" height=\"400\" \/>      <\/p>\n<p> Secretaria Nacional do Consumidor debate ressarcimento aos clientes da 123 Milhas <\/p>\n<p> O secret\u00e1rio nacional do consumidor, Wadih Damous, afirmou ap\u00f3s a reuni\u00e3o que todos os pacotes comercializados pela empresa antes do pedido de recupera\u00e7\u00e3o judicial ter\u00e3o um plano de ressarcimento. <\/p>\n<p> &quot;Como \u00e9 que vai ser? Vai ser com voucher, vai ser com dinheiro? Que crit\u00e9rios v\u00e3o ser usados? Crit\u00e9rios cronol\u00f3gicos, crit\u00e9rios de urg\u00eancia da viagem? Por exemplo, se algu\u00e9m comprou uma passagem porque tem que se submeter a uma cirurgia numa outra cidade, eles garantiram que isso a\u00ed vai ter um atendimento imediato. Isto vai ser organizado na base de um acordo que eles v\u00e3o tratar conosco e com a justi\u00e7a&quot;, disse Damous. <\/p>\n<p> Os s\u00f3cios da empresa afirmaram que os problemas nos pacotes de viagens ocorreram por quest\u00f5es de cr\u00e9dito, com banco, a alto pre\u00e7o das passagens, entre outros. <\/p>\n<p> <strong>Leia tamb\u00e9m:<\/strong> <\/p>\n<ul>\n<li><a class href=\"https:\/\/g1.globo.com\/economia\/noticia\/2023\/08\/29\/123-milhas-entra-com-pedido-de-recuperacao-judicial.ghtml\">Entenda por que a 123 Milhas pediu recupera\u00e7\u00e3o judicial<\/a><\/li>\n<li><a class href=\"https:\/\/g1.globo.com\/sc\/santa-catarina\/noticia\/2023\/08\/22\/123-milhas-entra-na-mira-do-ministerio-publico-de-sc-apos-suspensao-de-pacotes-e-passagens.ghtml\">123 Milhas entra na mira do MP de SC ap\u00f3s suspens\u00e3o de pacotes e passagens<\/a><\/li>\n<li><a class href=\"https:\/\/g1.globo.com\/economia\/noticia\/2023\/08\/29\/como-ficam-os-clientes-apos-a-123-milhas-pedir-recuperacao-judicial.ghtml\">Como ficam os clientes ap\u00f3s a 123 Milhas pedir recupera\u00e7\u00e3o judicial?<\/a><\/li>\n<\/ul>\n<p> Na reuni\u00e3o, os donos da empresa explicaram que precisam continuar em opera\u00e7\u00e3o para n\u00e3o quebrarem. <\/p>\n<p> &quot;Se e a empresa for a fal\u00eancia, a\u00ed perde todo mundo. Perdem eles, perdem os consumidores , perde todo mundo. Ent\u00e3o, eles enfatizaram \u00e9 que pra esses contratos p\u00f3s pedidos de recupera\u00e7\u00e3o judicial que n\u00e3o envolvem esses pacotes flex\u00edveis, que esses s\u00e3o os complicados, isso a\u00ed n\u00e3o haver\u00e1 problema&quot;, afirmou Damous. <\/p>\n<p> Segundo a Senacon, uma nova reuni\u00e3o foi marcada para o dia 14 de setembro e a empresa se comprometeu a apresentar informa\u00e7\u00f5es sobre o n\u00famero de consumidores prejudicados e o plano de ressarcimento. <\/p>\n<p> Representante do Minist\u00e9rio P\u00fablico Federal tamb\u00e9m acompanhou a reuni\u00e3o. <\/p>\n<p> Damous afirmou tamb\u00e9m que a Senacon est\u00e1 notificando todas as empresas que tem esse tipo de neg\u00f3cio com a inten\u00e7\u00e3o de preven\u00e7\u00e3o, para que expliquem sua opera\u00e7\u00f5es e digam se est\u00e3o em condi\u00e7\u00f5es de cumprir com seus contratos. <\/p>\n<ul> <\/ul>\n","protected":false},"excerpt":{"rendered":"<p>Empresa cancelou pacotes da linha promocional e entrou com pedido de recupera\u00e7\u00e3o judicial Wadih Damous, secret\u00e1rio nacional do consumidor, afirmou que quem teve pacotes cancelados ser\u00e1 ressarcido 123 Milhas teve pedido de recupera\u00e7\u00e3o judicial aceito pela Justi\u00e7a Empresa cancelou pacotes da linha promocional e entrou com pedido de recupera\u00e7\u00e3o judicial Wadih Damous, secret\u00e1rio nacional do [&hellip;]<\/p>\n","protected":false},"author":1,"featured_media":0,"comment_status":"closed","ping_status":"closed","sticky":false,"template":"","format":"standard","meta":{"footnotes":""},"categories":[],"tags":[],"class_list":["post-52251","post","type-post","status-publish","format-standard","hentry"],"_links":{"self":[{"href":"https:\/\/blog.corretoraideal.com.br\/index.php\/wp-json\/wp\/v2\/posts\/52251","targetHints":{"allow":["GET"]}}],"collection":[{"href":"https:\/\/blog.corretoraideal.com.br\/index.php\/wp-json\/wp\/v2\/posts"}],"about":[{"href":"https:\/\/blog.corretoraideal.com.br\/index.php\/wp-json\/wp\/v2\/types\/post"}],"author":[{"embeddable":true,"href":"https:\/\/blog.corretoraideal.com.br\/index.php\/wp-json\/wp\/v2\/users\/1"}],"replies":[{"embeddable":true,"href":"https:\/\/blog.corretoraideal.com.br\/index.php\/wp-json\/wp\/v2\/comments?post=52251"}],"version-history":[{"count":1,"href":"https:\/\/blog.corretoraideal.com.br\/index.php\/wp-json\/wp\/v2\/posts\/52251\/revisions"}],"predecessor-version":[{"id":52254,"href":"https:\/\/blog.corretoraideal.com.br\/index.php\/wp-json\/wp\/v2\/posts\/52251\/revisions\/52254"}],"wp:attachment":[{"href":"https:\/\/blog.corretoraideal.com.br\/index.php\/wp-json\/wp\/v2\/media?parent=52251"}],"wp:term":[{"taxonomy":"category","embeddable":true,"href":"https:\/\/blog.corretoraideal.com.br\/index.php\/wp-json\/wp\/v2\/categories?post=52251"},{"taxonomy":"post_tag","embeddable":true,"href":"https:\/\/blog.corretoraideal.com.br\/index.php\/wp-json\/wp\/v2\/tags?post=52251"}],"curies":[{"name":"wp","href":"https:\/\/api.w.org\/{rel}","templated":true}]}}