{"id":52255,"date":"2023-09-03T14:30:16","date_gmt":"2023-09-03T14:30:16","guid":{"rendered":"https:\/\/blog.corretoraideal.com.br\/?p=52255"},"modified":"2023-09-03T14:30:16","modified_gmt":"2023-09-03T14:30:16","slug":"governo-precisara-de-r-168-bilhoes-a-mais-em-2024-para-fechar-as-contas-especialistas-veem-otimismo-e-meta-distante-economia-g1","status":"publish","type":"post","link":"https:\/\/blog.corretoraideal.com.br\/index.php\/2023\/09\/03\/governo-precisara-de-r-168-bilhoes-a-mais-em-2024-para-fechar-as-contas-especialistas-veem-otimismo-e-meta-distante-economia-g1\/","title":{"rendered":"Governo precisar\u00e1 de R$ 168 bilh\u00f5es a mais em 2024 para fechar as contas; especialistas veem otimismo e &#039;meta distante&#039; | Economia | G1"},"content":{"rendered":"\n<ul>\n<li>\n<p> Governo trabalha com meta de &#x27;d\u00e9ficit zero&#x27; \u2013 ou seja, n\u00e3o gastar nada a mais do que conseguir arrecadar no ano que vem. <\/p>\n<\/li>\n<li>\n<p> O &#x27;equil\u00edbrio&#x27; previsto, no entanto, depende de uma s\u00e9rie de medidas que ainda tramitam no Congresso. <\/p>\n<\/li>\n<li>\n<p> Ministro da Fazenda, Fernando Haddad j\u00e1 reconheceu que a meta \u00e9 dif\u00edcil mas representa uma &#x27;sinaliza\u00e7\u00e3o&#x27; ao mercado e \u00e0 sociedade. <\/p>\n<\/li>\n<li>\n<p> Medidas ainda pendentes incluem tributa\u00e7\u00e3o de &#x27;offshores&#x27;, de fundos exclusivos e de apostas esportivas. <\/p>\n<\/li>\n<\/ul>\n<p> Governo trabalha com meta de &#x27;d\u00e9ficit zero&#x27; \u2013 ou seja, n\u00e3o gastar nada a mais do que conseguir arrecadar no ano que vem. <\/p>\n<p> O &#x27;equil\u00edbrio&#x27; previsto, no entanto, depende de uma s\u00e9rie de medidas que ainda tramitam no Congresso. <\/p>\n<p> Ministro da Fazenda, Fernando Haddad j\u00e1 reconheceu que a meta \u00e9 dif\u00edcil mas representa uma &#x27;sinaliza\u00e7\u00e3o&#x27; ao mercado e \u00e0 sociedade. <\/p>\n<p> Medidas ainda pendentes incluem tributa\u00e7\u00e3o de &#x27;offshores&#x27;, de fundos exclusivos e de apostas esportivas. <\/p>\n<p> A equipe econ\u00f4mica do governo Luiz In\u00e1cio <a class href=\"https:\/\/g1.globo.com\/politica\/politico\/lula\/\">Lula<\/a> da Silva (PT) conta com um aumento significativo da arrecada\u00e7\u00e3o de impostos em 2024 para atingir a<a class href=\"https:\/\/g1.globo.com\/economia\/noticia\/2023\/08\/31\/orcamento-governo-propoe-deficit-zero-em-suas-contas-em-2024.ghtml\"> meta de &quot;d\u00e9ficit zero&quot; nas contas do governo<\/a>, inclu\u00edda na proposta do Or\u00e7amento do pr\u00f3ximo ano. <\/p>\n<p> Especialistas ouvidos pelo <a class href=\"http:\/\/g1.globo.com\">g1<\/a>, no entanto, apontam que as medidas s\u00e3o &quot;incertas&quot; e que existe &quot;vi\u00e9s de otimismo&quot; na proposta de Or\u00e7amento. <\/p>\n<p> O projeto de lei com a previs\u00e3o de despesas e receitas para o pr\u00f3ximo ano foi enviado pelo governo federal ao Congresso Nacional na \u00faltima quinta-feira (31). <\/p>\n<p> O texto prev\u00ea um equil\u00edbrio nas contas p\u00fablicas em 2024 \u2013 ou seja, sem resultado negativo nem positivo no pr\u00f3ximo ano. <\/p>\n<p> Para gastar exatamente o quanto pretende arrecadar, no entanto, <a class href=\"https:\/\/g1.globo.com\/politica\/noticia\/2023\/08\/30\/governo-precisa-de-r-168-bilhoes-em-receitas-para-zerar-deficit-em-2024-diz-tebet.ghtml\">o governo precisar\u00e1 aumentar as receitas em R$ 168 bilh\u00f5es<\/a>. <\/p>\n<ul>\n<li><strong>Sal\u00e1rio m\u00ednimo, tabela do IR, Bolsa Fam\u00edlia e medidas de arrecada\u00e7\u00e3o: <\/strong><a class href=\"https:\/\/g1.globo.com\/economia\/noticia\/2023\/09\/02\/salario-minimo-tabela-do-ir-bolsa-familia-e-medidas-de-arrecadacao-veja-destaques-da-proposta-de-orcamento-para-2024.ghtml\">veja destaques da proposta de Or\u00e7amento para 2024<\/a><\/li>\n<\/ul>\n<p>                   <img loading=\"lazy\" decoding=\"async\" class=\"aligncenter size-full wp-image-52257\" src=\"https:\/\/blog.corretoraideal.com.br\/wp-content\/uploads\/2023\/09\/governo-envia-ao-congresso-orcamento-de-2024.jpeg\" alt=\"Governo envia ao Congresso or\u00e7amento de 2024\" width=\"800\" height=\"400\" \/>      <\/p>\n<p> Governo envia ao Congresso or\u00e7amento de 2024 <\/p>\n<p> A proposta de or\u00e7amento j\u00e1 trouxe as medidas apontadas pelo governo para impulsionar a arrecada\u00e7\u00e3o (<strong>veja abaixo a lista completa<\/strong>), mas parte ainda precisa ser votada por deputados e senadores. <\/p>\n<p> \u00c9 o caso, por exemplo, da tributa\u00e7\u00e3o de &quot;offshores&quot; no exterior e de fundos exclusivos, e do fim da dedu\u00e7\u00e3o dos juros sobre capital pr\u00f3prio. As tr\u00eas a\u00e7\u00f5es juntas podem render at\u00e9 R$ 31 bilh\u00f5es, segundo estimativas da equipe econ\u00f4mica. <\/p>\n<p> Para a diretora da Institui\u00e7\u00e3o Fiscal Independente, Vilma Pinto, se por um lado a meta de zerar o d\u00e9ficit em 2024 sinaliza o compromisso do governo com a disciplina fiscal, por outro, h\u00e1 incerteza quanto \u00e0 viabilidade da pr\u00f3pria meta. <\/p>\n<p> Isso porque, segundo a especialista, a depend\u00eancia de medidas que ainda est\u00e3o tramitando no Congresso pode frustrar a expectativa de arrecada\u00e7\u00e3o para 2024. <\/p>\n<p>\u201cO que me preocupa nesse projeto de Or\u00e7amento que foi apresentado para o ano que vem \u00e9 que boa parte das receitas que est\u00e3o ali colocadas na pe\u00e7a or\u00e7ament\u00e1ria s\u00e3o receitas ainda incertas\u201d, afirmou Vilma.<\/p>\n<p> O ministro da Fazenda, <a class href=\"https:\/\/g1.globo.com\/politica\/politico\/fernando-haddad\/\">Fernando Haddad<\/a>, <a class href=\"https:\/\/g1.globo.com\/economia\/noticia\/2023\/08\/31\/haddad-admite-dificuldade-em-aumentar-receitas-para-zerar-deficit-fiscal-em-2024.ghtml\">j\u00e1 reconheceu que ser\u00e1 dif\u00edcil aumentar a arrecada\u00e7\u00e3o no valor necess\u00e1rio<\/a> para zerar o d\u00e9ficit nas contas do governo no pr\u00f3ximo ano. <\/p>\n<p>&quot;N\u00e3o estamos negando o desafio, n\u00e3o estamos negando a dificuldade. Estamos reafirmando o compromisso da \u00e1rea econ\u00f4mica em obter o melhor resultado poss\u00edvel, levando em considera\u00e7\u00e3o a opini\u00e3o do Congresso Nacional\u201d, disse Haddad na \u00faltima quinta. <\/p>\n<p><h2>Despesas &#x27;subestimadas&#x27;<\/h2>\n<\/p>\n<p> Na avalia\u00e7\u00e3o de Marcos Mendes, pesquisador associado do Insper, h\u00e1 um \u201cvi\u00e9s de otimismo\u201d nas estimativas de receitas, mas tamb\u00e9m nas proje\u00e7\u00f5es de despesas que est\u00e3o na proposta de Or\u00e7amento para 2024. <\/p>\n<p> Para o pesquisador, existem despesas subestimadas \u2013 por exemplo os gastos com benef\u00edcios previdenci\u00e1rios. <\/p>\n<p> Ou seja: Mendes calcula que o valor reservado pelo governo federal para esses pagamentos no ano que vem ser\u00e1 insuficiente. <\/p>\n<p> A proposta de Or\u00e7amento prev\u00ea cerca de R$ 914 bilh\u00f5es para despesas previdenci\u00e1rias. Na estimativa do especialista, seriam necess\u00e1rios ao menos mais R$ 16 bilh\u00f5es para essa categoria, considerando o impacto do reajuste do sal\u00e1rio m\u00ednimo no valor dos benef\u00edcios e a fila de pedidos que est\u00e3o represados. <\/p>\n<p> Como parte dos benef\u00edcios previdenci\u00e1rios equivalem ao sal\u00e1rio m\u00ednimo, eventuais reajustes no sal\u00e1rio m\u00ednimo impactam no valor dos benef\u00edcios previdenci\u00e1rios. <\/p>\n<p> O projeto de lei enviado ao Congresso prev\u00ea que o sal\u00e1rio m\u00ednimo suba para R$ 1.421 em 2024, aumento de R$ 101 em rela\u00e7\u00e3o ao patamar atual, que \u00e9 de R$ 1.320. <\/p>\n<p>                   <img loading=\"lazy\" decoding=\"async\" class=\"aligncenter size-full wp-image-52258\" src=\"https:\/\/blog.corretoraideal.com.br\/wp-content\/uploads\/2023\/09\/orcamento-integracao-e-cidades-perdem-recursos-educacao-e-transportes-sao-turbinados.jpeg\" alt=\"Or\u00e7amento: Integra\u00e7\u00e3o e Cidades perdem recursos, Educa\u00e7\u00e3o e Transportes s\u00e3o turbinados\" width=\"800\" height=\"400\" \/>      <\/p>\n<p> Or\u00e7amento: Integra\u00e7\u00e3o e Cidades perdem recursos, Educa\u00e7\u00e3o e Transportes s\u00e3o turbinados <\/p>\n<p><h2>Medidas para aumentar a arrecada\u00e7\u00e3o<\/h2>\n<\/p>\n<p> <strong>Veja medidas propostas pelo governo na proposta de Or\u00e7amento para aumentar a arrecada\u00e7\u00e3o em at\u00e9 R$ 168 bilh\u00f5es em 2024:<\/strong> <\/p>\n<p> \u25b6\ufe0f Volta do voto de qualidade no Carf, \u00f3rg\u00e3o colegiado respons\u00e1vel pelo julgamento de recursos de empresas multadas pela Receita Federal. <strong>Expectativa de arrecada\u00e7\u00e3o:<\/strong> R$ 54,7 bilh\u00f5es <\/p>\n<p> \u25b6\ufe0f Realiza\u00e7\u00e3o de transa\u00e7\u00f5es da Receita Federal e da Procuradoria-Geral da Fazenda Nacional (PGFN) com os contribuintes que possuem d\u00e9bitos. <strong>Expectativa de arrecada\u00e7\u00e3o: <\/strong>R$ 43,3 bilh\u00f5es <\/p>\n<p> <strong>\u25b6\ufe0f <\/strong>Incentivos fiscais de ICMS na base de c\u00e1lculo de impostos federais (IRPJ e CSLL). <strong>Expectativa de arrecada\u00e7\u00e3o:<\/strong> R$ 35,3 bilh\u00f5es <\/p>\n<p> \u25b6\ufe0f Fim da dedutibilidade dos juros sobre capital pr\u00f3prio, que consiste em uma forma de distribui\u00e7\u00e3o dos lucros de uma empresa de capital aberto (que tem a\u00e7\u00f5es na bolsa) aos seus acionistas. <strong>Expectativa de arrecada\u00e7\u00e3o: <\/strong>R$ 10,5 bilh\u00f5es <\/p>\n<p> \u25b6\ufe0f Tributa\u00e7\u00e3o de &quot;offshores&quot;, ativos financeiros no exterior.<strong> Expectativa de arrecada\u00e7\u00e3o:<\/strong> R$ 7 bilh\u00f5es <\/p>\n<p> \u25b6\ufe0f Taxa\u00e7\u00e3o dos chamados fundos exclusivos, fundos de investimento fechados, compostos geralmente por um \u00fanico cotista de alta renda. <strong>Expectativa de arrecada\u00e7\u00e3o:<\/strong> R$ 13,3 bilh\u00f5es <\/p>\n<p> \u25b6\ufe0f Taxa\u00e7\u00e3o do mercado de apostas eletr\u00f4nicas em jogos esportivos. <strong>Expectativa de arrecada\u00e7\u00e3o:<\/strong> R$ 700 milh\u00f5es <\/p>\n<ul>\n<li> <a href=\"https:\/\/g1.globo.com\/politica\/politico\/fernando-haddad\/\" class=\"entities__list-itemLink\" data-track-click=\"Fernando Haddad\"> Fernando Haddad <\/a> <\/li>\n<li> <a href=\"https:\/\/g1.globo.com\/politica\/politico\/lula\/\" class=\"entities__list-itemLink\" data-track-click=\"Lula\"> Lula <\/a> <\/li>\n<li> <a href=\"https:\/\/g1.globo.com\/politica\/politico\/simone-tebet\/\" class=\"entities__list-itemLink\" data-track-click=\"Simone Tebet\"> Simone Tebet <\/a> <\/li>\n<\/ul>\n","protected":false},"excerpt":{"rendered":"<p>Governo trabalha com meta de &#x27;d\u00e9ficit zero&#x27; \u2013 ou seja, n\u00e3o gastar nada a mais do que conseguir arrecadar no ano que vem. O &#x27;equil\u00edbrio&#x27; previsto, no entanto, depende de uma s\u00e9rie de medidas que ainda tramitam no Congresso. Ministro da Fazenda, Fernando Haddad j\u00e1 reconheceu que a meta \u00e9 dif\u00edcil mas representa uma &#x27;sinaliza\u00e7\u00e3o&#x27; [&hellip;]<\/p>\n","protected":false},"author":1,"featured_media":0,"comment_status":"closed","ping_status":"closed","sticky":false,"template":"","format":"standard","meta":{"footnotes":""},"categories":[],"tags":[],"class_list":["post-52255","post","type-post","status-publish","format-standard","hentry"],"_links":{"self":[{"href":"https:\/\/blog.corretoraideal.com.br\/index.php\/wp-json\/wp\/v2\/posts\/52255","targetHints":{"allow":["GET"]}}],"collection":[{"href":"https:\/\/blog.corretoraideal.com.br\/index.php\/wp-json\/wp\/v2\/posts"}],"about":[{"href":"https:\/\/blog.corretoraideal.com.br\/index.php\/wp-json\/wp\/v2\/types\/post"}],"author":[{"embeddable":true,"href":"https:\/\/blog.corretoraideal.com.br\/index.php\/wp-json\/wp\/v2\/users\/1"}],"replies":[{"embeddable":true,"href":"https:\/\/blog.corretoraideal.com.br\/index.php\/wp-json\/wp\/v2\/comments?post=52255"}],"version-history":[{"count":1,"href":"https:\/\/blog.corretoraideal.com.br\/index.php\/wp-json\/wp\/v2\/posts\/52255\/revisions"}],"predecessor-version":[{"id":52259,"href":"https:\/\/blog.corretoraideal.com.br\/index.php\/wp-json\/wp\/v2\/posts\/52255\/revisions\/52259"}],"wp:attachment":[{"href":"https:\/\/blog.corretoraideal.com.br\/index.php\/wp-json\/wp\/v2\/media?parent=52255"}],"wp:term":[{"taxonomy":"category","embeddable":true,"href":"https:\/\/blog.corretoraideal.com.br\/index.php\/wp-json\/wp\/v2\/categories?post=52255"},{"taxonomy":"post_tag","embeddable":true,"href":"https:\/\/blog.corretoraideal.com.br\/index.php\/wp-json\/wp\/v2\/tags?post=52255"}],"curies":[{"name":"wp","href":"https:\/\/api.w.org\/{rel}","templated":true}]}}