{"id":52260,"date":"2023-09-03T17:29:40","date_gmt":"2023-09-03T17:29:40","guid":{"rendered":"https:\/\/blog.corretoraideal.com.br\/?p=52260"},"modified":"2023-09-03T17:29:40","modified_gmt":"2023-09-03T17:29:40","slug":"desmatamento-ilegal-seguido-de-queimada-e-flagrado-em-area-de-preservacao-permanente-em-porciuncula-norte-fluminense-g1","status":"publish","type":"post","link":"https:\/\/blog.corretoraideal.com.br\/index.php\/2023\/09\/03\/desmatamento-ilegal-seguido-de-queimada-e-flagrado-em-area-de-preservacao-permanente-em-porciuncula-norte-fluminense-g1\/","title":{"rendered":"Desmatamento ilegal seguido de queimada \u00e9 flagrado em \u00e1rea de preserva\u00e7\u00e3o permanente em Porci\u00fancula | Norte Fluminense | G1"},"content":{"rendered":"\n<p> Um caso de desmatamento ilegal de vegeta\u00e7\u00e3o com caracter\u00edsticas de nativa, seguida de queimada, foi registrada no bairro Jo\u00e3o Braz, em <a class href=\"https:\/\/g1.globo.com\/rj\/norte-fluminense\/cidade\/porciuncula\/\">Porci\u00fancula<\/a>, no Noroeste Fluminense. A \u00c1rea de Preserva\u00e7\u00e3o Permanente (APP) teria aproximadamente 2 mil m2. <\/p>\n<p>         1 de 1&#013;Local tem aproximadamente 2000m\u00b2. \u2014 Foto: Pol\u00edcia Militar Ambiental    <\/p>\n<p> Local tem aproximadamente 2000m\u00b2. \u2014 Foto: Pol\u00edcia Militar Ambiental <\/p>\n<p> Policiais militares da 3\u00aa UPAm (Unidade de Pol\u00edcia Ambiental) identificaram os dois crimes durante patrulhamento na \u00faltima sexta-feira (1\u00ba), na RJ-220. <\/p>\n<p> &quot;As \u00e1rvores estavam em est\u00e1gio inicial de regenera\u00e7\u00e3o natural e em \u00e1rea considerada de preserva\u00e7\u00e3o permanente (APP) por estarem a menos de 30 metros de um curso d&#x27;\u00e1gua. N\u00e3o foi poss\u00edvel localizar o propriet\u00e1rio&quot;, explicou o comandante da 3\u00aa UPA, tenente Diego Marinho. <\/p>\n<p> O auto de constata\u00e7\u00e3o dos crimes foram registrados na 139\u00aa Delegacia de Pol\u00edcia de Porci\u00fancula para investiga\u00e7\u00e3o. O local vai passar por per\u00edcia para a identifica\u00e7\u00e3o das esp\u00e9cies. <\/p>\n<p> A Pol\u00edcia Militar Ambiental destaca que h\u00e1 algumas \u00e1rvores, como o eucalipto ou \u00e1rvores que vieram de outros lugares, e que n\u00e3o s\u00e3o nativas do Brasil e que podem ser cortadas mediante autoriza\u00e7\u00e3o, que \u00e9 o corte selecionado, mas este n\u00e3o era o caso verificado na ocorr\u00eancia. <\/p>\n<p> &quot;A queimada n\u00e3o \u00e9 somente um crime ambiental. \u00c9 um crime federal que consta no artigo 250 do C\u00f3digo Penal. \u00c9 um ato que algumas pessoas cometem de forma errada, ilegal, ent\u00e3o fica o alerta porque n\u00e3o se trata s\u00f3 de quest\u00e3o ambiental&quot;, destaca tenente Marinho. <\/p>\n<p> Para den\u00fancias an\u00f4nimas, o Linha Verde atende pelo 0300 253 1177. O anonimato \u00e9 garantido. O sigilo \u00e9 absoluto. <\/p>\n<ul>\n<li> <a href=\"https:\/\/g1.globo.com\/rj\/norte-fluminense\/cidade\/porciuncula\/\" class=\"entities__list-itemLink\" data-track-click=\"Porci\u00fancula\"> Porci\u00fancula <\/a> <\/li>\n<\/ul>\n","protected":false},"excerpt":{"rendered":"<p>Um caso de desmatamento ilegal de vegeta\u00e7\u00e3o com caracter\u00edsticas de nativa, seguida de queimada, foi registrada no bairro Jo\u00e3o Braz, em Porci\u00fancula, no Noroeste Fluminense. A \u00c1rea de Preserva\u00e7\u00e3o Permanente (APP) teria aproximadamente 2 mil m2. 1 de 1&#013;Local tem aproximadamente 2000m\u00b2. \u2014 Foto: Pol\u00edcia Militar Ambiental Local tem aproximadamente 2000m\u00b2. \u2014 Foto: Pol\u00edcia Militar [&hellip;]<\/p>\n","protected":false},"author":1,"featured_media":0,"comment_status":"closed","ping_status":"closed","sticky":false,"template":"","format":"standard","meta":{"footnotes":""},"categories":[],"tags":[],"class_list":["post-52260","post","type-post","status-publish","format-standard","hentry"],"_links":{"self":[{"href":"https:\/\/blog.corretoraideal.com.br\/index.php\/wp-json\/wp\/v2\/posts\/52260","targetHints":{"allow":["GET"]}}],"collection":[{"href":"https:\/\/blog.corretoraideal.com.br\/index.php\/wp-json\/wp\/v2\/posts"}],"about":[{"href":"https:\/\/blog.corretoraideal.com.br\/index.php\/wp-json\/wp\/v2\/types\/post"}],"author":[{"embeddable":true,"href":"https:\/\/blog.corretoraideal.com.br\/index.php\/wp-json\/wp\/v2\/users\/1"}],"replies":[{"embeddable":true,"href":"https:\/\/blog.corretoraideal.com.br\/index.php\/wp-json\/wp\/v2\/comments?post=52260"}],"version-history":[{"count":1,"href":"https:\/\/blog.corretoraideal.com.br\/index.php\/wp-json\/wp\/v2\/posts\/52260\/revisions"}],"predecessor-version":[{"id":52262,"href":"https:\/\/blog.corretoraideal.com.br\/index.php\/wp-json\/wp\/v2\/posts\/52260\/revisions\/52262"}],"wp:attachment":[{"href":"https:\/\/blog.corretoraideal.com.br\/index.php\/wp-json\/wp\/v2\/media?parent=52260"}],"wp:term":[{"taxonomy":"category","embeddable":true,"href":"https:\/\/blog.corretoraideal.com.br\/index.php\/wp-json\/wp\/v2\/categories?post=52260"},{"taxonomy":"post_tag","embeddable":true,"href":"https:\/\/blog.corretoraideal.com.br\/index.php\/wp-json\/wp\/v2\/tags?post=52260"}],"curies":[{"name":"wp","href":"https:\/\/api.w.org\/{rel}","templated":true}]}}