{"id":52263,"date":"2023-09-03T19:29:50","date_gmt":"2023-09-03T19:29:50","guid":{"rendered":"https:\/\/blog.corretoraideal.com.br\/?p=52263"},"modified":"2023-09-03T19:29:50","modified_gmt":"2023-09-03T19:29:50","slug":"projeto-reverte-multas-em-incentivo-financeiro-para-criadores-de-abelha-do-sertao-pernambucano-globo-rural-g1","status":"publish","type":"post","link":"https:\/\/blog.corretoraideal.com.br\/index.php\/2023\/09\/03\/projeto-reverte-multas-em-incentivo-financeiro-para-criadores-de-abelha-do-sertao-pernambucano-globo-rural-g1\/","title":{"rendered":"Projeto reverte multas em incentivo financeiro para criadores de abelha do sert\u00e3o pernambucano | Globo Rural | G1"},"content":{"rendered":"\n<p> Depois da temporada de chuva que atingiu o sert\u00e3o pernambucano, as flores coloridas ressurgiram como um verdadeiro banquete para as abelhas. De flor em flor, elas extraem o n\u00e9ctar, que \u00e9 a mat\u00e9ria-prima do mel. <\/p>\n<p> O cen\u00e1rio \u00e9 positivo para os apicultores que vivem nas cidades de <a class href=\"https:\/\/g1.globo.com\/pe\/pernambuco\/cidade\/cha-grande\/\">Ch\u00e3 Grande<\/a>, <a class href=\"https:\/\/g1.globo.com\/pe\/caruaru-regiao\/cidade\/arcoverde\/\">Arcoverde<\/a>, <a class href=\"https:\/\/g1.globo.com\/pe\/caruaru-regiao\/cidade\/serra-talhada\/\">Serra Talhada<\/a> e <a class href=\"https:\/\/g1.globo.com\/pe\/caruaru-regiao\/cidade\/ibimirim\/\">Ibimirim (PE)<\/a>. Afinal, \u00e9 com a produ\u00e7\u00e3o de mel que eles garantem o &quot;p\u00e3o de cada dia&quot;. <\/p>\n<p> Um dos pioneiros na cria\u00e7\u00e3o de abelhas \u00e9 o padre Adilson, que h\u00e1 mais de 10 anos vive na regi\u00e3o. Foi com a ajuda dele que dezenas de fam\u00edlias receberam um incentivo financeiro para investir em atividades ap\u00edcolas. <\/p>\n<p> Adilson desenvolveu um projeto que<strong> <\/strong>repassa parte dos valores obtidos de multas trabalhistas &#8211; no estado de Pernambuco &#8211; para trabalhadores rurais, com a inten\u00e7\u00e3o de estimular as culturas regionais. <\/p>\n<p> A iniciativa ganhou f\u00f4lego h\u00e1 dois anos, quando o Minist\u00e9rio P\u00fablico do Trabalho ofereceu R$ 600 mil para produtores de mel da regi\u00e3o. A manobra foi poss\u00edvel gra\u00e7as \u00e0 Lei de Fundo Estadual do Trabalho, criada em 2019, que garante o uso de valores provenientes de multas e autua\u00e7\u00f5es trabalhistas para fomentar e estimular o empreendedorismo. <\/p>\n<p> Ap\u00f3s a cria\u00e7\u00e3o do projeto, as fam\u00edlias produtoras receberam colmeias, roupas e equipamentos de prote\u00e7\u00e3o. Hoje, cerca de<strong> <\/strong>150 apicultores da regi\u00e3o garantem renda com a produ\u00e7\u00e3o de mel. Por ano, eles exportam mais de 70 toneladas<strong> <\/strong>do produto. <\/p>\n<p> Quem tamb\u00e9m se beneficiou com o projeto foi R\u00e9gis Lira, que cuida de 100 colmeias. Al\u00e9m da produ\u00e7\u00e3o de mel, ele passou a construir e a vender casas para as abelhas. <\/p>\n<p> <strong>Leia tamb\u00e9m:<\/strong> <\/p>\n<ul>\n<li><a class href=\"https:\/\/g1.globo.com\/economia\/agronegocios\/agro-de-gente-pra-gente\/noticia\/2022\/11\/09\/de-onde-vem-o-que-como-mel-comeca-com-o-vomito-das-abelhas-pode-durar-alguns-anos-e-tem-tipos-venenosos.ghtml\">Mel come\u00e7a com o &#x27;v\u00f4mito&#x27; das abelhas, pode durar alguns anos e tem tipos venenosos<\/a><\/li>\n<\/ul>\n<p><h2>Mercado internacional?<\/h2>\n<\/p>\n<p> Todo o mel extra\u00eddo pelos produtores da regi\u00e3o \u00e9 levado para a &quot;casa do mel&quot;, local administrado pela Associa\u00e7\u00e3o dos Apicultores de Arcoverde e Regi\u00e3o, onde \u00e9 feito o processamento e a rastreabilidade do produto. <\/p>\n<p> Por conta das condi\u00e7\u00f5es clim\u00e1ticas \u00fanicas, h\u00e1 quem diga que o sabor do mel produzido na Caatinga \u00e9 diferente. <\/p>\n<p> Segundo o bi\u00f3logo Jaques da Silva, a regi\u00e3o \u00e9 tomada por abelhas da esp\u00e9cie Apis Mellifera &#8211; comumente chamadas de &quot;Africanizadas&quot; &#8211; que s\u00e3o um cruzamento de variedades da Europa e da \u00c1frica. <\/p>\n<p><h2>Meio ambiente ?<\/h2>\n<\/p>\n<p> A apicultura \u00e9 uma atividade que vai al\u00e9m da produ\u00e7\u00e3o de mel. Para manter a cria\u00e7\u00e3o de abelhas \u00e9 preciso preservar e reflorestar a Caatinga. <\/p>\n<p> Pensando na luta pela preserva\u00e7\u00e3o do Bioma, os apicultores da regi\u00e3o tamb\u00e9m passaram a produzir mudas de esp\u00e9cies nativas. Celso Souza \u00e9 um dos exemplos. Al\u00e9m da atividade ap\u00edcola, ele j\u00e1 plantou mais de 30 mil mudas. <\/p>\n<p> <strong>Confira a reportagem completa no V\u00cdDEO ACIMA.<\/strong> <\/p>\n<p><h2>Veja os v\u00eddeos mais assistidos do Globo Rural<\/h2>\n<\/p>\n<p>   <a href=\"https:\/\/g1.globo.com\/economia\/agronegocios\/globo-rural\/playlist\/videos-globo-rural.ghtml\">    50 v\u00eddeos      <\/a>                   <img loading=\"lazy\" decoding=\"async\" class=\"aligncenter size-full wp-image-52265\" src=\"https:\/\/blog.corretoraideal.com.br\/wp-content\/uploads\/2023\/09\/de-onde-vem-o-que-eu-como-mel.jpeg\" alt=\"De onde vem o que eu como: Mel\" width=\"800\" height=\"400\" \/>      <\/p>\n<p> De onde vem o que eu como: Mel <\/p>\n<ul>\n<li> <a href=\"https:\/\/g1.globo.com\/pe\/caruaru-regiao\/cidade\/arcoverde\/\" class=\"entities__list-itemLink\" data-track-click=\"Arcoverde\"> Arcoverde <\/a> <\/li>\n<li> <a href=\"https:\/\/g1.globo.com\/pe\/pernambuco\/cidade\/cha-grande\/\" class=\"entities__list-itemLink\" data-track-click=\"Ch\u00e3 Grande\"> Ch\u00e3 Grande <\/a> <\/li>\n<li> <a href=\"https:\/\/g1.globo.com\/pe\/caruaru-regiao\/cidade\/ibimirim\/\" class=\"entities__list-itemLink\" data-track-click=\"Ibimirim\"> Ibimirim <\/a> <\/li>\n<li> <a href=\"https:\/\/g1.globo.com\/pe\/caruaru-regiao\/cidade\/serra-talhada\/\" class=\"entities__list-itemLink\" data-track-click=\"Serra Talhada\"> Serra Talhada <\/a> <\/li>\n<\/ul>\n","protected":false},"excerpt":{"rendered":"<p>Depois da temporada de chuva que atingiu o sert\u00e3o pernambucano, as flores coloridas ressurgiram como um verdadeiro banquete para as abelhas. De flor em flor, elas extraem o n\u00e9ctar, que \u00e9 a mat\u00e9ria-prima do mel. O cen\u00e1rio \u00e9 positivo para os apicultores que vivem nas cidades de Ch\u00e3 Grande, Arcoverde, Serra Talhada e Ibimirim (PE). [&hellip;]<\/p>\n","protected":false},"author":1,"featured_media":0,"comment_status":"closed","ping_status":"closed","sticky":false,"template":"","format":"standard","meta":{"footnotes":""},"categories":[],"tags":[],"class_list":["post-52263","post","type-post","status-publish","format-standard","hentry"],"_links":{"self":[{"href":"https:\/\/blog.corretoraideal.com.br\/index.php\/wp-json\/wp\/v2\/posts\/52263","targetHints":{"allow":["GET"]}}],"collection":[{"href":"https:\/\/blog.corretoraideal.com.br\/index.php\/wp-json\/wp\/v2\/posts"}],"about":[{"href":"https:\/\/blog.corretoraideal.com.br\/index.php\/wp-json\/wp\/v2\/types\/post"}],"author":[{"embeddable":true,"href":"https:\/\/blog.corretoraideal.com.br\/index.php\/wp-json\/wp\/v2\/users\/1"}],"replies":[{"embeddable":true,"href":"https:\/\/blog.corretoraideal.com.br\/index.php\/wp-json\/wp\/v2\/comments?post=52263"}],"version-history":[{"count":1,"href":"https:\/\/blog.corretoraideal.com.br\/index.php\/wp-json\/wp\/v2\/posts\/52263\/revisions"}],"predecessor-version":[{"id":52266,"href":"https:\/\/blog.corretoraideal.com.br\/index.php\/wp-json\/wp\/v2\/posts\/52263\/revisions\/52266"}],"wp:attachment":[{"href":"https:\/\/blog.corretoraideal.com.br\/index.php\/wp-json\/wp\/v2\/media?parent=52263"}],"wp:term":[{"taxonomy":"category","embeddable":true,"href":"https:\/\/blog.corretoraideal.com.br\/index.php\/wp-json\/wp\/v2\/categories?post=52263"},{"taxonomy":"post_tag","embeddable":true,"href":"https:\/\/blog.corretoraideal.com.br\/index.php\/wp-json\/wp\/v2\/tags?post=52263"}],"curies":[{"name":"wp","href":"https:\/\/api.w.org\/{rel}","templated":true}]}}