{"id":52268,"date":"2023-09-04T00:29:42","date_gmt":"2023-09-04T00:29:42","guid":{"rendered":"https:\/\/blog.corretoraideal.com.br\/?p=52268"},"modified":"2023-09-04T00:29:42","modified_gmt":"2023-09-04T00:29:42","slug":"pecuaristas-diminuem-impacto-do-pum-e-da-ruminacao-das-vacas-no-meio-ambiente-com-reflorestamento-globo-rural-g1","status":"publish","type":"post","link":"https:\/\/blog.corretoraideal.com.br\/index.php\/2023\/09\/04\/pecuaristas-diminuem-impacto-do-pum-e-da-ruminacao-das-vacas-no-meio-ambiente-com-reflorestamento-globo-rural-g1\/","title":{"rendered":"Pecuaristas diminuem impacto do pum e da rumina\u00e7\u00e3o das vacas no meio ambiente com reflorestamento | Globo Rural | G1"},"content":{"rendered":"\n<p> Em Minas Gerais, um projeto para diminuir a emiss\u00e3o de gases poluentes na produ\u00e7\u00e3o de leite est\u00e1 gerando bons resultados. Al\u00e9m de reduzir o impacto da cria\u00e7\u00e3o no meio ambiente, a ado\u00e7\u00e3o de pr\u00e1ticas mais sustent\u00e1veis ajudou a aumentar a produtividade do rebanho. <\/p>\n<p> Para ingressar no projeto Flora, uma ind\u00fastria de latic\u00ednio convida os pecuaristas que fornecem o leite para formula\u00e7\u00e3o de seus produtos. A proposta \u00e9 realizar o reflorestamento com integra\u00e7\u00e3o pecu\u00e1ria e floresta.  <\/p>\n<p> As \u00e1rvores ajudam a equilibrar as emiss\u00f5es de carbono e metano, por exemplo. Ent\u00e3o, enquanto as vacas emitem metano (que cont\u00eam carbono) atrav\u00e9s da rumina\u00e7\u00e3o e do pum, as \u00e1rvores capturam e estocam esse carbono. <\/p>\n<p> Al\u00e9m do reflorestamento, a iniciativa tamb\u00e9m busca promover a diversidade e o bem-estar animal, destinar corretamente os dejetos e trabalhar com a agricultura regenerativa, que recupera a vida do solo, melhora o aproveitamento da \u00e1gua e, assim, captura o carbono da atmosfera enquanto produz alimento. <\/p>\n<p> As pr\u00e1ticas tamb\u00e9m ajudam a melhorar a renda dos produtores. <\/p>\n<p> <strong>Confira a reportagem completa no V\u00cdDEO ACIMA.<\/strong> <\/p>\n<p><h2>Veja os v\u00eddeos mais assistidos do Globo Rural<\/h2>\n<\/p>\n<p>   <a href=\"https:\/\/g1.globo.com\/economia\/agronegocios\/globo-rural\/videos-globo-rural\/playlist\/videos-mais-assistidos-do-globo-rural.ghtml\">    50 v\u00eddeos      <\/a>   <\/p>\n<ul> <\/ul>\n","protected":false},"excerpt":{"rendered":"<p>Em Minas Gerais, um projeto para diminuir a emiss\u00e3o de gases poluentes na produ\u00e7\u00e3o de leite est\u00e1 gerando bons resultados. Al\u00e9m de reduzir o impacto da cria\u00e7\u00e3o no meio ambiente, a ado\u00e7\u00e3o de pr\u00e1ticas mais sustent\u00e1veis ajudou a aumentar a produtividade do rebanho. Para ingressar no projeto Flora, uma ind\u00fastria de latic\u00ednio convida os pecuaristas [&hellip;]<\/p>\n","protected":false},"author":1,"featured_media":0,"comment_status":"closed","ping_status":"closed","sticky":false,"template":"","format":"standard","meta":{"footnotes":""},"categories":[],"tags":[],"class_list":["post-52268","post","type-post","status-publish","format-standard","hentry"],"_links":{"self":[{"href":"https:\/\/blog.corretoraideal.com.br\/index.php\/wp-json\/wp\/v2\/posts\/52268","targetHints":{"allow":["GET"]}}],"collection":[{"href":"https:\/\/blog.corretoraideal.com.br\/index.php\/wp-json\/wp\/v2\/posts"}],"about":[{"href":"https:\/\/blog.corretoraideal.com.br\/index.php\/wp-json\/wp\/v2\/types\/post"}],"author":[{"embeddable":true,"href":"https:\/\/blog.corretoraideal.com.br\/index.php\/wp-json\/wp\/v2\/users\/1"}],"replies":[{"embeddable":true,"href":"https:\/\/blog.corretoraideal.com.br\/index.php\/wp-json\/wp\/v2\/comments?post=52268"}],"version-history":[{"count":1,"href":"https:\/\/blog.corretoraideal.com.br\/index.php\/wp-json\/wp\/v2\/posts\/52268\/revisions"}],"predecessor-version":[{"id":52270,"href":"https:\/\/blog.corretoraideal.com.br\/index.php\/wp-json\/wp\/v2\/posts\/52268\/revisions\/52270"}],"wp:attachment":[{"href":"https:\/\/blog.corretoraideal.com.br\/index.php\/wp-json\/wp\/v2\/media?parent=52268"}],"wp:term":[{"taxonomy":"category","embeddable":true,"href":"https:\/\/blog.corretoraideal.com.br\/index.php\/wp-json\/wp\/v2\/categories?post=52268"},{"taxonomy":"post_tag","embeddable":true,"href":"https:\/\/blog.corretoraideal.com.br\/index.php\/wp-json\/wp\/v2\/tags?post=52268"}],"curies":[{"name":"wp","href":"https:\/\/api.w.org\/{rel}","templated":true}]}}