{"id":52271,"date":"2023-09-04T05:29:40","date_gmt":"2023-09-04T05:29:40","guid":{"rendered":"https:\/\/blog.corretoraideal.com.br\/?p=52271"},"modified":"2023-09-04T05:29:40","modified_gmt":"2023-09-04T05:29:40","slug":"produtores-colhem-mirtilo-no-interior-de-sao-paulo-nosso-campo-g1","status":"publish","type":"post","link":"https:\/\/blog.corretoraideal.com.br\/index.php\/2023\/09\/04\/produtores-colhem-mirtilo-no-interior-de-sao-paulo-nosso-campo-g1\/","title":{"rendered":"Produtores colhem mirtilo no interior de S\u00e3o Paulo | Nosso Campo | G1"},"content":{"rendered":"<p>      1 de 1&#013;Produtores colhem mirtilo no interior de S\u00e3o Paulo \u2014 Foto: TV TEM\/Reprodu\u00e7\u00e3o    <\/p>\n<p> Produtores colhem mirtilo no interior de S\u00e3o Paulo \u2014 Foto: TV TEM\/Reprodu\u00e7\u00e3o <\/p>\n<p> O mirtilo, tamb\u00e9m conhecido como blueberry em ingl\u00eas, \u00e9 uma fruta de colora\u00e7\u00e3o azul que tem se destacado no campo verde de <a class href=\"https:\/\/g1.globo.com\/sp\/bauru-marilia\/cidade\/reginopolis\/\">Regin\u00f3polis<\/a>, no centro-oeste paulista. <\/p>\n<p> Embora o cultivo seja comum em lugares de clima frio, como pa\u00edses da Europa, os propriet\u00e1rios de uma fazenda da cidade acreditaram que seria poss\u00edvel produzi-lo em solo brasileiro. <\/p>\n<p> Hoje, \u00e9 poss\u00edvel encontrar por toda parte o mirtilo biloxi, uma variedade que se adapta melhor ao clima quente e seco do interior paulista. Em uma propriedade, s\u00e3o 50 hectares de mirtilo plantados tanto em solo quanto em bolsas preenchidas com palha de arroz e turfa. <\/p>\n<p> Nesta \u00e9poca do ano, as plantas ficam carregadas de frutas e pelo menos 70 pessoas trabalham na colheita diariamente. No ano passado, a fazenda colheu 350 toneladas da fruta. <\/p>\n<p> <strong>Veja a reportagem exibida no programa em 03\/09\/2023:<\/strong> <\/p>\n<p>                   <img loading=\"lazy\" decoding=\"async\" class=\"aligncenter size-full wp-image-52273\" src=\"https:\/\/blog.corretoraideal.com.br\/wp-content\/uploads\/2023\/09\/produtores-colhem-mirtilo-no-interior-de-sao-paulo-1.jpeg\" alt=\"Produtores colhem mirtilo no interior de S\u00e3o Paulo\" width=\"800\" height=\"400\" \/>      <\/p>\n<p> Produtores colhem mirtilo no interior de S\u00e3o Paulo <\/p>\n<p> O que os trabalhadores procuram s\u00e3o os mirtilos de colora\u00e7\u00e3o azul intensa, pois quanto mais azul a fruta, melhor para ser retirada e consumida imediatamente. No entanto, cada fruta tem um sabor \u00fanico, como uma caixinha de surpresas, de acordo com uma das colhedoras. <\/p>\n<p> O que d\u00e1 a colora\u00e7\u00e3o azul ao blueberry \u00e9 a cera ao redor da fruta, chamada de blue em ingl\u00eas. Quando removemos a cera, a fruta revela sua cor preta, semelhante a uma jabuticaba. Por isso, \u00e9 importante colher com cuidado para n\u00e3o remover o azul da fruta. <\/p>\n<p><h2><strong>V\u00cdDEOS: reveja as reportagens do Nosso Campo<\/strong><\/h2>\n<\/p>\n<p>   <a href=\"https:\/\/g1.globo.com\/sp\/sorocaba-jundiai\/nosso-campo\/playlist\/videos-veja-as-reportagens-do-nosso-campo.ghtml\">    50 v\u00eddeos      <\/a>   <\/p>\n<p> <strong>Acesse + <\/strong><a class href=\"https:\/\/redeglobo.globo.com\/sp\/tvtem\/\"><strong>TV TEM<\/strong><\/a><strong> | <\/strong><a class href=\"https:\/\/redeglobo.globo.com\/sp\/tvtem\/sorocaba-e-regiao\/programacao\/?region=sorocaba-e-regiao#20170330527359https:\/\/redeglobo.globo.com\/sp\/tvtem\/sorocaba-e-regiao\/programacao\/?region=sorocaba-e-regiao#20170330527359\"><strong>Programa\u00e7\u00e3o<\/strong><\/a><strong> | <\/strong><a class href=\"https:\/\/redeglobo.globo.com\/sp\/tvtem\/noticia\/videos-acesse-os-catalogos-dos-programas-da-tv-tem.ghtml\"><strong>V\u00eddeos<\/strong><\/a><strong> | <\/strong><a class href=\"https:\/\/redeglobo.globo.com\/sp\/tvtem\/noticia\/pela-web-confira-os-enderecos-oficiais-da-tv-tem-nas-redes-sociais.ghtml\"><strong>Redes sociais<\/strong><\/a> <\/p>\n<ul>\n<li> <a href=\"https:\/\/g1.globo.com\/sp\/bauru-marilia\/cidade\/reginopolis\/\" class=\"entities__list-itemLink\" data-track-click=\"Regin\u00f3polis\"> Regin\u00f3polis <\/a> <\/li>\n<\/ul>\n","protected":false},"excerpt":{"rendered":"<p>1 de 1&#013;Produtores colhem mirtilo no interior de S\u00e3o Paulo \u2014 Foto: TV TEM\/Reprodu\u00e7\u00e3o Produtores colhem mirtilo no interior de S\u00e3o Paulo \u2014 Foto: TV TEM\/Reprodu\u00e7\u00e3o O mirtilo, tamb\u00e9m conhecido como blueberry em ingl\u00eas, \u00e9 uma fruta de colora\u00e7\u00e3o azul que tem se destacado no campo verde de Regin\u00f3polis, no centro-oeste paulista. Embora o cultivo [&hellip;]<\/p>\n","protected":false},"author":1,"featured_media":0,"comment_status":"closed","ping_status":"closed","sticky":false,"template":"","format":"standard","meta":{"footnotes":""},"categories":[],"tags":[],"class_list":["post-52271","post","type-post","status-publish","format-standard","hentry"],"_links":{"self":[{"href":"https:\/\/blog.corretoraideal.com.br\/index.php\/wp-json\/wp\/v2\/posts\/52271","targetHints":{"allow":["GET"]}}],"collection":[{"href":"https:\/\/blog.corretoraideal.com.br\/index.php\/wp-json\/wp\/v2\/posts"}],"about":[{"href":"https:\/\/blog.corretoraideal.com.br\/index.php\/wp-json\/wp\/v2\/types\/post"}],"author":[{"embeddable":true,"href":"https:\/\/blog.corretoraideal.com.br\/index.php\/wp-json\/wp\/v2\/users\/1"}],"replies":[{"embeddable":true,"href":"https:\/\/blog.corretoraideal.com.br\/index.php\/wp-json\/wp\/v2\/comments?post=52271"}],"version-history":[{"count":1,"href":"https:\/\/blog.corretoraideal.com.br\/index.php\/wp-json\/wp\/v2\/posts\/52271\/revisions"}],"predecessor-version":[{"id":52274,"href":"https:\/\/blog.corretoraideal.com.br\/index.php\/wp-json\/wp\/v2\/posts\/52271\/revisions\/52274"}],"wp:attachment":[{"href":"https:\/\/blog.corretoraideal.com.br\/index.php\/wp-json\/wp\/v2\/media?parent=52271"}],"wp:term":[{"taxonomy":"category","embeddable":true,"href":"https:\/\/blog.corretoraideal.com.br\/index.php\/wp-json\/wp\/v2\/categories?post=52271"},{"taxonomy":"post_tag","embeddable":true,"href":"https:\/\/blog.corretoraideal.com.br\/index.php\/wp-json\/wp\/v2\/tags?post=52271"}],"curies":[{"name":"wp","href":"https:\/\/api.w.org\/{rel}","templated":true}]}}