{"id":52275,"date":"2023-09-04T09:30:03","date_gmt":"2023-09-04T09:30:03","guid":{"rendered":"https:\/\/blog.corretoraideal.com.br\/?p=52275"},"modified":"2023-09-04T09:30:03","modified_gmt":"2023-09-04T09:30:03","slug":"depois-de-setembro-2023-ainda-tera-5-feriados-em-dias-de-semana-veja-datas-e-se-programe-trabalho-e-carreira-g1","status":"publish","type":"post","link":"https:\/\/blog.corretoraideal.com.br\/index.php\/2023\/09\/04\/depois-de-setembro-2023-ainda-tera-5-feriados-em-dias-de-semana-veja-datas-e-se-programe-trabalho-e-carreira-g1\/","title":{"rendered":"Depois de setembro, 2023 ainda ter\u00e1 5 feriados em dias de semana; veja datas e se programe | Trabalho e Carreira | G1"},"content":{"rendered":"\n<ul>\n<li>\n<p> At\u00e9 o fim do ano, mais seis feriados nacionais v\u00e3o cair em dias de semana, como a Independ\u00eancia do Brasil em 7\/9. <\/p>\n<\/li>\n<li>\n<p> Em outubro, o Dia das Crian\u00e7as e de Nossa Senhora Aparecida cai em uma quinta-feira. <\/p>\n<\/li>\n<li>\n<p> Novembro traz Finados em uma quinta e Proclama\u00e7\u00e3o da Rep\u00fablica em uma quarta-feira. <\/p>\n<\/li>\n<li>\n<p> Em dezembro, tem Natal em plena segunda-feira! <\/p>\n<\/li>\n<li>\n<p> O n\u00famero de folgas pode ainda aumentar, j\u00e1 que o Dia da Consci\u00eancia Negra em 20\/11 \u00e9 feriado local, dependendo de leis municipais. <\/p>\n<\/li>\n<\/ul>\n<p> At\u00e9 o fim do ano, mais seis feriados nacionais v\u00e3o cair em dias de semana, como a Independ\u00eancia do Brasil em 7\/9. <\/p>\n<p> Em outubro, o Dia das Crian\u00e7as e de Nossa Senhora Aparecida cai em uma quinta-feira. <\/p>\n<p> Novembro traz Finados em uma quinta e Proclama\u00e7\u00e3o da Rep\u00fablica em uma quarta-feira. <\/p>\n<p> Em dezembro, tem Natal em plena segunda-feira! <\/p>\n<p> O n\u00famero de folgas pode ainda aumentar, j\u00e1 que o Dia da Consci\u00eancia Negra em 20\/11 \u00e9 feriado local, dependendo de leis municipais. <\/p>\n<p>         1 de 1&#013;At\u00e9 o fim do ano, 2023 tem mais seis feriados nacionais \u2014 Foto: Eric Rothermel\/ Unsplash    <\/p>\n<p> At\u00e9 o fim do ano, 2023 tem mais seis feriados nacionais \u2014 Foto: Eric Rothermel\/ Unsplash <\/p>\n<p> Setembro chegou e ainda tem feriad\u00f5es para quem tem planos de usar as folgas prolongadas para curtir viagens ou recuperar as energias em finais de semana mais compridos. At\u00e9 o fim do ano, mais <strong>seis feriados nacionais v\u00e3o cair em dias de semana<\/strong> ?. <\/p>\n<p> O primeiro feriado deste segundo semestre \u00e9 o da Independ\u00eancia do Brasil (7\/9). Depois, tem o Dia das Crian\u00e7as e de Nossa Senhora Aparecida (12\/10). Os dois caem em quintas-feiras. <\/p>\n<p> Em novembro, o Dia de Finados (2\/11) tamb\u00e9m cai numa quinta, enquanto a Proclama\u00e7\u00e3o da Rep\u00fablica (15\/11) ser\u00e1 numa quarta-feira. <\/p>\n<p> O Dia da Consci\u00eancia Negra (20\/11), que \u00e9 feriado em algumas cidades do pa\u00eds, cai numa segunda-feira. Em dezembro, o feriado de Natal (25\/12) tamb\u00e9m ser\u00e1 numa segunda. <\/p>\n<p><h2>?\ufe0f Confira os pr\u00f3ximos feriados de 2023:<\/h2>\n<\/p>\n<ul>\n<li><strong>7 de setembro<\/strong> (quinta-feira): Independ\u00eancia do Brasil;<\/li>\n<li><strong>12 de outubro<\/strong> (quinta-feira): Nossa Senhora Aparecida;<\/li>\n<li><strong>2 de novembro<\/strong> (quinta-feira): Finados;<\/li>\n<li><strong>15 de novembro<\/strong> (quarta-feira): Proclama\u00e7\u00e3o da Rep\u00fablica;<\/li>\n<li><strong>20 de novembro<\/strong> (segunda-feira): Dia da Consci\u00eancia Negra (adotado em parte das cidades brasileiras por leis municipais);<\/li>\n<li><strong>25 de dezembro<\/strong> (segunda-feira): Natal.<\/li>\n<\/ul>\n<p>   <a class=\"mid-recirculation__container\" href=\"https:\/\/g1.globo.com\/trabalho-e-carreira\/noticia\/2023\/08\/18\/sabado-e-dia-util-e-pode-ou-nao-ser-trabalhado-entenda-o-que-diz-a-lei.ghtml\"> <img loading=\"lazy\" decoding=\"async\" class=\"aligncenter size-full wp-image-52277\" src=\"https:\/\/blog.corretoraideal.com.br\/wp-content\/uploads\/2023\/09\/sabado-e-dia-util-e-pode-ou-nao-ser-trabalhado-entenda-o-que-diz-a-lei.jpeg\" alt=\"S\u00e1bado \u00e9 dia \u00fatil e pode ou n\u00e3o ser trabalhado: entenda o que diz a lei\" width=\"800\" height=\"400\" \/> <\/p>\n<p>S\u00e1bado \u00e9 dia \u00fatil e pode ou n\u00e3o ser trabalhado: entenda o que diz a lei<\/p>\n<p> <\/a>   <\/p>\n<p><h2>Feriados nacionais e locais<\/h2>\n<\/p>\n<p> Feriados nacionais s\u00e3o aqueles previstos em lei federal e que valem para todo o territ\u00f3rio nacional. Existem ainda os feriados locais, que dependem da cidade ou do estado. <\/p>\n<p> O Dia da Consci\u00eancia Negra, que \u00e9 em 20 de novembro e neste ano cai numa segunda-feira, n\u00e3o \u00e9 considerado feriado nem ponto facultativo nacional, j\u00e1 que depende de lei municipal ou estadual. <\/p>\n<p> J\u00e1 o Dia do Servidor P\u00fablico, que \u00e9 em 28 de outubro, neste ano cai em um s\u00e1bado. A data n\u00e3o \u00e9 feriado nacional, mas estados e munic\u00edpios costumam dar ponto facultativo para funcion\u00e1rios e suspender o atendimento nas reparti\u00e7\u00f5es p\u00fablicas, exceto as que desempenham atividades essenciais. <\/p>\n<p> <strong>LEIA TAMB\u00c9M:<\/strong> <\/p>\n<ul>\n<li><a class href=\"https:\/\/g1.globo.com\/trabalho-e-carreira\/noticia\/2023\/08\/01\/agressao-fisica-no-ambiente-de-trabalho-pode-dar-demissao-por-justa-causa-veja-o-que-diz-a-clt.ghtml\">Agress\u00e3o f\u00edsica no ambiente de trabalho pode dar demiss\u00e3o por justa causa; veja o que diz a CLT<\/a><\/li>\n<li><a class href=\"https:\/\/g1.globo.com\/trabalho-e-carreira\/noticia\/2023\/03\/29\/saiba-como-funciona-o-aviso-previo-para-quem-e-demitido-e-para-quem-pede-demissao.ghtml\">Saiba como funciona o aviso pr\u00e9vio para quem \u00e9 demitido e para quem pede demiss\u00e3o<\/a><\/li>\n<li><a class href=\"https:\/\/g1.globo.com\/trabalho-e-carreira\/noticia\/2023\/05\/29\/licencas-remuneradas-e-nao-remuneradas-do-trabalho-veja-quais-sao-e-entenda-regras.ghtml\">Licen\u00e7as remuneradas e n\u00e3o remuneradas do trabalho: veja quais s\u00e3o e entenda regras<\/a><\/li>\n<\/ul>\n<p><h2>Saiba mais sobre os feriados deste ano:<\/h2>\n<\/p>\n<p>                   <img loading=\"lazy\" decoding=\"async\" class=\"aligncenter size-full wp-image-52278\" src=\"https:\/\/blog.corretoraideal.com.br\/wp-content\/uploads\/2023\/09\/2023-recheado-de-feriados-prolongados.jpeg\" alt=\"2023 recheado de feriados prolongados\" width=\"800\" height=\"400\" \/>      <\/p>\n<p> 2023 recheado de feriados prolongados <\/p>\n<ul> <\/ul>\n","protected":false},"excerpt":{"rendered":"<p>At\u00e9 o fim do ano, mais seis feriados nacionais v\u00e3o cair em dias de semana, como a Independ\u00eancia do Brasil em 7\/9. Em outubro, o Dia das Crian\u00e7as e de Nossa Senhora Aparecida cai em uma quinta-feira. Novembro traz Finados em uma quinta e Proclama\u00e7\u00e3o da Rep\u00fablica em uma quarta-feira. Em dezembro, tem Natal em [&hellip;]<\/p>\n","protected":false},"author":1,"featured_media":0,"comment_status":"closed","ping_status":"closed","sticky":false,"template":"","format":"standard","meta":{"footnotes":""},"categories":[],"tags":[],"class_list":["post-52275","post","type-post","status-publish","format-standard","hentry"],"_links":{"self":[{"href":"https:\/\/blog.corretoraideal.com.br\/index.php\/wp-json\/wp\/v2\/posts\/52275","targetHints":{"allow":["GET"]}}],"collection":[{"href":"https:\/\/blog.corretoraideal.com.br\/index.php\/wp-json\/wp\/v2\/posts"}],"about":[{"href":"https:\/\/blog.corretoraideal.com.br\/index.php\/wp-json\/wp\/v2\/types\/post"}],"author":[{"embeddable":true,"href":"https:\/\/blog.corretoraideal.com.br\/index.php\/wp-json\/wp\/v2\/users\/1"}],"replies":[{"embeddable":true,"href":"https:\/\/blog.corretoraideal.com.br\/index.php\/wp-json\/wp\/v2\/comments?post=52275"}],"version-history":[{"count":1,"href":"https:\/\/blog.corretoraideal.com.br\/index.php\/wp-json\/wp\/v2\/posts\/52275\/revisions"}],"predecessor-version":[{"id":52279,"href":"https:\/\/blog.corretoraideal.com.br\/index.php\/wp-json\/wp\/v2\/posts\/52275\/revisions\/52279"}],"wp:attachment":[{"href":"https:\/\/blog.corretoraideal.com.br\/index.php\/wp-json\/wp\/v2\/media?parent=52275"}],"wp:term":[{"taxonomy":"category","embeddable":true,"href":"https:\/\/blog.corretoraideal.com.br\/index.php\/wp-json\/wp\/v2\/categories?post=52275"},{"taxonomy":"post_tag","embeddable":true,"href":"https:\/\/blog.corretoraideal.com.br\/index.php\/wp-json\/wp\/v2\/tags?post=52275"}],"curies":[{"name":"wp","href":"https:\/\/api.w.org\/{rel}","templated":true}]}}