{"id":52287,"date":"2023-09-04T15:29:35","date_gmt":"2023-09-04T15:29:35","guid":{"rendered":"https:\/\/blog.corretoraideal.com.br\/?p=52287"},"modified":"2023-09-04T15:29:35","modified_gmt":"2023-09-04T15:29:35","slug":"eletrobras-suspende-353-demissoes-apos-determinacao-do-tribunal-superior-do-trabalho-economia-g1","status":"publish","type":"post","link":"https:\/\/blog.corretoraideal.com.br\/index.php\/2023\/09\/04\/eletrobras-suspende-353-demissoes-apos-determinacao-do-tribunal-superior-do-trabalho-economia-g1\/","title":{"rendered":"Eletrobras suspende 353 demiss\u00f5es ap\u00f3s determina\u00e7\u00e3o do Tribunal Superior do Trabalho | Economia | G1"},"content":{"rendered":"\n<p> A <a class href=\"https:\/\/g1.globo.com\/tudo-sobre\/eletrobras\/\">Eletrobras<\/a> informou nesta segunda-feira (4) que suspendeu 353 demiss\u00f5es depois de o <a class href=\"https:\/\/g1.globo.com\/tudo-sobre\/tst\/\">Tribunal Superior do Trabalho<\/a> (TST) determinar a interrup\u00e7\u00e3o do Plano de Demiss\u00e3o Volunt\u00e1ria (PDV) da empresa. <\/p>\n<p> Na \u00faltima sexta-feira (1\u00ba), o ministro Alexandre Agra Belmonte, do TST, decidiu pela suspens\u00e3o, por 15 dias, <a class href=\"https:\/\/g1.globo.com\/economia\/noticia\/2023\/09\/01\/tst-suspende-plano-de-demissao-voluntaria-da-eletrobras-por-15-dias.ghtml\">dos prazos do PDV e de todas as demiss\u00f5es que n\u00e3o foram homologadas<\/a>. Isso impede novas ades\u00f5es e a continuidade de demiss\u00f5es j\u00e1 em andamento. <\/p>\n<p> Em comunicado ao mercado nesta segunda (4), a Eletrobras reconheceu a decis\u00e3o e disse que \u201cest\u00e1 adotando as medidas necess\u00e1rias \u00e0 defesa de seus interesses\u201d. <\/p>\n<p> Segundo a empresa, os 353 trabalhadores desligados em 31 de agosto est\u00e3o sendo comunicados para retornar \u00e0s suas atividades. Essas demiss\u00f5es n\u00e3o haviam sido homologadas e, por causa da decis\u00e3o do TST, ser\u00e3o revertidas temporariamente. <\/p>\n<p> O atual PDV \u00e9 o segundo da empresa <a class href=\"https:\/\/g1.globo.com\/economia\/noticia\/2022\/06\/14\/privatizacao-da-eletrobras-veja-perguntas-e-respostas.ghtml\">ap\u00f3s o processo de privatiza\u00e7\u00e3o<\/a>. O plano foi lan\u00e7ado em junho, e a Eletrobras projeta a demiss\u00e3o de at\u00e9 1.574 funcion\u00e1rios. At\u00e9 o \u00faltimo dia 1\u00ba, a companhia havia demitido 30% do previsto, com 440 desligamentos. <\/p>\n<p>\u201cA decis\u00e3o de desligamento se deu ap\u00f3s avalia\u00e7\u00e3o da criticidade das fun\u00e7\u00f5es desempenhadas pelos trabalhadores desligados e em plena observ\u00e2ncia da seguran\u00e7a das opera\u00e7\u00f5es da Companhia, sem comprometimento \u00e0 presta\u00e7\u00e3o adequada do servi\u00e7o p\u00fablico de transmiss\u00e3o e gera\u00e7\u00e3o outorgado \u00e0s empresas Eletrobras\u201d, disse a empresa na \u00faltima sexta-feira (1\u00ba).<\/p>\n<p> A Eletrobras afirmou ainda que suspenderia, at\u00e9 dezembro de 2023, as demiss\u00f5es de funcion\u00e1rios que operassem usinas ou subesta\u00e7\u00f5es de transmiss\u00e3o de energia el\u00e9trica. <\/p>\n<p> O comunicado veio depois de of\u00edcio do ministro de Minas e Energia, Alexandre Silveira, pedindo a suspens\u00e3o do PDV at\u00e9 que o minist\u00e9rio avaliasse os planos de a\u00e7\u00e3o da empresa para a presta\u00e7\u00e3o dos servi\u00e7os de gera\u00e7\u00e3o e transmiss\u00e3o de energia nos pr\u00f3ximos anos, considerando as demiss\u00f5es. <\/p>\n<p> \u201cSobre o tema, \u00e9 relevante citar a perturba\u00e7\u00e3o ocorrida no Sistema Interligado Nacional \u2013 SIN no dia 15 de agosto de 2023, que retirou aproximadamente 1\/3 da demanda de energia el\u00e9trica que estava sendo suprida no momento\u201d, escreveu Silveira, referindo-se ao apag\u00e3o do dia 15. <\/p>\n<p> O <a class href=\"https:\/\/g1.globo.com\/economia\/noticia\/2023\/08\/16\/desligamento-em-linha-de-transmissao-no-ceara-iniciou-apagao-diz-analise-preliminar-do-ons.ghtml\">blecaute teve origem na linha de transmiss\u00e3o Quixad\u00e1-Fortaleza II<\/a>, da Companhia Hidroel\u00e9trica do S\u00e3o Francisco (Chesf), subsidi\u00e1ria da Eletrobras. <\/p>\n<ul>\n<li> <a href=\"https:\/\/g1.globo.com\/tudo-sobre\/eletrobras\/\" class=\"entities__list-itemLink\" data-track-click=\"Eletrobras\"> Eletrobras <\/a> <\/li>\n<li> <a href=\"https:\/\/g1.globo.com\/tudo-sobre\/tst\/\" class=\"entities__list-itemLink\" data-track-click=\"Tribunal Superior do Trabalho\"> Tribunal Superior do Trabalho <\/a> <\/li>\n<\/ul>\n","protected":false},"excerpt":{"rendered":"<p>A Eletrobras informou nesta segunda-feira (4) que suspendeu 353 demiss\u00f5es depois de o Tribunal Superior do Trabalho (TST) determinar a interrup\u00e7\u00e3o do Plano de Demiss\u00e3o Volunt\u00e1ria (PDV) da empresa. Na \u00faltima sexta-feira (1\u00ba), o ministro Alexandre Agra Belmonte, do TST, decidiu pela suspens\u00e3o, por 15 dias, dos prazos do PDV e de todas as demiss\u00f5es [&hellip;]<\/p>\n","protected":false},"author":1,"featured_media":0,"comment_status":"closed","ping_status":"closed","sticky":false,"template":"","format":"standard","meta":{"footnotes":""},"categories":[],"tags":[],"class_list":["post-52287","post","type-post","status-publish","format-standard","hentry"],"_links":{"self":[{"href":"https:\/\/blog.corretoraideal.com.br\/index.php\/wp-json\/wp\/v2\/posts\/52287","targetHints":{"allow":["GET"]}}],"collection":[{"href":"https:\/\/blog.corretoraideal.com.br\/index.php\/wp-json\/wp\/v2\/posts"}],"about":[{"href":"https:\/\/blog.corretoraideal.com.br\/index.php\/wp-json\/wp\/v2\/types\/post"}],"author":[{"embeddable":true,"href":"https:\/\/blog.corretoraideal.com.br\/index.php\/wp-json\/wp\/v2\/users\/1"}],"replies":[{"embeddable":true,"href":"https:\/\/blog.corretoraideal.com.br\/index.php\/wp-json\/wp\/v2\/comments?post=52287"}],"version-history":[{"count":1,"href":"https:\/\/blog.corretoraideal.com.br\/index.php\/wp-json\/wp\/v2\/posts\/52287\/revisions"}],"predecessor-version":[{"id":52289,"href":"https:\/\/blog.corretoraideal.com.br\/index.php\/wp-json\/wp\/v2\/posts\/52287\/revisions\/52289"}],"wp:attachment":[{"href":"https:\/\/blog.corretoraideal.com.br\/index.php\/wp-json\/wp\/v2\/media?parent=52287"}],"wp:term":[{"taxonomy":"category","embeddable":true,"href":"https:\/\/blog.corretoraideal.com.br\/index.php\/wp-json\/wp\/v2\/categories?post=52287"},{"taxonomy":"post_tag","embeddable":true,"href":"https:\/\/blog.corretoraideal.com.br\/index.php\/wp-json\/wp\/v2\/tags?post=52287"}],"curies":[{"name":"wp","href":"https:\/\/api.w.org\/{rel}","templated":true}]}}