{"id":52312,"date":"2023-09-04T23:30:16","date_gmt":"2023-09-04T23:30:16","guid":{"rendered":"https:\/\/blog.corretoraideal.com.br\/?p=52312"},"modified":"2023-09-04T23:30:16","modified_gmt":"2023-09-04T23:30:16","slug":"fundacao-em-campos-oferece-servico-de-convivencia-e-fortalecimento-de-vinculos-no-contraturno-escolar-norte-fluminense-g1","status":"publish","type":"post","link":"https:\/\/blog.corretoraideal.com.br\/index.php\/2023\/09\/04\/fundacao-em-campos-oferece-servico-de-convivencia-e-fortalecimento-de-vinculos-no-contraturno-escolar-norte-fluminense-g1\/","title":{"rendered":"Funda\u00e7\u00e3o em Campos oferece Servi\u00e7o de Conviv\u00eancia e Fortalecimento de V\u00ednculos no contraturno escolar | Norte Fluminense | G1"},"content":{"rendered":"<p>      1 de 1&#013;Funda\u00e7\u00e3o da Inf\u00e2ncia e Juventude de Campos oferece atendimento \u00e0s crian\u00e7as no contraturno escolar \u2014 Foto: C\u00e9sar Ferreira\/Prefeitura de Campos    <\/p>\n<p> Funda\u00e7\u00e3o da Inf\u00e2ncia e Juventude de Campos oferece atendimento \u00e0s crian\u00e7as no contraturno escolar \u2014 Foto: C\u00e9sar Ferreira\/Prefeitura de Campos <\/p>\n<p> A Funda\u00e7\u00e3o Municipal da Inf\u00e2ncia e Juventude (FMIJ) em <a class href=\"https:\/\/g1.globo.com\/rj\/norte-fluminense\/cidade\/campos-dos-goytacazes\/\">Campos dos Goytacazes<\/a>, no Norte Fluminense, conta com o Servi\u00e7o de Conviv\u00eancia e Fortalecimento de V\u00ednculos (SCFV), que atende crian\u00e7as no contraturno escolar. <\/p>\n<p> O trabalho tira crian\u00e7as da ociosidade e possui car\u00e1ter preventivo, protetivo e proativo, frente a situa\u00e7\u00f5es de vulnerabilidades, riscos sociais e relacionais, que possam resultar em rompimento de v\u00ednculos familiares e comunit\u00e1rios. <\/p>\n<p> O fortalecimento dos v\u00ednculos familiares \u00e9 o principal objetivo da iniciativa, que oferece diversas atividades, como m\u00fasica, recrea\u00e7\u00e3o, artesanato e dramatiza\u00e7\u00e3o. O atendimento ocorre em dois turnos: manh\u00e3 e tarde. <\/p>\n<p> Atualmente, o SCFV possui 71 crian\u00e7as matriculadas, na faixa et\u00e1ria de 06 a 12 anos. O servi\u00e7o \u00e9 oferecido na Sede da Funda\u00e7\u00e3o da Inf\u00e2ncia e Juventude, localizada na Avenida Rui Barbosa, 553, na Lapa, em Campos. <\/p>\n<p> \u201c\u00c9 um trabalho important\u00edssimo, porque quando os assistidos est\u00e3o na Funda\u00e7\u00e3o, durante o per\u00edodo de contraturno, evita que fiquem nas ruas ou sozinhos em casa, favorecendo o desenvolvimento de atividades culturais, esportivas e tamb\u00e9m de lazer. Al\u00e9m disso, atuamos com o fortalecendo do respeito, da solidariedade e dos v\u00ednculos familiares, contribuindo para o acesso \u00e0s informa\u00e7\u00f5es sobre direitos e participa\u00e7\u00e3o cidad\u00e3. N\u00f3s damos esse suporte \u00e0 fam\u00edlia, dando base para que cres\u00e7a como um cidad\u00e3o em sua totalidade\u201d, destacou Carla Luiza Brito, diretora de Programa e Servi\u00e7o da FMIJ. <\/p>\n<ul>\n<li> <a href=\"https:\/\/g1.globo.com\/rj\/norte-fluminense\/cidade\/campos-dos-goytacazes\/\" class=\"entities__list-itemLink\" data-track-click=\"Campos dos Goytacazes\"> Campos dos Goytacazes <\/a> <\/li>\n<\/ul>\n","protected":false},"excerpt":{"rendered":"<p>1 de 1&#013;Funda\u00e7\u00e3o da Inf\u00e2ncia e Juventude de Campos oferece atendimento \u00e0s crian\u00e7as no contraturno escolar \u2014 Foto: C\u00e9sar Ferreira\/Prefeitura de Campos Funda\u00e7\u00e3o da Inf\u00e2ncia e Juventude de Campos oferece atendimento \u00e0s crian\u00e7as no contraturno escolar \u2014 Foto: C\u00e9sar Ferreira\/Prefeitura de Campos A Funda\u00e7\u00e3o Municipal da Inf\u00e2ncia e Juventude (FMIJ) em Campos dos Goytacazes, no [&hellip;]<\/p>\n","protected":false},"author":1,"featured_media":0,"comment_status":"closed","ping_status":"closed","sticky":false,"template":"","format":"standard","meta":{"footnotes":""},"categories":[],"tags":[],"class_list":["post-52312","post","type-post","status-publish","format-standard","hentry"],"_links":{"self":[{"href":"https:\/\/blog.corretoraideal.com.br\/index.php\/wp-json\/wp\/v2\/posts\/52312","targetHints":{"allow":["GET"]}}],"collection":[{"href":"https:\/\/blog.corretoraideal.com.br\/index.php\/wp-json\/wp\/v2\/posts"}],"about":[{"href":"https:\/\/blog.corretoraideal.com.br\/index.php\/wp-json\/wp\/v2\/types\/post"}],"author":[{"embeddable":true,"href":"https:\/\/blog.corretoraideal.com.br\/index.php\/wp-json\/wp\/v2\/users\/1"}],"replies":[{"embeddable":true,"href":"https:\/\/blog.corretoraideal.com.br\/index.php\/wp-json\/wp\/v2\/comments?post=52312"}],"version-history":[{"count":1,"href":"https:\/\/blog.corretoraideal.com.br\/index.php\/wp-json\/wp\/v2\/posts\/52312\/revisions"}],"predecessor-version":[{"id":52314,"href":"https:\/\/blog.corretoraideal.com.br\/index.php\/wp-json\/wp\/v2\/posts\/52312\/revisions\/52314"}],"wp:attachment":[{"href":"https:\/\/blog.corretoraideal.com.br\/index.php\/wp-json\/wp\/v2\/media?parent=52312"}],"wp:term":[{"taxonomy":"category","embeddable":true,"href":"https:\/\/blog.corretoraideal.com.br\/index.php\/wp-json\/wp\/v2\/categories?post=52312"},{"taxonomy":"post_tag","embeddable":true,"href":"https:\/\/blog.corretoraideal.com.br\/index.php\/wp-json\/wp\/v2\/tags?post=52312"}],"curies":[{"name":"wp","href":"https:\/\/api.w.org\/{rel}","templated":true}]}}